{"id":26445,"date":"2022-04-12T22:51:49","date_gmt":"2022-04-12T20:51:49","guid":{"rendered":"https:\/\/agora.xtec.cat\/escolacanfabra\/?p=26445"},"modified":"2022-04-12T22:51:49","modified_gmt":"2022-04-12T20:51:49","slug":"5ea-una-mica-de-repas-del-2n-trimestre","status":"publish","type":"post","link":"https:\/\/agora.xtec.cat\/escolacanfabra\/general\/5ea-una-mica-de-repas-del-2n-trimestre\/","title":{"rendered":"5\u00e8A: una mica de rep\u00e0s del 2n trimestre"},"content":{"rendered":"<p>Hola fam\u00edlies,<\/p>\n<p>Durant el segon trimestre hem fet algunes activitats molt interessants i divertides. Entre elles, volem destacar dues:<\/p>\n<ul style=\"list-style-type: square;\">\n<li><span style=\"font-weight: 400;\">El dia 31 de gener, totes les classes vam celebrar el Dia de la Pau i la No Viol\u00e8ncia (el 30 de gener era diumenge). <\/span><span style=\"font-weight: 400;\">Cada classe havia de decorar una o dues lletres relacionades amb la pau; per exemple: una classe va fer una lletra que era meitat amb bombes i l&#8217;altre meitat amb colors. Una estona despr\u00e9s, algunes clases van baixar i d\u2019altres van mirar per la finestra com juntaven les lletres i sortia un missatge: <em>&#8220;LA PAU COMEN\u00c7A AMB AMOR I RESPECTE&#8221;<\/em>.<\/span><\/li>\n<li><span style=\"font-weight: 400;\">L&#8217;1 de febrer vam anar al Parc Tecnol\u00f2gic de Nou Barris. <\/span><span style=\"font-weight: 400;\">All\u00e0 ens van ensenyar com es poden crear m\u00e0quines, com feien objectes amb resina, com funcionen les impresoras 3D, etc\u2026<\/span>Ens van dir que no valia diners utilitzar les m\u00e0quines que tenien, per\u00f2 que les creacions que fessin all\u00e0 no es podien vendre i que hav\u00edem d&#8217;utilitzar els nostres materials.<\/li>\n<\/ul>\n<p>Si voleu veure les imatges de les activitats, cliqueu <a href=\"https:\/\/agora.xtec.cat\/escolacanfabra\/album-fotos-2011a\/\">AQU\u00cd<\/a><\/p>\n<p><strong>Mar i Laia (alumnes 5\u00e8A)<\/strong><\/p>\n","protected":false},"excerpt":{"rendered":"<p>Hola fam\u00edlies, Durant el segon trimestre hem fet algunes activitats molt interessants i divertides. Entre elles, volem destacar dues: El dia 31 de gener, totes les classes vam celebrar el Dia de la Pau i la No Viol\u00e8ncia (el 30 de gener era diumenge). Cada classe havia de decorar una o dues lletres relacionades amb [&hellip;]<\/p>\n","protected":false},"author":3,"featured_media":26447,"comment_status":"open","ping_status":"closed","sticky":false,"template":"","format":"standard","meta":{"_bbp_topic_count":0,"_bbp_reply_count":0,"_bbp_total_topic_count":0,"_bbp_total_reply_count":0,"_bbp_voice_count":0,"_bbp_anonymous_reply_count":0,"_bbp_topic_count_hidden":0,"_bbp_reply_count_hidden":0,"_bbp_forum_subforum_count":0,"site-sidebar-layout":"default","site-content-layout":"","ast-site-content-layout":"","site-content-style":"default","site-sidebar-style":"default","ast-global-header-display":"","ast-banner-title-visibility":"","ast-main-header-display":"","ast-hfb-above-header-display":"","ast-hfb-below-header-display":"","ast-hfb-mobile-header-display":"","site-post-title":"","ast-breadcrumbs-content":"","ast-featured-img":"","footer-sml-layout":"","theme-transparent-header-meta":"","adv-header-id-meta":"","stick-header-meta":"","header-above-stick-meta":"","header-main-stick-meta":"","header-below-stick-meta":"","astra-migrate-meta-layouts":"default","ast-page-background-enabled":"default","ast-page-background-meta":{"desktop":{"background-color":"var(--ast-global-color-5)","background-image":"","background-repeat":"repeat","background-position":"center center","background-size":"auto","background-attachment":"scroll","background-type":"","background-media":"","overlay-type":"","overlay-color":"","overlay-opacity":"","overlay-gradient":""},"tablet":{"background-color":"","background-image":"","background-repeat":"repeat","background-position":"center center","background-size":"auto","background-attachment":"scroll","background-type":"","background-media":"","overlay-type":"","overlay-color":"","overlay-opacity":"","overlay-gradient":""},"mobile":{"background-color":"","background-image":"","background-repeat":"repeat","background-position":"center center","background-size":"auto","background-attachment":"scroll","background-type":"","background-media":"","overlay-type":"","overlay-color":"","overlay-opacity":"","overlay-gradient":""}},"ast-content-background-meta":{"desktop":{"background-color":"var(--ast-global-color-4)","background-image":"","background-repeat":"repeat","background-position":"center center","background-size":"auto","background-attachment":"scroll","background-type":"","background-media":"","overlay-type":"","overlay-color":"","overlay-opacity":"","overlay-gradient":""},"tablet":{"background-color":"var(--ast-global-color-4)","background-image":"","background-repeat":"repeat","background-position":"center center","background-size":"auto","background-attachment":"scroll","background-type":"","background-media":"","overlay-type":"","overlay-color":"","overlay-opacity":"","overlay-gradient":""},"mobile":{"background-color":"var(--ast-global-color-4)","background-image":"","background-repeat":"repeat","background-position":"center center","background-size":"auto","background-attachment":"scroll","background-type":"","background-media":"","overlay-type":"","overlay-color":"","overlay-opacity":"","overlay-gradient":""}},"footnotes":""},"categories":[1,61,4,263],"tags":[],"class_list":["post-26445","post","type-post","status-publish","format-standard","has-post-thumbnail","hentry","category-general","category-nascuts-2011","category-portada","category-primaria"],"post_mailing_queue_ids":[],"_links":{"self":[{"href":"https:\/\/agora.xtec.cat\/escolacanfabra\/wp-json\/wp\/v2\/posts\/26445","targetHints":{"allow":["GET"]}}],"collection":[{"href":"https:\/\/agora.xtec.cat\/escolacanfabra\/wp-json\/wp\/v2\/posts"}],"about":[{"href":"https:\/\/agora.xtec.cat\/escolacanfabra\/wp-json\/wp\/v2\/types\/post"}],"author":[{"embeddable":true,"href":"https:\/\/agora.xtec.cat\/escolacanfabra\/wp-json\/wp\/v2\/users\/3"}],"replies":[{"embeddable":true,"href":"https:\/\/agora.xtec.cat\/escolacanfabra\/wp-json\/wp\/v2\/comments?post=26445"}],"version-history":[{"count":1,"href":"https:\/\/agora.xtec.cat\/escolacanfabra\/wp-json\/wp\/v2\/posts\/26445\/revisions"}],"predecessor-version":[{"id":26448,"href":"https:\/\/agora.xtec.cat\/escolacanfabra\/wp-json\/wp\/v2\/posts\/26445\/revisions\/26448"}],"wp:featuredmedia":[{"embeddable":true,"href":"https:\/\/agora.xtec.cat\/escolacanfabra\/wp-json\/wp\/v2\/media\/26447"}],"wp:attachment":[{"href":"https:\/\/agora.xtec.cat\/escolacanfabra\/wp-json\/wp\/v2\/media?parent=26445"}],"wp:term":[{"taxonomy":"category","embeddable":true,"href":"https:\/\/agora.xtec.cat\/escolacanfabra\/wp-json\/wp\/v2\/categories?post=26445"},{"taxonomy":"post_tag","embeddable":true,"href":"https:\/\/agora.xtec.cat\/escolacanfabra\/wp-json\/wp\/v2\/tags?post=26445"}],"curies":[{"name":"wp","href":"https:\/\/api.w.org\/{rel}","templated":true}]}}