{"id":26427,"date":"2022-04-08T19:34:42","date_gmt":"2022-04-08T17:34:42","guid":{"rendered":"https:\/\/agora.xtec.cat\/escolacanfabra\/?p=26427"},"modified":"2022-04-08T19:34:42","modified_gmt":"2022-04-08T17:34:42","slug":"6eb-taller-de-video-el-documental","status":"publish","type":"post","link":"https:\/\/agora.xtec.cat\/escolacanfabra\/general\/6eb-taller-de-video-el-documental\/","title":{"rendered":"6\u00e8B: Taller de video: El Documental"},"content":{"rendered":"<p>Per fi, despr\u00e9s de molts imprevistos, l&#8217;alumnat de 6\u00e8B ha pogut acabar d&#8217;editar els documentals que va comen\u00e7ar a treballar durant el taller, realitzat\u00a0 en castell\u00e0, el primer trimestre .<\/p>\n<p>A les primeres sessions del taller van investigar qu\u00e8 era un documental, en van visionar uns quants i, en grups, van triar tem\u00e0tiques per elaborar els seus propis documentals. Van gaudir de la xerrada d&#8217;un pare de la classe, l&#8217;Uri Garc\u00eda, realitzador de documentals, per tenir m\u00e9s informaci\u00f3 per poder realitzar-ne un de propi.<\/p>\n<p>Les tem\u00e0tiques triades van ser: Parques del barrio, Comercios antiguos, Plaza del Comer\u00e7, Biblioteca Ignasi Igl\u00e9sias-Can Fabra, Mercado, Guardia Urbana y Westfield-La Maquinista.<\/p>\n<p>Seguidament van omplir una graella sobre la tem\u00e0tica triada, van fer una cerca guiada per obtenir m\u00e9s informaci\u00f3 al voltant del tema, van fer l&#8217;storyboard de la gravaci\u00f3 del documental i en van elaborar un gui\u00f3 amb la introducci\u00f3 i les preguntes que volien fer a les persones que entrevistarien.<\/p>\n<p>A partir d&#8217;aleshores es van fer les gravacions dels moments del documental i l&#8217;\u00faltima part del taller, la m\u00e9s accidentada, ha estat dedicada a l&#8217;edici\u00f3 del video del documental.<\/p>\n<p><strong>Hem de demanar-vos disculpes perqu\u00e8 hi ha alguns errors ortogr\u00e0fics i de repetici\u00f3 d&#8217;algunes imatges que no hem pogut resoldre.<\/strong> Aix\u00ed que us demanem que valoreu la nostra feinada i &#8220;passeu de llarg&#8221; els possibles errors que hi pugueu trobar.<\/p>\n<p>Aqu\u00ed teniu els <a href=\"https:\/\/agora.xtec.cat\/escolacanfabra\/album-fotos-2010b\/\">documentals <\/a>de 6\u00e8B!<\/p>\n","protected":false},"excerpt":{"rendered":"<p>Per fi, despr\u00e9s de molts imprevistos, l&#8217;alumnat de 6\u00e8B ha pogut acabar d&#8217;editar els documentals que va comen\u00e7ar a treballar durant el taller, realitzat\u00a0 en castell\u00e0, el primer trimestre . A les primeres sessions del taller van investigar qu\u00e8 era un documental, en van visionar uns quants i, en grups, van triar tem\u00e0tiques per elaborar [&hellip;]<\/p>\n","protected":false},"author":3,"featured_media":26429,"comment_status":"open","ping_status":"closed","sticky":false,"template":"","format":"standard","meta":{"_bbp_topic_count":0,"_bbp_reply_count":0,"_bbp_total_topic_count":0,"_bbp_total_reply_count":0,"_bbp_voice_count":0,"_bbp_anonymous_reply_count":0,"_bbp_topic_count_hidden":0,"_bbp_reply_count_hidden":0,"_bbp_forum_subforum_count":0,"site-sidebar-layout":"default","site-content-layout":"","ast-site-content-layout":"","site-content-style":"default","site-sidebar-style":"default","ast-global-header-display":"","ast-banner-title-visibility":"","ast-main-header-display":"","ast-hfb-above-header-display":"","ast-hfb-below-header-display":"","ast-hfb-mobile-header-display":"","site-post-title":"","ast-breadcrumbs-content":"","ast-featured-img":"","footer-sml-layout":"","theme-transparent-header-meta":"","adv-header-id-meta":"","stick-header-meta":"","header-above-stick-meta":"","header-main-stick-meta":"","header-below-stick-meta":"","astra-migrate-meta-layouts":"default","ast-page-background-enabled":"default","ast-page-background-meta":{"desktop":{"background-color":"var(--ast-global-color-5)","background-image":"","background-repeat":"repeat","background-position":"center center","background-size":"auto","background-attachment":"scroll","background-type":"","background-media":"","overlay-type":"","overlay-color":"","overlay-opacity":"","overlay-gradient":""},"tablet":{"background-color":"","background-image":"","background-repeat":"repeat","background-position":"center center","background-size":"auto","background-attachment":"scroll","background-type":"","background-media":"","overlay-type":"","overlay-color":"","overlay-opacity":"","overlay-gradient":""},"mobile":{"background-color":"","background-image":"","background-repeat":"repeat","background-position":"center center","background-size":"auto","background-attachment":"scroll","background-type":"","background-media":"","overlay-type":"","overlay-color":"","overlay-opacity":"","overlay-gradient":""}},"ast-content-background-meta":{"desktop":{"background-color":"var(--ast-global-color-4)","background-image":"","background-repeat":"repeat","background-position":"center center","background-size":"auto","background-attachment":"scroll","background-type":"","background-media":"","overlay-type":"","overlay-color":"","overlay-opacity":"","overlay-gradient":""},"tablet":{"background-color":"var(--ast-global-color-4)","background-image":"","background-repeat":"repeat","background-position":"center center","background-size":"auto","background-attachment":"scroll","background-type":"","background-media":"","overlay-type":"","overlay-color":"","overlay-opacity":"","overlay-gradient":""},"mobile":{"background-color":"var(--ast-global-color-4)","background-image":"","background-repeat":"repeat","background-position":"center center","background-size":"auto","background-attachment":"scroll","background-type":"","background-media":"","overlay-type":"","overlay-color":"","overlay-opacity":"","overlay-gradient":""}},"footnotes":""},"categories":[1,62,4],"tags":[],"class_list":["post-26427","post","type-post","status-publish","format-standard","has-post-thumbnail","hentry","category-general","category-nascuts-2010","category-portada"],"post_mailing_queue_ids":[],"_links":{"self":[{"href":"https:\/\/agora.xtec.cat\/escolacanfabra\/wp-json\/wp\/v2\/posts\/26427","targetHints":{"allow":["GET"]}}],"collection":[{"href":"https:\/\/agora.xtec.cat\/escolacanfabra\/wp-json\/wp\/v2\/posts"}],"about":[{"href":"https:\/\/agora.xtec.cat\/escolacanfabra\/wp-json\/wp\/v2\/types\/post"}],"author":[{"embeddable":true,"href":"https:\/\/agora.xtec.cat\/escolacanfabra\/wp-json\/wp\/v2\/users\/3"}],"replies":[{"embeddable":true,"href":"https:\/\/agora.xtec.cat\/escolacanfabra\/wp-json\/wp\/v2\/comments?post=26427"}],"version-history":[{"count":1,"href":"https:\/\/agora.xtec.cat\/escolacanfabra\/wp-json\/wp\/v2\/posts\/26427\/revisions"}],"predecessor-version":[{"id":26430,"href":"https:\/\/agora.xtec.cat\/escolacanfabra\/wp-json\/wp\/v2\/posts\/26427\/revisions\/26430"}],"wp:featuredmedia":[{"embeddable":true,"href":"https:\/\/agora.xtec.cat\/escolacanfabra\/wp-json\/wp\/v2\/media\/26429"}],"wp:attachment":[{"href":"https:\/\/agora.xtec.cat\/escolacanfabra\/wp-json\/wp\/v2\/media?parent=26427"}],"wp:term":[{"taxonomy":"category","embeddable":true,"href":"https:\/\/agora.xtec.cat\/escolacanfabra\/wp-json\/wp\/v2\/categories?post=26427"},{"taxonomy":"post_tag","embeddable":true,"href":"https:\/\/agora.xtec.cat\/escolacanfabra\/wp-json\/wp\/v2\/tags?post=26427"}],"curies":[{"name":"wp","href":"https:\/\/api.w.org\/{rel}","templated":true}]}}