{"id":26354,"date":"2022-04-06T16:16:53","date_gmt":"2022-04-06T14:16:53","guid":{"rendered":"https:\/\/agora.xtec.cat\/escolacanfabra\/?p=26354"},"modified":"2022-04-06T16:17:54","modified_gmt":"2022-04-06T14:17:54","slug":"2n-dansa-ara","status":"publish","type":"post","link":"https:\/\/agora.xtec.cat\/escolacanfabra\/general\/2n-dansa-ara\/","title":{"rendered":"2n- DANSA ARA"},"content":{"rendered":"<p><img loading=\"lazy\" decoding=\"async\" class=\"wp-image-26355 aligncenter\" src=\"https:\/\/agora.xtec.cat\/escolacanfabra\/wp-content\/uploads\/usu1954\/2022\/04\/IMG_20220405_112057-min-scaled.jpg\" alt=\"\" width=\"504\" height=\"378\" srcset=\"https:\/\/agora.xtec.cat\/escolacanfabra\/wp-content\/uploads\/usu1954\/2022\/04\/IMG_20220405_112057-min-scaled.jpg 2560w, https:\/\/agora.xtec.cat\/escolacanfabra\/wp-content\/uploads\/usu1954\/2022\/04\/IMG_20220405_112057-min-300x225.jpg 300w, https:\/\/agora.xtec.cat\/escolacanfabra\/wp-content\/uploads\/usu1954\/2022\/04\/IMG_20220405_112057-min-1024x768.jpg 1024w, https:\/\/agora.xtec.cat\/escolacanfabra\/wp-content\/uploads\/usu1954\/2022\/04\/IMG_20220405_112057-min-768x576.jpg 768w, https:\/\/agora.xtec.cat\/escolacanfabra\/wp-content\/uploads\/usu1954\/2022\/04\/IMG_20220405_112057-min-1536x1152.jpg 1536w, https:\/\/agora.xtec.cat\/escolacanfabra\/wp-content\/uploads\/usu1954\/2022\/04\/IMG_20220405_112057-min-2048x1536.jpg 2048w, https:\/\/agora.xtec.cat\/escolacanfabra\/wp-content\/uploads\/usu1954\/2022\/04\/IMG_20220405_112057-min-200x150.jpg 200w\" sizes=\"auto, (max-width: 504px) 100vw, 504px\" \/><\/p>\n<p>El dimarts 5 d&#8217;abril vam gaudir de la jornada del Dansa Ara amb molts centres educatius de la ciutat de Barcelona. Aquesta activitat s&#8217;ha coordinat des de les \u00e0rees de M\u00fasica i Educaci\u00f3 F\u00edsica on hem treballat de valent i gaudit fent les danses. Finalment, hem anat a l&#8217;Estadi Ol\u00edmpic Llu\u00eds Companys i hem fet l&#8217;espectacle totes les escoles i les fam\u00edlies.<\/p>\n<p><!--more--><\/p>\n<p><a href=\"https:\/\/agora.xtec.cat\/escolacanfabra\/album-fotos-2014a\/\" target=\"_blank\" rel=\"noopener\">Classe dels llops<\/a><\/p>\n<p><a href=\"https:\/\/agora.xtec.cat\/escolacanfabra\/album-fotos-2014b\/\" target=\"_blank\" rel=\"noopener\">Classe dels suricates<\/a><\/p>\n","protected":false},"excerpt":{"rendered":"<p>El dimarts 5 d&#8217;abril vam gaudir de la jornada del Dansa Ara amb molts centres educatius de la ciutat de Barcelona. Aquesta activitat s&#8217;ha coordinat des de les \u00e0rees de M\u00fasica i Educaci\u00f3 F\u00edsica on hem treballat de valent i gaudit fent les danses. Finalment, hem anat a l&#8217;Estadi Ol\u00edmpic Llu\u00eds Companys i hem fet [&hellip;]<\/p>\n","protected":false},"author":1,"featured_media":0,"comment_status":"open","ping_status":"closed","sticky":false,"template":"","format":"standard","meta":{"_bbp_topic_count":0,"_bbp_reply_count":0,"_bbp_total_topic_count":0,"_bbp_total_reply_count":0,"_bbp_voice_count":0,"_bbp_anonymous_reply_count":0,"_bbp_topic_count_hidden":0,"_bbp_reply_count_hidden":0,"_bbp_forum_subforum_count":0,"site-sidebar-layout":"default","site-content-layout":"","ast-site-content-layout":"","site-content-style":"default","site-sidebar-style":"default","ast-global-header-display":"","ast-banner-title-visibility":"","ast-main-header-display":"","ast-hfb-above-header-display":"","ast-hfb-below-header-display":"","ast-hfb-mobile-header-display":"","site-post-title":"","ast-breadcrumbs-content":"","ast-featured-img":"","footer-sml-layout":"","theme-transparent-header-meta":"","adv-header-id-meta":"","stick-header-meta":"","header-above-stick-meta":"","header-main-stick-meta":"","header-below-stick-meta":"","astra-migrate-meta-layouts":"default","ast-page-background-enabled":"default","ast-page-background-meta":{"desktop":{"background-color":"var(--ast-global-color-5)","background-image":"","background-repeat":"repeat","background-position":"center center","background-size":"auto","background-attachment":"scroll","background-type":"","background-media":"","overlay-type":"","overlay-color":"","overlay-opacity":"","overlay-gradient":""},"tablet":{"background-color":"","background-image":"","background-repeat":"repeat","background-position":"center center","background-size":"auto","background-attachment":"scroll","background-type":"","background-media":"","overlay-type":"","overlay-color":"","overlay-opacity":"","overlay-gradient":""},"mobile":{"background-color":"","background-image":"","background-repeat":"repeat","background-position":"center center","background-size":"auto","background-attachment":"scroll","background-type":"","background-media":"","overlay-type":"","overlay-color":"","overlay-opacity":"","overlay-gradient":""}},"ast-content-background-meta":{"desktop":{"background-color":"var(--ast-global-color-4)","background-image":"","background-repeat":"repeat","background-position":"center center","background-size":"auto","background-attachment":"scroll","background-type":"","background-media":"","overlay-type":"","overlay-color":"","overlay-opacity":"","overlay-gradient":""},"tablet":{"background-color":"var(--ast-global-color-4)","background-image":"","background-repeat":"repeat","background-position":"center center","background-size":"auto","background-attachment":"scroll","background-type":"","background-media":"","overlay-type":"","overlay-color":"","overlay-opacity":"","overlay-gradient":""},"mobile":{"background-color":"var(--ast-global-color-4)","background-image":"","background-repeat":"repeat","background-position":"center center","background-size":"auto","background-attachment":"scroll","background-type":"","background-media":"","overlay-type":"","overlay-color":"","overlay-opacity":"","overlay-gradient":""}},"footnotes":""},"categories":[1,4,263],"tags":[],"class_list":["post-26354","post","type-post","status-publish","format-standard","hentry","category-general","category-portada","category-primaria"],"post_mailing_queue_ids":[],"_links":{"self":[{"href":"https:\/\/agora.xtec.cat\/escolacanfabra\/wp-json\/wp\/v2\/posts\/26354","targetHints":{"allow":["GET"]}}],"collection":[{"href":"https:\/\/agora.xtec.cat\/escolacanfabra\/wp-json\/wp\/v2\/posts"}],"about":[{"href":"https:\/\/agora.xtec.cat\/escolacanfabra\/wp-json\/wp\/v2\/types\/post"}],"author":[{"embeddable":true,"href":"https:\/\/agora.xtec.cat\/escolacanfabra\/wp-json\/wp\/v2\/users\/1"}],"replies":[{"embeddable":true,"href":"https:\/\/agora.xtec.cat\/escolacanfabra\/wp-json\/wp\/v2\/comments?post=26354"}],"version-history":[{"count":1,"href":"https:\/\/agora.xtec.cat\/escolacanfabra\/wp-json\/wp\/v2\/posts\/26354\/revisions"}],"predecessor-version":[{"id":26356,"href":"https:\/\/agora.xtec.cat\/escolacanfabra\/wp-json\/wp\/v2\/posts\/26354\/revisions\/26356"}],"wp:attachment":[{"href":"https:\/\/agora.xtec.cat\/escolacanfabra\/wp-json\/wp\/v2\/media?parent=26354"}],"wp:term":[{"taxonomy":"category","embeddable":true,"href":"https:\/\/agora.xtec.cat\/escolacanfabra\/wp-json\/wp\/v2\/categories?post=26354"},{"taxonomy":"post_tag","embeddable":true,"href":"https:\/\/agora.xtec.cat\/escolacanfabra\/wp-json\/wp\/v2\/tags?post=26354"}],"curies":[{"name":"wp","href":"https:\/\/api.w.org\/{rel}","templated":true}]}}