{"id":26246,"date":"2022-03-28T09:45:20","date_gmt":"2022-03-28T07:45:20","guid":{"rendered":"https:\/\/agora.xtec.cat\/escolacanfabra\/?p=26246"},"modified":"2022-03-28T09:45:20","modified_gmt":"2022-03-28T07:45:20","slug":"1ra-2nb-taller-de-lhort","status":"publish","type":"post","link":"https:\/\/agora.xtec.cat\/escolacanfabra\/general\/1ra-2nb-taller-de-lhort\/","title":{"rendered":"1rA-2nB Taller de l&#8217;hort"},"content":{"rendered":"<p>Durant tot aquest trimestre, la canalla de\u00a0<span class=\"hiddenGrammarError\">1rA<\/span>\u00a0i\u00a0<span class=\"hiddenSpellError\">2nB<\/span>\u00a0han estat realitzant el taller de l&#8217;hort. Durant totes les sessions, els nens i les nenes s&#8217;han encarregat del seu manteniment, regant-lo, traient males herbes, preparant el terreny per a la posterior plantada de les verdures d&#8217;estiu, aix\u00f2 ser\u00e0 quan arribi el bon temps i tamb\u00e9 mantenint cuidades les diferents zones verdes del nostre pati. En aquestes sessions reforcem els valors de treballar en equip com la cooperaci\u00f3 i la\u00a0companyonia., a la vegada que tamb\u00e9 reforcem el respecte envers la natura.<\/p>\n<p>Hem apr\u00e8s algunes de les verdures que es poden plantar a l&#8217;hivern com les cols, els br\u00f2quils o les coliflors. Tamb\u00e9 hem apr\u00e8s que hi ha verdura que es pot plantar en qualsevol \u00e8poca de l&#8217;any, com les cebes i els enciams, totes aquestes i d&#8217;algunes altres ara mateix en tenim plantades al nostre hort.\u00a0Finalment, tamb\u00e9 hem apr\u00e8s quina verdura nom\u00e9s es pot plantar a l&#8217;estiu, perqu\u00e8 s\u00f3n plantes delicades i si les plant\u00e9ssim a l&#8217;hivern es\u00a0<span class=\"hiddenGreenError\" style=\"padding-bottom: 2px; background-image: url('..\/..\/..\/..\/..\/images\/squiggle_green.png'); background-repeat: repeat-x; background-position: left bottom; cursor: default; color: #000000; font-family: 'Open Sans', Helvetica, Arial, sans-serif; font-size: 16px; font-style: normal; font-variant-ligatures: normal; font-variant-caps: normal; font-weight: 300; letter-spacing: normal; orphans: 2; text-align: start; text-indent: 0px; text-transform: none; white-space: normal; widows: 2; word-spacing: 0px; -webkit-text-stroke-width: 0px; text-decoration-thickness: initial; text-decoration-style: initial; text-decoration-color: initial;\">moririen<\/span>\u00a0amb el fred, com s\u00f3n les tomaqueres, els\u00a0<span class=\"hiddenGreenError\">carbassons<\/span>\u00a0o les pebroteres.<\/p>\n<p>El coneixement de les eines i estris per a\u00a0<span class=\"hiddenGreenError\" style=\"padding-bottom: 2px; background-image: url('..\/..\/..\/..\/..\/images\/squiggle_green.png'); background-repeat: repeat-x; background-position: left bottom; cursor: default; color: #000000; font-family: 'Open Sans', Helvetica, Arial, sans-serif; font-size: 16px; font-style: normal; font-variant-ligatures: normal; font-variant-caps: normal; font-weight: 300; letter-spacing: normal; orphans: 2; text-align: start; text-indent: 0px; text-transform: none; white-space: normal; widows: 2; word-spacing: 0px; -webkit-text-stroke-width: 0px; text-decoration-thickness: initial; text-decoration-style: initial; text-decoration-color: initial;\">treballar<\/span>\u00a0l&#8217;hort tamb\u00e9 han desenvolupat un paper molt important per anar desenvolupant les diferents tasques del taller.<\/p>\n<p>Aqu\u00ed us deixem un recull de fotos dels diferents moments del\u00a0proc\u00e9s. Esperem que us agradin!<\/p>\n<p>Classe de La lava i classe dels Suricates<\/p>\n<p><a href=\"https:\/\/agora.xtec.cat\/escolacanfabra\/album-fotos-2015a\/\">Fotos 1r A<\/a><\/p>\n<p><a href=\"https:\/\/agora.xtec.cat\/escolacanfabra\/album-fotos-2014b\/\">Fotos 2n B<\/a><\/p>\n","protected":false},"excerpt":{"rendered":"<p>Durant tot aquest trimestre, la canalla de\u00a01rA\u00a0i\u00a02nB\u00a0han estat realitzant el taller de l&#8217;hort. Durant totes les sessions, els nens i les nenes s&#8217;han encarregat del seu manteniment, regant-lo, traient males herbes, preparant el terreny per a la posterior plantada de les verdures d&#8217;estiu, aix\u00f2 ser\u00e0 quan arribi el bon temps i tamb\u00e9 mantenint cuidades les [&hellip;]<\/p>\n","protected":false},"author":3,"featured_media":23999,"comment_status":"open","ping_status":"closed","sticky":false,"template":"","format":"standard","meta":{"_bbp_topic_count":0,"_bbp_reply_count":0,"_bbp_total_topic_count":0,"_bbp_total_reply_count":0,"_bbp_voice_count":0,"_bbp_anonymous_reply_count":0,"_bbp_topic_count_hidden":0,"_bbp_reply_count_hidden":0,"_bbp_forum_subforum_count":0,"site-sidebar-layout":"default","site-content-layout":"","ast-site-content-layout":"","site-content-style":"default","site-sidebar-style":"default","ast-global-header-display":"","ast-banner-title-visibility":"","ast-main-header-display":"","ast-hfb-above-header-display":"","ast-hfb-below-header-display":"","ast-hfb-mobile-header-display":"","site-post-title":"","ast-breadcrumbs-content":"","ast-featured-img":"","footer-sml-layout":"","theme-transparent-header-meta":"","adv-header-id-meta":"","stick-header-meta":"","header-above-stick-meta":"","header-main-stick-meta":"","header-below-stick-meta":"","astra-migrate-meta-layouts":"default","ast-page-background-enabled":"default","ast-page-background-meta":{"desktop":{"background-color":"var(--ast-global-color-5)","background-image":"","background-repeat":"repeat","background-position":"center center","background-size":"auto","background-attachment":"scroll","background-type":"","background-media":"","overlay-type":"","overlay-color":"","overlay-opacity":"","overlay-gradient":""},"tablet":{"background-color":"","background-image":"","background-repeat":"repeat","background-position":"center center","background-size":"auto","background-attachment":"scroll","background-type":"","background-media":"","overlay-type":"","overlay-color":"","overlay-opacity":"","overlay-gradient":""},"mobile":{"background-color":"","background-image":"","background-repeat":"repeat","background-position":"center center","background-size":"auto","background-attachment":"scroll","background-type":"","background-media":"","overlay-type":"","overlay-color":"","overlay-opacity":"","overlay-gradient":""}},"ast-content-background-meta":{"desktop":{"background-color":"var(--ast-global-color-4)","background-image":"","background-repeat":"repeat","background-position":"center center","background-size":"auto","background-attachment":"scroll","background-type":"","background-media":"","overlay-type":"","overlay-color":"","overlay-opacity":"","overlay-gradient":""},"tablet":{"background-color":"var(--ast-global-color-4)","background-image":"","background-repeat":"repeat","background-position":"center center","background-size":"auto","background-attachment":"scroll","background-type":"","background-media":"","overlay-type":"","overlay-color":"","overlay-opacity":"","overlay-gradient":""},"mobile":{"background-color":"var(--ast-global-color-4)","background-image":"","background-repeat":"repeat","background-position":"center center","background-size":"auto","background-attachment":"scroll","background-type":"","background-media":"","overlay-type":"","overlay-color":"","overlay-opacity":"","overlay-gradient":""}},"footnotes":""},"categories":[1,241,4,263],"tags":[],"class_list":["post-26246","post","type-post","status-publish","format-standard","has-post-thumbnail","hentry","category-general","category-nascuts-2015","category-portada","category-primaria"],"post_mailing_queue_ids":[],"_links":{"self":[{"href":"https:\/\/agora.xtec.cat\/escolacanfabra\/wp-json\/wp\/v2\/posts\/26246","targetHints":{"allow":["GET"]}}],"collection":[{"href":"https:\/\/agora.xtec.cat\/escolacanfabra\/wp-json\/wp\/v2\/posts"}],"about":[{"href":"https:\/\/agora.xtec.cat\/escolacanfabra\/wp-json\/wp\/v2\/types\/post"}],"author":[{"embeddable":true,"href":"https:\/\/agora.xtec.cat\/escolacanfabra\/wp-json\/wp\/v2\/users\/3"}],"replies":[{"embeddable":true,"href":"https:\/\/agora.xtec.cat\/escolacanfabra\/wp-json\/wp\/v2\/comments?post=26246"}],"version-history":[{"count":2,"href":"https:\/\/agora.xtec.cat\/escolacanfabra\/wp-json\/wp\/v2\/posts\/26246\/revisions"}],"predecessor-version":[{"id":26287,"href":"https:\/\/agora.xtec.cat\/escolacanfabra\/wp-json\/wp\/v2\/posts\/26246\/revisions\/26287"}],"wp:featuredmedia":[{"embeddable":true,"href":"https:\/\/agora.xtec.cat\/escolacanfabra\/wp-json\/wp\/v2\/media\/23999"}],"wp:attachment":[{"href":"https:\/\/agora.xtec.cat\/escolacanfabra\/wp-json\/wp\/v2\/media?parent=26246"}],"wp:term":[{"taxonomy":"category","embeddable":true,"href":"https:\/\/agora.xtec.cat\/escolacanfabra\/wp-json\/wp\/v2\/categories?post=26246"},{"taxonomy":"post_tag","embeddable":true,"href":"https:\/\/agora.xtec.cat\/escolacanfabra\/wp-json\/wp\/v2\/tags?post=26246"}],"curies":[{"name":"wp","href":"https:\/\/api.w.org\/{rel}","templated":true}]}}