{"id":26103,"date":"2022-03-08T17:00:30","date_gmt":"2022-03-08T16:00:30","guid":{"rendered":"https:\/\/agora.xtec.cat\/escolacanfabra\/?p=26103"},"modified":"2022-03-09T10:38:17","modified_gmt":"2022-03-09T09:38:17","slug":"1r-la-gimnastica-fa-per-tu","status":"publish","type":"post","link":"https:\/\/agora.xtec.cat\/escolacanfabra\/portada\/1r-la-gimnastica-fa-per-tu\/","title":{"rendered":"1r- LA GIMN\u00c0STICA FA PER TU!"},"content":{"rendered":"<p><img loading=\"lazy\" decoding=\"async\" class=\" wp-image-26106 aligncenter\" src=\"https:\/\/agora.xtec.cat\/escolacanfabra\/wp-content\/uploads\/usu1954\/2022\/03\/GIMNASTICA-FA-PER-TU.png\" alt=\"\" width=\"275\" height=\"199\" srcset=\"https:\/\/agora.xtec.cat\/escolacanfabra\/wp-content\/uploads\/usu1954\/2022\/03\/GIMNASTICA-FA-PER-TU.png 2000w, https:\/\/agora.xtec.cat\/escolacanfabra\/wp-content\/uploads\/usu1954\/2022\/03\/GIMNASTICA-FA-PER-TU-300x217.png 300w, https:\/\/agora.xtec.cat\/escolacanfabra\/wp-content\/uploads\/usu1954\/2022\/03\/GIMNASTICA-FA-PER-TU-1024x741.png 1024w, https:\/\/agora.xtec.cat\/escolacanfabra\/wp-content\/uploads\/usu1954\/2022\/03\/GIMNASTICA-FA-PER-TU-768x556.png 768w, https:\/\/agora.xtec.cat\/escolacanfabra\/wp-content\/uploads\/usu1954\/2022\/03\/GIMNASTICA-FA-PER-TU-1536x1112.png 1536w\" sizes=\"auto, (max-width: 275px) 100vw, 275px\" \/><\/p>\n<p>EL DIMECRES 2 DE MAR\u00c7 VAM GAUDIR D&#8217;UN DIA INCRE\u00cfBLE AMB UNES INSTAL\u00b7LACIONS MERAVELLOSES, ON VAM FER UN TAST DE L&#8217;ESPORT DE LA GIMN\u00c0STICA ART\u00cdSTICA AL CLUB DE GIMN\u00c0STICA DE GR\u00c0CIA.<\/p>\n<p><!--more--><\/p>\n<p>ENS HA VINGUT GENIAL AQUESTA EXPERI\u00c8NCIA, JA QUE A LA CLASSE DE LAVA I DELS VOLCANS HEM CREAT UNA COMPANYIA DE CIRC A L&#8217;\u00c0REA D&#8217;EDUCACI\u00d3 F\u00cdSICA PER TREBALLAR DIFERENTS PERSONATGES I EN AQUESTES SETMANES HEM PRACTICAT EL PERSONATGE DE L&#8217;EQUILIBRISTA.<\/p>\n<p>TOTS ELS INFANTS HAN GAUDIT D&#8217;UN DIA FANT\u00c0STIC.<\/p>\n<p>US DEIXEM EL RECULL DE FOTOS:<\/p>\n<p><a href=\"https:\/\/agora.xtec.cat\/escolacanfabra\/album-fotos-2015a\/\" target=\"_blank\" rel=\"noopener\">CLASSE DE LA LAVA<\/a><\/p>\n<p><a href=\"https:\/\/agora.xtec.cat\/escolacanfabra\/album-fotos-2015b\/\" target=\"_blank\" rel=\"noopener\">CLASSE DELS VOLCANS<\/a><\/p>\n","protected":false},"excerpt":{"rendered":"<p>EL DIMECRES 2 DE MAR\u00c7 VAM GAUDIR D&#8217;UN DIA INCRE\u00cfBLE AMB UNES INSTAL\u00b7LACIONS MERAVELLOSES, ON VAM FER UN TAST DE L&#8217;ESPORT DE LA GIMN\u00c0STICA ART\u00cdSTICA AL CLUB DE GIMN\u00c0STICA DE GR\u00c0CIA.<\/p>\n","protected":false},"author":1,"featured_media":0,"comment_status":"open","ping_status":"closed","sticky":false,"template":"","format":"standard","meta":{"_bbp_topic_count":0,"_bbp_reply_count":0,"_bbp_total_topic_count":0,"_bbp_total_reply_count":0,"_bbp_voice_count":0,"_bbp_anonymous_reply_count":0,"_bbp_topic_count_hidden":0,"_bbp_reply_count_hidden":0,"_bbp_forum_subforum_count":0,"site-sidebar-layout":"default","site-content-layout":"","ast-site-content-layout":"","site-content-style":"default","site-sidebar-style":"default","ast-global-header-display":"","ast-banner-title-visibility":"","ast-main-header-display":"","ast-hfb-above-header-display":"","ast-hfb-below-header-display":"","ast-hfb-mobile-header-display":"","site-post-title":"","ast-breadcrumbs-content":"","ast-featured-img":"","footer-sml-layout":"","theme-transparent-header-meta":"","adv-header-id-meta":"","stick-header-meta":"","header-above-stick-meta":"","header-main-stick-meta":"","header-below-stick-meta":"","astra-migrate-meta-layouts":"default","ast-page-background-enabled":"default","ast-page-background-meta":{"desktop":{"background-color":"var(--ast-global-color-5)","background-image":"","background-repeat":"repeat","background-position":"center center","background-size":"auto","background-attachment":"scroll","background-type":"","background-media":"","overlay-type":"","overlay-color":"","overlay-opacity":"","overlay-gradient":""},"tablet":{"background-color":"","background-image":"","background-repeat":"repeat","background-position":"center center","background-size":"auto","background-attachment":"scroll","background-type":"","background-media":"","overlay-type":"","overlay-color":"","overlay-opacity":"","overlay-gradient":""},"mobile":{"background-color":"","background-image":"","background-repeat":"repeat","background-position":"center center","background-size":"auto","background-attachment":"scroll","background-type":"","background-media":"","overlay-type":"","overlay-color":"","overlay-opacity":"","overlay-gradient":""}},"ast-content-background-meta":{"desktop":{"background-color":"var(--ast-global-color-4)","background-image":"","background-repeat":"repeat","background-position":"center center","background-size":"auto","background-attachment":"scroll","background-type":"","background-media":"","overlay-type":"","overlay-color":"","overlay-opacity":"","overlay-gradient":""},"tablet":{"background-color":"var(--ast-global-color-4)","background-image":"","background-repeat":"repeat","background-position":"center center","background-size":"auto","background-attachment":"scroll","background-type":"","background-media":"","overlay-type":"","overlay-color":"","overlay-opacity":"","overlay-gradient":""},"mobile":{"background-color":"var(--ast-global-color-4)","background-image":"","background-repeat":"repeat","background-position":"center center","background-size":"auto","background-attachment":"scroll","background-type":"","background-media":"","overlay-type":"","overlay-color":"","overlay-opacity":"","overlay-gradient":""}},"footnotes":""},"categories":[241,4,263],"tags":[],"class_list":["post-26103","post","type-post","status-publish","format-standard","hentry","category-nascuts-2015","category-portada","category-primaria"],"post_mailing_queue_ids":[],"_links":{"self":[{"href":"https:\/\/agora.xtec.cat\/escolacanfabra\/wp-json\/wp\/v2\/posts\/26103","targetHints":{"allow":["GET"]}}],"collection":[{"href":"https:\/\/agora.xtec.cat\/escolacanfabra\/wp-json\/wp\/v2\/posts"}],"about":[{"href":"https:\/\/agora.xtec.cat\/escolacanfabra\/wp-json\/wp\/v2\/types\/post"}],"author":[{"embeddable":true,"href":"https:\/\/agora.xtec.cat\/escolacanfabra\/wp-json\/wp\/v2\/users\/1"}],"replies":[{"embeddable":true,"href":"https:\/\/agora.xtec.cat\/escolacanfabra\/wp-json\/wp\/v2\/comments?post=26103"}],"version-history":[{"count":2,"href":"https:\/\/agora.xtec.cat\/escolacanfabra\/wp-json\/wp\/v2\/posts\/26103\/revisions"}],"predecessor-version":[{"id":26108,"href":"https:\/\/agora.xtec.cat\/escolacanfabra\/wp-json\/wp\/v2\/posts\/26103\/revisions\/26108"}],"wp:attachment":[{"href":"https:\/\/agora.xtec.cat\/escolacanfabra\/wp-json\/wp\/v2\/media?parent=26103"}],"wp:term":[{"taxonomy":"category","embeddable":true,"href":"https:\/\/agora.xtec.cat\/escolacanfabra\/wp-json\/wp\/v2\/categories?post=26103"},{"taxonomy":"post_tag","embeddable":true,"href":"https:\/\/agora.xtec.cat\/escolacanfabra\/wp-json\/wp\/v2\/tags?post=26103"}],"curies":[{"name":"wp","href":"https:\/\/api.w.org\/{rel}","templated":true}]}}