{"id":25989,"date":"2022-02-24T13:44:36","date_gmt":"2022-02-24T12:44:36","guid":{"rendered":"https:\/\/agora.xtec.cat\/escolacanfabra\/?p=25989"},"modified":"2022-02-24T13:44:36","modified_gmt":"2022-02-24T12:44:36","slug":"3ra-sortida-al-museu-mollfulleda-de-mineralogia","status":"publish","type":"post","link":"https:\/\/agora.xtec.cat\/escolacanfabra\/general\/3ra-sortida-al-museu-mollfulleda-de-mineralogia\/","title":{"rendered":"3rA-SORTIDA AL MUSEU MOLLFULLEDA DE MINERALOGIA"},"content":{"rendered":"<p>&nbsp;<\/p>\n<p>Benvolgudes fam\u00edlies,<\/p>\n<p>Ahir, dia 23 de febrer, la classe dels Megap\u00edxels vam anar al Museu de Mineralogia d\u2019Arenys de Mar per aprendre coses noves sobre els minerals.<\/p>\n<p>En arribar a Arenys vam esmorzar en el parc del Xifr\u00e9 \u00a0d\u2019Arenys de Mar. Un cop al museu ens van presentar al Jes\u00fas i al Diego, els quals ens van ensenyar molts minerals molt interesants.<\/p>\n<p>Primer ens van ensenyar un mineral de Mart, despr\u00e9s un mineral que formava part d\u2019un volc\u00e0 i un marbre, tots tres eren gegants.<\/p>\n<p>A continuaci\u00f3 vam descobrir que amb els minerals es construeixen elements electr\u00f2nics i que els minerals sorgeixen a la superf\u00edcie de les roques. Tamb\u00e9 ens van ensenyar una escala de 10 minerals classificats per la seva duresa, el m\u00e9s dur que hi havia d\u2019aquest 10 era el diamant i el m\u00e9s tou el talc.<\/p>\n<p>Vam entrar a una sala on hi havia minerals que brillaven amb llum ultraviolada, quan van encendre les llums, no s\u2019assemblaven en res. Ens vam quedar boca badats!<\/p>\n<p>Un cop al taller hav\u00edem de fer diferents proves amb els minerals, per comprovar les seves propietats. Vam descobrir que alguns minerals per fora poden ser d\u2019un color i per dintre d\u2019un altre.<\/p>\n<p>Quan vam sortir del Museu, vam baixar a dinar a la platja, un cop dinats vam jugar una estoneta i fins i tot, com que feia bon dia, vam poder mullar-nos els peus a l\u2019aigua. De seguida es va fer l\u2019hora de marxar, ens vam acomiadar d\u2019aquest poble del Maresme i vam tornar cap a l\u2019escola.<\/p>\n<p>Aqu\u00ed us deixem unes quantes fotos i v\u00eddeos de la nostra sortida de projecte.<\/p>\n<p>Classe dels Megap\u00edxels<\/p>\n<p><a href=\"https:\/\/agora.xtec.cat\/escolacanfabra\/album-fotos-2013a\/\">Fotos i v\u00eddeos<\/a><\/p>\n","protected":false},"excerpt":{"rendered":"<p>&nbsp; Benvolgudes fam\u00edlies, Ahir, dia 23 de febrer, la classe dels Megap\u00edxels vam anar al Museu de Mineralogia d\u2019Arenys de Mar per aprendre coses noves sobre els minerals. En arribar a Arenys vam esmorzar en el parc del Xifr\u00e9 \u00a0d\u2019Arenys de Mar. Un cop al museu ens van presentar al Jes\u00fas i al Diego, els [&hellip;]<\/p>\n","protected":false},"author":3,"featured_media":25991,"comment_status":"open","ping_status":"closed","sticky":false,"template":"","format":"standard","meta":{"_bbp_topic_count":0,"_bbp_reply_count":0,"_bbp_total_topic_count":0,"_bbp_total_reply_count":0,"_bbp_voice_count":0,"_bbp_anonymous_reply_count":0,"_bbp_topic_count_hidden":0,"_bbp_reply_count_hidden":0,"_bbp_forum_subforum_count":0,"site-sidebar-layout":"default","site-content-layout":"","ast-site-content-layout":"","site-content-style":"default","site-sidebar-style":"default","ast-global-header-display":"","ast-banner-title-visibility":"","ast-main-header-display":"","ast-hfb-above-header-display":"","ast-hfb-below-header-display":"","ast-hfb-mobile-header-display":"","site-post-title":"","ast-breadcrumbs-content":"","ast-featured-img":"","footer-sml-layout":"","theme-transparent-header-meta":"","adv-header-id-meta":"","stick-header-meta":"","header-above-stick-meta":"","header-main-stick-meta":"","header-below-stick-meta":"","astra-migrate-meta-layouts":"default","ast-page-background-enabled":"default","ast-page-background-meta":{"desktop":{"background-color":"var(--ast-global-color-5)","background-image":"","background-repeat":"repeat","background-position":"center center","background-size":"auto","background-attachment":"scroll","background-type":"","background-media":"","overlay-type":"","overlay-color":"","overlay-opacity":"","overlay-gradient":""},"tablet":{"background-color":"","background-image":"","background-repeat":"repeat","background-position":"center center","background-size":"auto","background-attachment":"scroll","background-type":"","background-media":"","overlay-type":"","overlay-color":"","overlay-opacity":"","overlay-gradient":""},"mobile":{"background-color":"","background-image":"","background-repeat":"repeat","background-position":"center center","background-size":"auto","background-attachment":"scroll","background-type":"","background-media":"","overlay-type":"","overlay-color":"","overlay-opacity":"","overlay-gradient":""}},"ast-content-background-meta":{"desktop":{"background-color":"var(--ast-global-color-4)","background-image":"","background-repeat":"repeat","background-position":"center center","background-size":"auto","background-attachment":"scroll","background-type":"","background-media":"","overlay-type":"","overlay-color":"","overlay-opacity":"","overlay-gradient":""},"tablet":{"background-color":"var(--ast-global-color-4)","background-image":"","background-repeat":"repeat","background-position":"center center","background-size":"auto","background-attachment":"scroll","background-type":"","background-media":"","overlay-type":"","overlay-color":"","overlay-opacity":"","overlay-gradient":""},"mobile":{"background-color":"var(--ast-global-color-4)","background-image":"","background-repeat":"repeat","background-position":"center center","background-size":"auto","background-attachment":"scroll","background-type":"","background-media":"","overlay-type":"","overlay-color":"","overlay-opacity":"","overlay-gradient":""}},"footnotes":""},"categories":[1,82,4,263],"tags":[],"class_list":["post-25989","post","type-post","status-publish","format-standard","has-post-thumbnail","hentry","category-general","category-nascuts-2013","category-portada","category-primaria"],"post_mailing_queue_ids":[],"_links":{"self":[{"href":"https:\/\/agora.xtec.cat\/escolacanfabra\/wp-json\/wp\/v2\/posts\/25989","targetHints":{"allow":["GET"]}}],"collection":[{"href":"https:\/\/agora.xtec.cat\/escolacanfabra\/wp-json\/wp\/v2\/posts"}],"about":[{"href":"https:\/\/agora.xtec.cat\/escolacanfabra\/wp-json\/wp\/v2\/types\/post"}],"author":[{"embeddable":true,"href":"https:\/\/agora.xtec.cat\/escolacanfabra\/wp-json\/wp\/v2\/users\/3"}],"replies":[{"embeddable":true,"href":"https:\/\/agora.xtec.cat\/escolacanfabra\/wp-json\/wp\/v2\/comments?post=25989"}],"version-history":[{"count":2,"href":"https:\/\/agora.xtec.cat\/escolacanfabra\/wp-json\/wp\/v2\/posts\/25989\/revisions"}],"predecessor-version":[{"id":26000,"href":"https:\/\/agora.xtec.cat\/escolacanfabra\/wp-json\/wp\/v2\/posts\/25989\/revisions\/26000"}],"wp:featuredmedia":[{"embeddable":true,"href":"https:\/\/agora.xtec.cat\/escolacanfabra\/wp-json\/wp\/v2\/media\/25991"}],"wp:attachment":[{"href":"https:\/\/agora.xtec.cat\/escolacanfabra\/wp-json\/wp\/v2\/media?parent=25989"}],"wp:term":[{"taxonomy":"category","embeddable":true,"href":"https:\/\/agora.xtec.cat\/escolacanfabra\/wp-json\/wp\/v2\/categories?post=25989"},{"taxonomy":"post_tag","embeddable":true,"href":"https:\/\/agora.xtec.cat\/escolacanfabra\/wp-json\/wp\/v2\/tags?post=25989"}],"curies":[{"name":"wp","href":"https:\/\/api.w.org\/{rel}","templated":true}]}}