{"id":25886,"date":"2022-02-21T21:18:40","date_gmt":"2022-02-21T20:18:40","guid":{"rendered":"https:\/\/agora.xtec.cat\/escolacanfabra\/?p=25886"},"modified":"2022-02-21T21:18:40","modified_gmt":"2022-02-21T20:18:40","slug":"5e-visita-associacio-amputats-st-jordi-2","status":"publish","type":"post","link":"https:\/\/agora.xtec.cat\/escolacanfabra\/general\/5e-visita-associacio-amputats-st-jordi-2\/","title":{"rendered":"5\u00e8: Visita Associaci\u00f3 Amputats St.Jordi"},"content":{"rendered":"<p><img decoding=\"async\" class=\"aligncenter\" src=\"https:\/\/www.amputats-santjordi.org\/sites\/default\/files\/logoasj_0.png\" alt=\"Inici\" \/><\/p>\n<p>Enguany ens han tornat a visitar la Miriam i en Carles, dos membres de l&#8217;associaci\u00f3 Amputats St. Jordi per a fer-nos una activitat i una xerrada sobre les persones amb discapacitats f\u00edsiques.\u00a0 L&#8217;objectiu de l&#8217;associaci\u00f3 \u00e9s promoure una nova cultura sobre les capacitats i crear un entorn respectu\u00f3s on es defensin tots els drets de les persones amb amputaci\u00f3, agen\u00e8sia i altres discapacitats f\u00edsiques.<\/p>\n<p><!--more--><\/p>\n<p>A la part m\u00e9s pr\u00e0ctica, hem utilitzat cadires de rodes i ens hem posat a la pell de persones amb ceguesa amb l&#8217;ajuda dels bastons de mobilitat . Tamb\u00e9 ens han ensenyat diferents tipus de pr\u00f2tesis que utilitzen les persones amputades. Despr\u00e9s hem fet una xerrada i una posada en com\u00fa per compartir totes les nostres sensacions i resoldre els nostres dubtes.<\/p>\n<p>Ens hem adonat de les barreres que encara hi ha al nostre entorn i que han d&#8217;eliminar-se per aconseguir un entorn respectu\u00f3s amb tothom. Ha sigut una experi\u00e8ncia molt i molt interessant en la que hem apr\u00e8s molt\u00edssimes coses.<\/p>\n<p>Moltes gr\u00e0cies per venir a ensenyar-nos tant!<\/p>\n<p>Us deixem una mostra fotogr\u00e0fica de l&#8217;activitat:<\/p>\n<p><a href=\"https:\/\/agora.xtec.cat\/escolacanfabra\/album-fotos-2011a\/\">Londres<\/a><\/p>\n<p><a href=\"https:\/\/agora.xtec.cat\/escolacanfabra\/album-fotos-2011b\/\">Mars i Oceans<\/a><\/p>\n<p>&nbsp;<\/p>\n","protected":false},"excerpt":{"rendered":"<p>Enguany ens han tornat a visitar la Miriam i en Carles, dos membres de l&#8217;associaci\u00f3 Amputats St. Jordi per a fer-nos una activitat i una xerrada sobre les persones amb discapacitats f\u00edsiques.\u00a0 L&#8217;objectiu de l&#8217;associaci\u00f3 \u00e9s promoure una nova cultura sobre les capacitats i crear un entorn respectu\u00f3s on es defensin tots els drets de [&hellip;]<\/p>\n","protected":false},"author":3,"featured_media":0,"comment_status":"open","ping_status":"closed","sticky":false,"template":"","format":"standard","meta":{"_bbp_topic_count":0,"_bbp_reply_count":0,"_bbp_total_topic_count":0,"_bbp_total_reply_count":0,"_bbp_voice_count":0,"_bbp_anonymous_reply_count":0,"_bbp_topic_count_hidden":0,"_bbp_reply_count_hidden":0,"_bbp_forum_subforum_count":0,"site-sidebar-layout":"default","site-content-layout":"","ast-site-content-layout":"","site-content-style":"default","site-sidebar-style":"default","ast-global-header-display":"","ast-banner-title-visibility":"","ast-main-header-display":"","ast-hfb-above-header-display":"","ast-hfb-below-header-display":"","ast-hfb-mobile-header-display":"","site-post-title":"","ast-breadcrumbs-content":"","ast-featured-img":"","footer-sml-layout":"","theme-transparent-header-meta":"","adv-header-id-meta":"","stick-header-meta":"","header-above-stick-meta":"","header-main-stick-meta":"","header-below-stick-meta":"","astra-migrate-meta-layouts":"default","ast-page-background-enabled":"default","ast-page-background-meta":{"desktop":{"background-color":"var(--ast-global-color-5)","background-image":"","background-repeat":"repeat","background-position":"center center","background-size":"auto","background-attachment":"scroll","background-type":"","background-media":"","overlay-type":"","overlay-color":"","overlay-opacity":"","overlay-gradient":""},"tablet":{"background-color":"","background-image":"","background-repeat":"repeat","background-position":"center center","background-size":"auto","background-attachment":"scroll","background-type":"","background-media":"","overlay-type":"","overlay-color":"","overlay-opacity":"","overlay-gradient":""},"mobile":{"background-color":"","background-image":"","background-repeat":"repeat","background-position":"center center","background-size":"auto","background-attachment":"scroll","background-type":"","background-media":"","overlay-type":"","overlay-color":"","overlay-opacity":"","overlay-gradient":""}},"ast-content-background-meta":{"desktop":{"background-color":"var(--ast-global-color-4)","background-image":"","background-repeat":"repeat","background-position":"center center","background-size":"auto","background-attachment":"scroll","background-type":"","background-media":"","overlay-type":"","overlay-color":"","overlay-opacity":"","overlay-gradient":""},"tablet":{"background-color":"var(--ast-global-color-4)","background-image":"","background-repeat":"repeat","background-position":"center center","background-size":"auto","background-attachment":"scroll","background-type":"","background-media":"","overlay-type":"","overlay-color":"","overlay-opacity":"","overlay-gradient":""},"mobile":{"background-color":"var(--ast-global-color-4)","background-image":"","background-repeat":"repeat","background-position":"center center","background-size":"auto","background-attachment":"scroll","background-type":"","background-media":"","overlay-type":"","overlay-color":"","overlay-opacity":"","overlay-gradient":""}},"footnotes":""},"categories":[1,61,4],"tags":[],"class_list":["post-25886","post","type-post","status-publish","format-standard","hentry","category-general","category-nascuts-2011","category-portada"],"post_mailing_queue_ids":[],"_links":{"self":[{"href":"https:\/\/agora.xtec.cat\/escolacanfabra\/wp-json\/wp\/v2\/posts\/25886","targetHints":{"allow":["GET"]}}],"collection":[{"href":"https:\/\/agora.xtec.cat\/escolacanfabra\/wp-json\/wp\/v2\/posts"}],"about":[{"href":"https:\/\/agora.xtec.cat\/escolacanfabra\/wp-json\/wp\/v2\/types\/post"}],"author":[{"embeddable":true,"href":"https:\/\/agora.xtec.cat\/escolacanfabra\/wp-json\/wp\/v2\/users\/3"}],"replies":[{"embeddable":true,"href":"https:\/\/agora.xtec.cat\/escolacanfabra\/wp-json\/wp\/v2\/comments?post=25886"}],"version-history":[{"count":3,"href":"https:\/\/agora.xtec.cat\/escolacanfabra\/wp-json\/wp\/v2\/posts\/25886\/revisions"}],"predecessor-version":[{"id":25931,"href":"https:\/\/agora.xtec.cat\/escolacanfabra\/wp-json\/wp\/v2\/posts\/25886\/revisions\/25931"}],"wp:attachment":[{"href":"https:\/\/agora.xtec.cat\/escolacanfabra\/wp-json\/wp\/v2\/media?parent=25886"}],"wp:term":[{"taxonomy":"category","embeddable":true,"href":"https:\/\/agora.xtec.cat\/escolacanfabra\/wp-json\/wp\/v2\/categories?post=25886"},{"taxonomy":"post_tag","embeddable":true,"href":"https:\/\/agora.xtec.cat\/escolacanfabra\/wp-json\/wp\/v2\/tags?post=25886"}],"curies":[{"name":"wp","href":"https:\/\/api.w.org\/{rel}","templated":true}]}}