{"id":25638,"date":"2022-02-01T13:03:00","date_gmt":"2022-02-01T12:03:00","guid":{"rendered":"https:\/\/agora.xtec.cat\/escolacanfabra\/?p=25638"},"modified":"2022-09-15T18:33:46","modified_gmt":"2022-09-15T16:33:46","slug":"inscripcions-escolars-22-23","status":"publish","type":"post","link":"https:\/\/agora.xtec.cat\/escolacanfabra\/portada\/inscripcions-escolars-22-23\/","title":{"rendered":"NOVETATS: PREINSCRIPCIONS ESCOLARS 22\/23 &#8211;  PUBLICACI\u00d3 DE L&#8217;OFERTA DEFINITIVA I DE L&#8217;ALUMNAT ASSIGNAT I LLISTES D&#8217;ESPERA"},"content":{"rendered":"<p><strong><span style=\"color: #ff0000;\">NOVETAT!<\/span><\/strong><\/p>\n<p>Hola, fam\u00edlies!<\/p>\n<p>S&#8217;ha publicat l&#8217;oferta definitiva de places de l&#8217;escola. La podeu consultar clicant a aquest enlla\u00e7:<\/p>\n<p><a href=\"https:\/\/drive.google.com\/file\/d\/1sCOim95WkoI8ubDT35HWSM4per5uYlKg\/view?usp=sharing\">OFERTA DEFINITIVA DE PLACES<\/a><\/p>\n<p>Avui han sortit tamb\u00e9 els llistats definitius de:<\/p>\n<p><a href=\"https:\/\/drive.google.com\/file\/d\/15Q4A5r1BsE0RvpiQQzEHxo_eHETOfkys\/view?usp=sharing\">ALUMNAT ASSIGNAT AL CENTRE EN PRIMERA OPCI\u00d3 AMB INDICACI\u00d3 DE LA PRIMERA PETICI\u00d3<\/a><\/p>\n<p><a href=\"https:\/\/drive.google.com\/file\/d\/1BLPeIRLyW-QeJj4UG2yb_fe_3yXIUfbB\/view?usp=sharing\">ALUMNAT PREINSCRIT AL CENTRE<\/a><\/p>\n<p><a href=\"https:\/\/drive.google.com\/file\/d\/1Q4LWzxwGF36BXf8zzeN0tvuuGoO6thGh\/view?usp=sharing\">ALUMNAT EN LLISTA D&#8217;ESPERA A 10-6-22<\/a><\/p>\n<p>&#8212;&#8212;&#8212;&#8212;&#8212;&#8212;&#8212;&#8212;&#8212;&#8212;&#8212;&#8212;&#8212;&#8212;&#8212;&#8212;&#8212;&#8212;&#8212;&#8212;&#8212;&#8212;&#8212;&#8212;&#8212;&#8212;&#8212;&#8212;&#8212;&#8212;&#8212;&#8212;&#8212;&#8212;&#8212;&#8212;&#8212;&#8212;&#8212;&#8212;&#8212;&#8212;&#8212;&#8212;&#8212;&#8212;&#8212;&#8212;&#8212;&#8212;&#8212;&#8212;&#8212;&#8212;&#8212;&#8212;&#8212;&#8212;&#8212;&#8212;&#8212;&#8212;&#8212;&#8212;&#8212;&#8212;&#8212;&#8212;&#8212;&#8212;&#8212;&#8212;&#8212;&#8212;&#8212;&#8212;&#8212;&#8212;&#8212;&#8212;&#8212;&#8212;&#8212;&#8212;&#8212;&#8211;<\/p>\n<p><span style=\"font-weight: 400;\">Hola, fam\u00edlies!<\/span><\/p>\n<p>Avui dia 11 de maig, despr\u00e9s del sorteig, el Departament ha publicat les llistes ordenades de sol\u00b7licituds per a l&#8217;assignaci\u00f3 de places a les escoles. A continuaci\u00f3 (i al taulell d&#8217;anuncis de l&#8217;escola) trobareu la llista: aquesta llista ja no est\u00e0 ordenada per ordre alfab\u00e8tic, sin\u00f3 que recull l&#8217;ordre en qu\u00e8 s&#8217;assignaran les places segons els criteris de prioritat i el n\u00famero de desempat.<br \/>\nLes fam\u00edlies podeu, amb aquesta llista, fer-vos una idea sobre si obtindran pla\u00e7a en el centre de primera petici\u00f3. Ara b\u00e9, caldr\u00e0 esperar la llista d&#8217;admesos per saber si finalment s\u2019ha fet l\u2019assignaci\u00f3 en el centre de primera opci\u00f3 o en un centre diferent del primer, doncs resta pendent l&#8217;assignaci\u00f3 de places de reserva per alumnat NEE i aix\u00f2 podria tenir afectaci\u00f3 en l&#8217;oferta final i en les vostres previsions.<\/p>\n<p>&nbsp;<\/p>\n<p><a href=\"https:\/\/drive.google.com\/file\/d\/19vqrmilPtPBjc9M7paw3uAW7hqu2Dcv0\/view?usp=sharing\">LLISTAT ORDENAT DE SOL\u00b7LICITUDS<\/a><\/p>\n<p>&#8212;&#8212;&#8212;&#8212;&#8212;&#8212;&#8212;&#8212;&#8212;&#8212;&#8212;&#8212;&#8212;&#8212;&#8212;&#8212;&#8212;&#8212;&#8212;&#8212;&#8212;&#8212;&#8212;&#8212;&#8212;&#8212;&#8212;&#8212;&#8212;&#8212;&#8212;&#8212;&#8212;&#8212;&#8212;&#8212;&#8212;&#8212;&#8212;&#8212;&#8212;&#8212;&#8212;&#8212;&#8212;&#8212;&#8212;&#8212;&#8212;&#8212;&#8212;&#8212;&#8212;&#8212;&#8212;&#8212;&#8212;&#8212;&#8212;&#8212;&#8212;&#8212;&#8212;&#8212;&#8212;&#8212;&#8212;&#8212;&#8212;&#8212;&#8212;&#8212;&#8212;&#8212;&#8212;&#8212;&#8212;&#8212;&#8212;&#8212;&#8212;&#8212;&#8212;&#8212;&#8212;&#8211;<\/p>\n<p>Avui el Departament d&#8217;Educaci\u00f3 ha publicat el nombre de desempat per a la preinscripci\u00f3 escolar del curs 2022-23. \u00c9s el:<\/p>\n<h1 style=\"text-align: left;\"><span style=\"color: #0000ff;\"><strong>\u00a0 \u00a0 \u00a0 \u00a0 \u00a0 \u00a0 \u00a0 \u00a0 \u00a0 \u00a0 \u00a01.013<\/strong><\/span><\/h1>\n<p>&nbsp;<\/p>\n<p>&#8212;&#8212;&#8212;&#8212;&#8212;&#8212;&#8212;&#8212;&#8212;&#8212;&#8212;&#8212;&#8212;&#8212;&#8212;&#8212;&#8212;&#8212;&#8212;&#8212;&#8212;&#8212;&#8212;&#8212;&#8212;&#8212;&#8212;&#8212;&#8212;&#8212;&#8212;&#8212;&#8212;&#8212;&#8212;&#8212;&#8212;&#8212;&#8212;&#8212;&#8212;&#8212;&#8212;&#8212;&#8212;&#8212;&#8212;&#8212;&#8212;&#8212;&#8212;&#8212;&#8212;&#8212;&#8212;&#8212;&#8212;&#8212;&#8212;&#8212;&#8212;&#8212;&#8212;&#8212;&#8212;&#8212;&#8212;&#8212;&#8212;&#8212;&#8212;&#8212;&#8212;&#8212;&#8212;&#8212;&#8212;&#8212;&#8212;&#8212;&#8212;&#8212;&#8212;&#8212;&#8212;&#8211;<\/p>\n<p>&nbsp;<\/p>\n<p>Aquest \u00e9s el llistat del barem amb la puntuaci\u00f3 a <strong>3\/05\/22<\/strong>. Consulteu-lo per assegurar-vos que la informaci\u00f3 que hi apareix \u00e9s correcta.<\/p>\n<p><a href=\"https:\/\/drive.google.com\/file\/d\/1Hy6833mOdeFKkCXQUBIpk92dVJGKMtub\/view?usp=sharing\" target=\"_blank\" rel=\"noopener\">LLISTAT DEL BAREM AMB LA PUNTUACI\u00d3 RESOLTES <\/a><\/p>\n<p>&nbsp;<\/p>\n<p>&nbsp;<\/p>\n<p><span style=\"font-weight: 400;\">Podreu trobar m\u00e9s informaci\u00f3 general sobre la preinscripci\u00f3 en aquest enlla\u00e7, tot i que la informaci\u00f3 no hi est\u00e0 encara actualitzada.\u00a0<\/span><\/p>\n<p><a href=\"https:\/\/preinscripcio.gencat.cat\/ca\/inici\"><span style=\"font-weight: 400;\">https:\/\/preinscripcio.gencat.cat\/ca\/inici<\/span><\/a><\/p>\n<p><span style=\"font-weight: 400;\"><strong>OFERTA INICIAL<\/strong> (<a href=\"https:\/\/drive.google.com\/file\/d\/1HmkFeT4yEoJrcHolMO1ql5J5FtN5LPH3\/view?usp=sharing\" target=\"_blank\" rel=\"noopener\">clica aqu\u00ed<\/a>)<\/span><\/p>\n<p>&nbsp;<\/p>\n","protected":false},"excerpt":{"rendered":"<p>NOVETAT! Hola, fam\u00edlies! S&#8217;ha publicat l&#8217;oferta definitiva de places de l&#8217;escola. La podeu consultar clicant a aquest enlla\u00e7: OFERTA DEFINITIVA DE PLACES Avui han sortit tamb\u00e9 els llistats definitius de: ALUMNAT ASSIGNAT AL CENTRE EN PRIMERA OPCI\u00d3 AMB INDICACI\u00d3 DE LA PRIMERA PETICI\u00d3 ALUMNAT PREINSCRIT AL CENTRE ALUMNAT EN LLISTA D&#8217;ESPERA A 10-6-22 &#8212;&#8212;&#8212;&#8212;&#8212;&#8212;&#8212;&#8212;&#8212;&#8212;&#8212;&#8212;&#8212;&#8212;&#8212;&#8212;&#8212;&#8212;&#8212;&#8212;&#8212;&#8212;&#8212;&#8212;&#8212;&#8212;&#8212;&#8212;&#8212;&#8212;&#8212;&#8212;&#8212;&#8212;&#8212;&#8212;&#8212;&#8212;&#8212;&#8212;&#8212;&#8212;&#8212;&#8212;&#8212;&#8212;&#8212;&#8212;&#8212;&#8212;&#8212;&#8212;&#8212;&#8212;&#8212;&#8212;&#8212;&#8212;&#8212;&#8212;&#8212;&#8212;&#8212;&#8212;&#8212;&#8212;&#8212;&#8212;&#8212;&#8212;&#8212;&#8212;&#8212;&#8212;&#8212;&#8212;&#8212;&#8212;&#8212;&#8212;&#8212;&#8212;&#8212;&#8212;&#8212;&#8211; Hola, [&hellip;]<\/p>\n","protected":false},"author":1,"featured_media":0,"comment_status":"open","ping_status":"closed","sticky":false,"template":"","format":"standard","meta":{"_bbp_topic_count":0,"_bbp_reply_count":0,"_bbp_total_topic_count":0,"_bbp_total_reply_count":0,"_bbp_voice_count":0,"_bbp_anonymous_reply_count":0,"_bbp_topic_count_hidden":0,"_bbp_reply_count_hidden":0,"_bbp_forum_subforum_count":0,"site-sidebar-layout":"default","site-content-layout":"","ast-site-content-layout":"","site-content-style":"default","site-sidebar-style":"default","ast-global-header-display":"","ast-banner-title-visibility":"","ast-main-header-display":"","ast-hfb-above-header-display":"","ast-hfb-below-header-display":"","ast-hfb-mobile-header-display":"","site-post-title":"","ast-breadcrumbs-content":"","ast-featured-img":"","footer-sml-layout":"","theme-transparent-header-meta":"","adv-header-id-meta":"","stick-header-meta":"","header-above-stick-meta":"","header-main-stick-meta":"","header-below-stick-meta":"","astra-migrate-meta-layouts":"default","ast-page-background-enabled":"default","ast-page-background-meta":{"desktop":{"background-color":"var(--ast-global-color-5)","background-image":"","background-repeat":"repeat","background-position":"center center","background-size":"auto","background-attachment":"scroll","background-type":"","background-media":"","overlay-type":"","overlay-color":"","overlay-opacity":"","overlay-gradient":""},"tablet":{"background-color":"","background-image":"","background-repeat":"repeat","background-position":"center center","background-size":"auto","background-attachment":"scroll","background-type":"","background-media":"","overlay-type":"","overlay-color":"","overlay-opacity":"","overlay-gradient":""},"mobile":{"background-color":"","background-image":"","background-repeat":"repeat","background-position":"center center","background-size":"auto","background-attachment":"scroll","background-type":"","background-media":"","overlay-type":"","overlay-color":"","overlay-opacity":"","overlay-gradient":""}},"ast-content-background-meta":{"desktop":{"background-color":"var(--ast-global-color-4)","background-image":"","background-repeat":"repeat","background-position":"center center","background-size":"auto","background-attachment":"scroll","background-type":"","background-media":"","overlay-type":"","overlay-color":"","overlay-opacity":"","overlay-gradient":""},"tablet":{"background-color":"var(--ast-global-color-4)","background-image":"","background-repeat":"repeat","background-position":"center center","background-size":"auto","background-attachment":"scroll","background-type":"","background-media":"","overlay-type":"","overlay-color":"","overlay-opacity":"","overlay-gradient":""},"mobile":{"background-color":"var(--ast-global-color-4)","background-image":"","background-repeat":"repeat","background-position":"center center","background-size":"auto","background-attachment":"scroll","background-type":"","background-media":"","overlay-type":"","overlay-color":"","overlay-opacity":"","overlay-gradient":""}},"footnotes":""},"categories":[4],"tags":[],"class_list":["post-25638","post","type-post","status-publish","format-standard","hentry","category-portada"],"post_mailing_queue_ids":[],"_links":{"self":[{"href":"https:\/\/agora.xtec.cat\/escolacanfabra\/wp-json\/wp\/v2\/posts\/25638","targetHints":{"allow":["GET"]}}],"collection":[{"href":"https:\/\/agora.xtec.cat\/escolacanfabra\/wp-json\/wp\/v2\/posts"}],"about":[{"href":"https:\/\/agora.xtec.cat\/escolacanfabra\/wp-json\/wp\/v2\/types\/post"}],"author":[{"embeddable":true,"href":"https:\/\/agora.xtec.cat\/escolacanfabra\/wp-json\/wp\/v2\/users\/1"}],"replies":[{"embeddable":true,"href":"https:\/\/agora.xtec.cat\/escolacanfabra\/wp-json\/wp\/v2\/comments?post=25638"}],"version-history":[{"count":3,"href":"https:\/\/agora.xtec.cat\/escolacanfabra\/wp-json\/wp\/v2\/posts\/25638\/revisions"}],"predecessor-version":[{"id":26680,"href":"https:\/\/agora.xtec.cat\/escolacanfabra\/wp-json\/wp\/v2\/posts\/25638\/revisions\/26680"}],"wp:attachment":[{"href":"https:\/\/agora.xtec.cat\/escolacanfabra\/wp-json\/wp\/v2\/media?parent=25638"}],"wp:term":[{"taxonomy":"category","embeddable":true,"href":"https:\/\/agora.xtec.cat\/escolacanfabra\/wp-json\/wp\/v2\/categories?post=25638"},{"taxonomy":"post_tag","embeddable":true,"href":"https:\/\/agora.xtec.cat\/escolacanfabra\/wp-json\/wp\/v2\/tags?post=25638"}],"curies":[{"name":"wp","href":"https:\/\/api.w.org\/{rel}","templated":true}]}}