{"id":25620,"date":"2022-01-24T08:42:27","date_gmt":"2022-01-24T07:42:27","guid":{"rendered":"https:\/\/agora.xtec.cat\/escolacanfabra\/?p=25620"},"modified":"2022-02-06T22:15:16","modified_gmt":"2022-02-06T21:15:16","slug":"3r-taller-de-construccions-3","status":"publish","type":"post","link":"https:\/\/agora.xtec.cat\/escolacanfabra\/portada\/3r-taller-de-construccions-3\/","title":{"rendered":"3r &#8211; Taller de construccions"},"content":{"rendered":"<p><span style=\"font-family: inherit; font-size: 1em;\">En aquest segon trimestre, les nenes i els nens de 3r farem el taller de construccions.<\/span><\/p>\n<p>En aquesta primera sessi\u00f3 hem fet construccions lliures amb dos materials que ja coneixem:<\/p>\n<p><span class=\"hiddenGrammarError\">el<\/span>\u00a0<span class=\"hiddenSpellError\">Kapla<\/span>: que s\u00f3n llistons de fusta, tots de la mateixa mida, que ens permeten fer construccions sense punts de fixaci\u00f3.<br \/>\n<span class=\"hiddenGrammarError\">el<\/span>\u00a0<span class=\"hiddenSpellError\">Cugolino<\/span>: que \u00e9s un material de fusta per construir pistes de bales. L&#8217;objectiu \u00e9s que la bala faci tot el recorregut que hem dissenyat nom\u00e9s amb la in\u00e8rcia que li donen les mateixes peces i cal pensar molt per assolir-ho. \u00c9s, sobretot, una activitat d&#8217;assaig\/error\/reflexi\u00f3 que ens fa anar modificant el circuit per aconseguir\u00a0la nostra finalitat.<\/p>\n<p>Ha estat una estona distesa, de treball en equip o individual on, a m\u00e9s, posem en marxa la nostra imaginaci\u00f3, creativitat, paci\u00e8ncia&#8230;,<\/p>\n<p>Mireu aqu\u00ed les fotos:\u00a0 <a href=\"https:\/\/agora.xtec.cat\/escolacanfabra\/album-fotos-2013a\/\" target=\"_blank\" rel=\"noopener\">Classe dels Megapixels<\/a>\u00a0 \u00a0 \u00a0 <a href=\"https:\/\/agora.xtec.cat\/escolacanfabra\/album-fotos-2013b\/\" target=\"_blank\" rel=\"noopener\">Classe dels cient\u00edfics i cient\u00edfiques<\/a>.<\/p>\n","protected":false},"excerpt":{"rendered":"<p>En aquest segon trimestre, les nenes i els nens de 3r farem el taller de construccions. En aquesta primera sessi\u00f3 hem fet construccions lliures amb dos materials que ja coneixem: el\u00a0Kapla: que s\u00f3n llistons de fusta, tots de la mateixa mida, que ens permeten fer construccions sense punts de fixaci\u00f3. el\u00a0Cugolino: que \u00e9s un material [&hellip;]<\/p>\n","protected":false},"author":3,"featured_media":25623,"comment_status":"open","ping_status":"closed","sticky":false,"template":"","format":"standard","meta":{"_bbp_topic_count":0,"_bbp_reply_count":0,"_bbp_total_topic_count":0,"_bbp_total_reply_count":0,"_bbp_voice_count":0,"_bbp_anonymous_reply_count":0,"_bbp_topic_count_hidden":0,"_bbp_reply_count_hidden":0,"_bbp_forum_subforum_count":0,"site-sidebar-layout":"default","site-content-layout":"","ast-site-content-layout":"","site-content-style":"default","site-sidebar-style":"default","ast-global-header-display":"","ast-banner-title-visibility":"","ast-main-header-display":"","ast-hfb-above-header-display":"","ast-hfb-below-header-display":"","ast-hfb-mobile-header-display":"","site-post-title":"","ast-breadcrumbs-content":"","ast-featured-img":"","footer-sml-layout":"","theme-transparent-header-meta":"","adv-header-id-meta":"","stick-header-meta":"","header-above-stick-meta":"","header-main-stick-meta":"","header-below-stick-meta":"","astra-migrate-meta-layouts":"default","ast-page-background-enabled":"default","ast-page-background-meta":{"desktop":{"background-color":"var(--ast-global-color-5)","background-image":"","background-repeat":"repeat","background-position":"center center","background-size":"auto","background-attachment":"scroll","background-type":"","background-media":"","overlay-type":"","overlay-color":"","overlay-opacity":"","overlay-gradient":""},"tablet":{"background-color":"","background-image":"","background-repeat":"repeat","background-position":"center center","background-size":"auto","background-attachment":"scroll","background-type":"","background-media":"","overlay-type":"","overlay-color":"","overlay-opacity":"","overlay-gradient":""},"mobile":{"background-color":"","background-image":"","background-repeat":"repeat","background-position":"center center","background-size":"auto","background-attachment":"scroll","background-type":"","background-media":"","overlay-type":"","overlay-color":"","overlay-opacity":"","overlay-gradient":""}},"ast-content-background-meta":{"desktop":{"background-color":"var(--ast-global-color-4)","background-image":"","background-repeat":"repeat","background-position":"center center","background-size":"auto","background-attachment":"scroll","background-type":"","background-media":"","overlay-type":"","overlay-color":"","overlay-opacity":"","overlay-gradient":""},"tablet":{"background-color":"var(--ast-global-color-4)","background-image":"","background-repeat":"repeat","background-position":"center center","background-size":"auto","background-attachment":"scroll","background-type":"","background-media":"","overlay-type":"","overlay-color":"","overlay-opacity":"","overlay-gradient":""},"mobile":{"background-color":"var(--ast-global-color-4)","background-image":"","background-repeat":"repeat","background-position":"center center","background-size":"auto","background-attachment":"scroll","background-type":"","background-media":"","overlay-type":"","overlay-color":"","overlay-opacity":"","overlay-gradient":""}},"footnotes":""},"categories":[82,4],"tags":[],"class_list":["post-25620","post","type-post","status-publish","format-standard","has-post-thumbnail","hentry","category-nascuts-2013","category-portada"],"post_mailing_queue_ids":[],"_links":{"self":[{"href":"https:\/\/agora.xtec.cat\/escolacanfabra\/wp-json\/wp\/v2\/posts\/25620","targetHints":{"allow":["GET"]}}],"collection":[{"href":"https:\/\/agora.xtec.cat\/escolacanfabra\/wp-json\/wp\/v2\/posts"}],"about":[{"href":"https:\/\/agora.xtec.cat\/escolacanfabra\/wp-json\/wp\/v2\/types\/post"}],"author":[{"embeddable":true,"href":"https:\/\/agora.xtec.cat\/escolacanfabra\/wp-json\/wp\/v2\/users\/3"}],"replies":[{"embeddable":true,"href":"https:\/\/agora.xtec.cat\/escolacanfabra\/wp-json\/wp\/v2\/comments?post=25620"}],"version-history":[{"count":2,"href":"https:\/\/agora.xtec.cat\/escolacanfabra\/wp-json\/wp\/v2\/posts\/25620\/revisions"}],"predecessor-version":[{"id":25698,"href":"https:\/\/agora.xtec.cat\/escolacanfabra\/wp-json\/wp\/v2\/posts\/25620\/revisions\/25698"}],"wp:featuredmedia":[{"embeddable":true,"href":"https:\/\/agora.xtec.cat\/escolacanfabra\/wp-json\/wp\/v2\/media\/25623"}],"wp:attachment":[{"href":"https:\/\/agora.xtec.cat\/escolacanfabra\/wp-json\/wp\/v2\/media?parent=25620"}],"wp:term":[{"taxonomy":"category","embeddable":true,"href":"https:\/\/agora.xtec.cat\/escolacanfabra\/wp-json\/wp\/v2\/categories?post=25620"},{"taxonomy":"post_tag","embeddable":true,"href":"https:\/\/agora.xtec.cat\/escolacanfabra\/wp-json\/wp\/v2\/tags?post=25620"}],"curies":[{"name":"wp","href":"https:\/\/api.w.org\/{rel}","templated":true}]}}