{"id":25469,"date":"2021-12-21T16:15:26","date_gmt":"2021-12-21T15:15:26","guid":{"rendered":"https:\/\/agora.xtec.cat\/escolacanfabra\/?p=25469"},"modified":"2021-12-22T17:00:56","modified_gmt":"2021-12-22T16:00:56","slug":"nadales-a-lescola","status":"publish","type":"post","link":"https:\/\/agora.xtec.cat\/escolacanfabra\/general\/nadales-a-lescola\/","title":{"rendered":"Nadales a l&#8217;Escola"},"content":{"rendered":"<p>Arriben les festes i les Nadales no poden faltar a Can Fabra!<\/p>\n<p>I qu\u00e8 cantem a classe?<\/p>\n<p>Doncs aqu\u00ed us deixem les can\u00e7ons i els enlla\u00e7os per si voleu anar practicant a casa durant aquestes festes!<\/p>\n<p>Bones festes! I bones Nadales!<\/p>\n<p><a href=\"https:\/\/agora.xtec.cat\/escolacanfabra\/wp-content\/uploads\/usu1954\/2021\/12\/llum-del-fanalet-1.jpg\"><img loading=\"lazy\" decoding=\"async\" class=\"alignnone size-full wp-image-25489\" src=\"https:\/\/agora.xtec.cat\/escolacanfabra\/wp-content\/uploads\/usu1954\/2021\/12\/llum-del-fanalet-1.jpg\" alt=\"\" width=\"641\" height=\"359\" srcset=\"https:\/\/agora.xtec.cat\/escolacanfabra\/wp-content\/uploads\/usu1954\/2021\/12\/llum-del-fanalet-1.jpg 641w, https:\/\/agora.xtec.cat\/escolacanfabra\/wp-content\/uploads\/usu1954\/2021\/12\/llum-del-fanalet-1-300x168.jpg 300w\" sizes=\"auto, (max-width: 641px) 100vw, 641px\" \/><\/a><\/p>\n<p>P3:\u00a0<a style=\"color: #2795b6;\" href=\"https:\/\/www.youtube.com\/watch?v=MCoyO8acm0I\">CLICA!\u00a0 A<\/a><span style=\"font-family: inherit; font-size: 1em;\">mb la Llum del Fanalet,\u00a0<\/span><\/p>\n<p>&nbsp;<\/p>\n<p><a href=\"https:\/\/agora.xtec.cat\/escolacanfabra\/wp-content\/uploads\/usu1954\/2021\/12\/llums-de-nadal.jpg\"><img loading=\"lazy\" decoding=\"async\" class=\"alignnone size-full wp-image-25490\" src=\"https:\/\/agora.xtec.cat\/escolacanfabra\/wp-content\/uploads\/usu1954\/2021\/12\/llums-de-nadal.jpg\" alt=\"\" width=\"633\" height=\"353\" srcset=\"https:\/\/agora.xtec.cat\/escolacanfabra\/wp-content\/uploads\/usu1954\/2021\/12\/llums-de-nadal.jpg 633w, https:\/\/agora.xtec.cat\/escolacanfabra\/wp-content\/uploads\/usu1954\/2021\/12\/llums-de-nadal-300x167.jpg 300w\" sizes=\"auto, (max-width: 633px) 100vw, 633px\" \/><\/a><\/p>\n<p>P4: <a href=\"https:\/\/www.youtube.com\/watch?v=aF7ALdeyDos&amp;t=1s\">CLICA!<\/a> Llums de Nadal<\/p>\n<p>&nbsp;<\/p>\n<p><a href=\"https:\/\/agora.xtec.cat\/escolacanfabra\/wp-content\/uploads\/usu1954\/2021\/12\/el-ninot-de-neu.jpg\"><img loading=\"lazy\" decoding=\"async\" class=\"alignnone size-full wp-image-25491\" src=\"https:\/\/agora.xtec.cat\/escolacanfabra\/wp-content\/uploads\/usu1954\/2021\/12\/el-ninot-de-neu.jpg\" alt=\"\" width=\"390\" height=\"388\" srcset=\"https:\/\/agora.xtec.cat\/escolacanfabra\/wp-content\/uploads\/usu1954\/2021\/12\/el-ninot-de-neu.jpg 390w, https:\/\/agora.xtec.cat\/escolacanfabra\/wp-content\/uploads\/usu1954\/2021\/12\/el-ninot-de-neu-300x298.jpg 300w, https:\/\/agora.xtec.cat\/escolacanfabra\/wp-content\/uploads\/usu1954\/2021\/12\/el-ninot-de-neu-150x150.jpg 150w\" sizes=\"auto, (max-width: 390px) 100vw, 390px\" \/><\/a><\/p>\n<p>P5: <a href=\"https:\/\/www.youtube.com\/watch?v=CkLuvcQOXRM\">CLICA!<\/a> El ninot de neu i <a href=\"https:\/\/www.youtube.com\/watch?v=LtSXHgHRmOo\">CLICA<\/a>: He fet un ninot de Neu<\/p>\n","protected":false},"excerpt":{"rendered":"<p>Arriben les festes i les Nadales no poden faltar a Can Fabra! I qu\u00e8 cantem a classe? Doncs aqu\u00ed us deixem les can\u00e7ons i els enlla\u00e7os per si voleu anar practicant a casa durant aquestes festes! Bones festes! I bones Nadales! P3:\u00a0CLICA!\u00a0 Amb la Llum del Fanalet,\u00a0 &nbsp; P4: CLICA! Llums de Nadal &nbsp; P5: [&hellip;]<\/p>\n","protected":false},"author":3,"featured_media":25490,"comment_status":"open","ping_status":"closed","sticky":false,"template":"","format":"standard","meta":{"_bbp_topic_count":0,"_bbp_reply_count":0,"_bbp_total_topic_count":0,"_bbp_total_reply_count":0,"_bbp_voice_count":0,"_bbp_anonymous_reply_count":0,"_bbp_topic_count_hidden":0,"_bbp_reply_count_hidden":0,"_bbp_forum_subforum_count":0,"site-sidebar-layout":"default","site-content-layout":"","ast-site-content-layout":"","site-content-style":"default","site-sidebar-style":"default","ast-global-header-display":"","ast-banner-title-visibility":"","ast-main-header-display":"","ast-hfb-above-header-display":"","ast-hfb-below-header-display":"","ast-hfb-mobile-header-display":"","site-post-title":"","ast-breadcrumbs-content":"","ast-featured-img":"","footer-sml-layout":"","theme-transparent-header-meta":"","adv-header-id-meta":"","stick-header-meta":"","header-above-stick-meta":"","header-main-stick-meta":"","header-below-stick-meta":"","astra-migrate-meta-layouts":"default","ast-page-background-enabled":"default","ast-page-background-meta":{"desktop":{"background-color":"var(--ast-global-color-5)","background-image":"","background-repeat":"repeat","background-position":"center center","background-size":"auto","background-attachment":"scroll","background-type":"","background-media":"","overlay-type":"","overlay-color":"","overlay-opacity":"","overlay-gradient":""},"tablet":{"background-color":"","background-image":"","background-repeat":"repeat","background-position":"center center","background-size":"auto","background-attachment":"scroll","background-type":"","background-media":"","overlay-type":"","overlay-color":"","overlay-opacity":"","overlay-gradient":""},"mobile":{"background-color":"","background-image":"","background-repeat":"repeat","background-position":"center center","background-size":"auto","background-attachment":"scroll","background-type":"","background-media":"","overlay-type":"","overlay-color":"","overlay-opacity":"","overlay-gradient":""}},"ast-content-background-meta":{"desktop":{"background-color":"var(--ast-global-color-4)","background-image":"","background-repeat":"repeat","background-position":"center center","background-size":"auto","background-attachment":"scroll","background-type":"","background-media":"","overlay-type":"","overlay-color":"","overlay-opacity":"","overlay-gradient":""},"tablet":{"background-color":"var(--ast-global-color-4)","background-image":"","background-repeat":"repeat","background-position":"center center","background-size":"auto","background-attachment":"scroll","background-type":"","background-media":"","overlay-type":"","overlay-color":"","overlay-opacity":"","overlay-gradient":""},"mobile":{"background-color":"var(--ast-global-color-4)","background-image":"","background-repeat":"repeat","background-position":"center center","background-size":"auto","background-attachment":"scroll","background-type":"","background-media":"","overlay-type":"","overlay-color":"","overlay-opacity":"","overlay-gradient":""}},"footnotes":""},"categories":[1,2,262,266,71,4],"tags":[],"class_list":["post-25469","post","type-post","status-publish","format-standard","has-post-thumbnail","hentry","category-general","category-infantil","category-nascuts-2016","category-nascuts-2017","category-noticies","category-portada"],"post_mailing_queue_ids":[],"_links":{"self":[{"href":"https:\/\/agora.xtec.cat\/escolacanfabra\/wp-json\/wp\/v2\/posts\/25469","targetHints":{"allow":["GET"]}}],"collection":[{"href":"https:\/\/agora.xtec.cat\/escolacanfabra\/wp-json\/wp\/v2\/posts"}],"about":[{"href":"https:\/\/agora.xtec.cat\/escolacanfabra\/wp-json\/wp\/v2\/types\/post"}],"author":[{"embeddable":true,"href":"https:\/\/agora.xtec.cat\/escolacanfabra\/wp-json\/wp\/v2\/users\/3"}],"replies":[{"embeddable":true,"href":"https:\/\/agora.xtec.cat\/escolacanfabra\/wp-json\/wp\/v2\/comments?post=25469"}],"version-history":[{"count":3,"href":"https:\/\/agora.xtec.cat\/escolacanfabra\/wp-json\/wp\/v2\/posts\/25469\/revisions"}],"predecessor-version":[{"id":25497,"href":"https:\/\/agora.xtec.cat\/escolacanfabra\/wp-json\/wp\/v2\/posts\/25469\/revisions\/25497"}],"wp:featuredmedia":[{"embeddable":true,"href":"https:\/\/agora.xtec.cat\/escolacanfabra\/wp-json\/wp\/v2\/media\/25490"}],"wp:attachment":[{"href":"https:\/\/agora.xtec.cat\/escolacanfabra\/wp-json\/wp\/v2\/media?parent=25469"}],"wp:term":[{"taxonomy":"category","embeddable":true,"href":"https:\/\/agora.xtec.cat\/escolacanfabra\/wp-json\/wp\/v2\/categories?post=25469"},{"taxonomy":"post_tag","embeddable":true,"href":"https:\/\/agora.xtec.cat\/escolacanfabra\/wp-json\/wp\/v2\/tags?post=25469"}],"curies":[{"name":"wp","href":"https:\/\/api.w.org\/{rel}","templated":true}]}}