{"id":25456,"date":"2021-12-16T15:29:11","date_gmt":"2021-12-16T14:29:11","guid":{"rendered":"https:\/\/agora.xtec.cat\/escolacanfabra\/?p=25456"},"modified":"2021-12-16T15:29:11","modified_gmt":"2021-12-16T14:29:11","slug":"1rb-la-classe-dels-volcans-decorem-la-porta","status":"publish","type":"post","link":"https:\/\/agora.xtec.cat\/escolacanfabra\/general\/1rb-la-classe-dels-volcans-decorem-la-porta\/","title":{"rendered":"1rB LA CLASSE DELS VOLCANS DECOREM LA PORTA"},"content":{"rendered":"<p>La porta de la classe dels VOLCANS despr\u00e9s de molts dies de feina ja est\u00e0 finalitzada. Fa un parell de setmanes que la van acabar. Ha estat una feina molt laboriosa la seva elaboraci\u00f3, i estem tots molt contents del resultat obtingut.<\/p>\n<p>Tot va comen\u00e7ar amb un esb\u00f3s inicial\u00a0de qu\u00e8\u00a0vol\u00edem fer. Aix\u00f2 no va ser gens f\u00e0cil, i per equips de tres van dissenyar un esb\u00f3s inicial. No nom\u00e9s van pensar que els agradaria que\u00a0sort\u00eds\u00a0a la porta,\u00a0sin\u00f3 els materials que utilitzarien, Posteriorment van fer una posada en com\u00fa a tots els companys i companyes i finalment, van votar el disseny que els hi semblava m\u00e9s adient. Com no ho tenien gaire clar i els agradaven tots van decidir que perqu\u00e8 escollir un\u00a0\u00fanic\u00a0model, sin\u00f3 que podien posar una miqueta de tots. I aix\u00ed ho van\u00a0fer:\u00a0UN DISSENY CONJUNT.<\/p>\n<p>Una vegada ja tenien el disseny, i els materials, ja nom\u00e9s quedava distribuir la feina. La van classificar en 4 blocs: la construcci\u00f3 del volc\u00e0, les pedres volc\u00e0niques, les palmeres, i les cases. Tots els nens i nenes van\u00a0col\u00b7laborar\u00a0en les diferents tasques, i la veritat\u00a0\u00e9s\u00a0que van ser un treball molt bonic i ens ho van passar d&#8217;all\u00f2 m\u00e9s b\u00e9.<\/p>\n<p>La classe dels volcans estem molt contents de la feina realitzada, i del resultat obtingut. Esperem que a vosaltres tamb\u00e9 us agradi.<\/p>\n<p><a href=\"https:\/\/agora.xtec.cat\/escolacanfabra\/album-fotos-2015b\/\">Aqu\u00ed<\/a> us deixem un recull de fotografies\u00a0perqu\u00e8\u00a0gaudiu del proc\u00e9s.<\/p>\n","protected":false},"excerpt":{"rendered":"<p>La porta de la classe dels VOLCANS despr\u00e9s de molts dies de feina ja est\u00e0 finalitzada. Fa un parell de setmanes que la van acabar. Ha estat una feina molt laboriosa la seva elaboraci\u00f3, i estem tots molt contents del resultat obtingut. Tot va comen\u00e7ar amb un esb\u00f3s inicial\u00a0de qu\u00e8\u00a0vol\u00edem fer. Aix\u00f2 no va ser [&hellip;]<\/p>\n","protected":false},"author":3,"featured_media":25467,"comment_status":"open","ping_status":"closed","sticky":false,"template":"","format":"standard","meta":{"_bbp_topic_count":0,"_bbp_reply_count":0,"_bbp_total_topic_count":0,"_bbp_total_reply_count":0,"_bbp_voice_count":0,"_bbp_anonymous_reply_count":0,"_bbp_topic_count_hidden":0,"_bbp_reply_count_hidden":0,"_bbp_forum_subforum_count":0,"site-sidebar-layout":"default","site-content-layout":"","ast-site-content-layout":"","site-content-style":"default","site-sidebar-style":"default","ast-global-header-display":"","ast-banner-title-visibility":"","ast-main-header-display":"","ast-hfb-above-header-display":"","ast-hfb-below-header-display":"","ast-hfb-mobile-header-display":"","site-post-title":"","ast-breadcrumbs-content":"","ast-featured-img":"","footer-sml-layout":"","theme-transparent-header-meta":"","adv-header-id-meta":"","stick-header-meta":"","header-above-stick-meta":"","header-main-stick-meta":"","header-below-stick-meta":"","astra-migrate-meta-layouts":"default","ast-page-background-enabled":"default","ast-page-background-meta":{"desktop":{"background-color":"var(--ast-global-color-5)","background-image":"","background-repeat":"repeat","background-position":"center center","background-size":"auto","background-attachment":"scroll","background-type":"","background-media":"","overlay-type":"","overlay-color":"","overlay-opacity":"","overlay-gradient":""},"tablet":{"background-color":"","background-image":"","background-repeat":"repeat","background-position":"center center","background-size":"auto","background-attachment":"scroll","background-type":"","background-media":"","overlay-type":"","overlay-color":"","overlay-opacity":"","overlay-gradient":""},"mobile":{"background-color":"","background-image":"","background-repeat":"repeat","background-position":"center center","background-size":"auto","background-attachment":"scroll","background-type":"","background-media":"","overlay-type":"","overlay-color":"","overlay-opacity":"","overlay-gradient":""}},"ast-content-background-meta":{"desktop":{"background-color":"var(--ast-global-color-4)","background-image":"","background-repeat":"repeat","background-position":"center center","background-size":"auto","background-attachment":"scroll","background-type":"","background-media":"","overlay-type":"","overlay-color":"","overlay-opacity":"","overlay-gradient":""},"tablet":{"background-color":"var(--ast-global-color-4)","background-image":"","background-repeat":"repeat","background-position":"center center","background-size":"auto","background-attachment":"scroll","background-type":"","background-media":"","overlay-type":"","overlay-color":"","overlay-opacity":"","overlay-gradient":""},"mobile":{"background-color":"var(--ast-global-color-4)","background-image":"","background-repeat":"repeat","background-position":"center center","background-size":"auto","background-attachment":"scroll","background-type":"","background-media":"","overlay-type":"","overlay-color":"","overlay-opacity":"","overlay-gradient":""}},"footnotes":""},"categories":[1,241,71,4],"tags":[],"class_list":["post-25456","post","type-post","status-publish","format-standard","has-post-thumbnail","hentry","category-general","category-nascuts-2015","category-noticies","category-portada"],"post_mailing_queue_ids":[],"_links":{"self":[{"href":"https:\/\/agora.xtec.cat\/escolacanfabra\/wp-json\/wp\/v2\/posts\/25456","targetHints":{"allow":["GET"]}}],"collection":[{"href":"https:\/\/agora.xtec.cat\/escolacanfabra\/wp-json\/wp\/v2\/posts"}],"about":[{"href":"https:\/\/agora.xtec.cat\/escolacanfabra\/wp-json\/wp\/v2\/types\/post"}],"author":[{"embeddable":true,"href":"https:\/\/agora.xtec.cat\/escolacanfabra\/wp-json\/wp\/v2\/users\/3"}],"replies":[{"embeddable":true,"href":"https:\/\/agora.xtec.cat\/escolacanfabra\/wp-json\/wp\/v2\/comments?post=25456"}],"version-history":[{"count":3,"href":"https:\/\/agora.xtec.cat\/escolacanfabra\/wp-json\/wp\/v2\/posts\/25456\/revisions"}],"predecessor-version":[{"id":25468,"href":"https:\/\/agora.xtec.cat\/escolacanfabra\/wp-json\/wp\/v2\/posts\/25456\/revisions\/25468"}],"wp:featuredmedia":[{"embeddable":true,"href":"https:\/\/agora.xtec.cat\/escolacanfabra\/wp-json\/wp\/v2\/media\/25467"}],"wp:attachment":[{"href":"https:\/\/agora.xtec.cat\/escolacanfabra\/wp-json\/wp\/v2\/media?parent=25456"}],"wp:term":[{"taxonomy":"category","embeddable":true,"href":"https:\/\/agora.xtec.cat\/escolacanfabra\/wp-json\/wp\/v2\/categories?post=25456"},{"taxonomy":"post_tag","embeddable":true,"href":"https:\/\/agora.xtec.cat\/escolacanfabra\/wp-json\/wp\/v2\/tags?post=25456"}],"curies":[{"name":"wp","href":"https:\/\/api.w.org\/{rel}","templated":true}]}}