{"id":25308,"date":"2021-12-09T14:55:10","date_gmt":"2021-12-09T13:55:10","guid":{"rendered":"https:\/\/agora.xtec.cat\/escolacanfabra\/?p=25308"},"modified":"2021-12-09T14:55:10","modified_gmt":"2021-12-09T13:55:10","slug":"p5-primeres-sessions-de-tallers","status":"publish","type":"post","link":"https:\/\/agora.xtec.cat\/escolacanfabra\/general\/p5-primeres-sessions-de-tallers\/","title":{"rendered":"P5: PRIMERES SESSIONS DE TALLERS"},"content":{"rendered":"<p><span class=\"hiddenGrammarError\" style=\"padding-bottom: 2px; background-image: url('..\/..\/..\/..\/..\/images\/squiggle.png'); background-repeat: repeat-x; background-position: left bottom; cursor: default; color: #000000; font-family: 'Open Sans', Helvetica, Arial, sans-serif; font-size: 16px; font-style: normal; font-variant-ligatures: normal; font-variant-caps: normal; font-weight: 300; letter-spacing: normal; orphans: 2; text-align: start; text-indent: 0px; text-transform: none; white-space: normal; widows: 2; word-spacing: 0px; -webkit-text-stroke-width: 0px; text-decoration-thickness: initial; text-decoration-style: initial; text-decoration-color: initial;\">HOLA<\/span>\u00a0FAM\u00cdLIES, NO VOL\u00cdEM ACABAR EL TRIMESTRE SENSE FER UNA MOSTRA DELS TALLERS QUE HEM COMEN\u00c7AT A REALITZAR AQUEST CURS. US PASSEM UN PETIT RECULL DE FOTOGRAFIES DELS DOS TALLERS QUE JA HEM FINALITZAT:<br \/>\nEL TALLER DE REMENO, ON ELS NENS I NENES HAN POGUT GAUDIR AMB LA MANIPULACI\u00d3 DE DIFERENTS MATERIALS COM ARA LA FARINA, EL COLACAO, L&#8217;ARR\u00d2S, LES BOLES DE GELATINA I EL BLAT DE MORO.<br \/>\nI EL TALLER DE COS I MOVIMENT ON HAN DANSAT AL RITME DE LES DIFERENTS MELODIES DEL &#8220;CARNAVAL DELS ANIMALS&#8221;.<\/p>\n<ul>\n<li><a href=\"https:\/\/agora.xtec.cat\/escolacanfabra\/album-fotos-2016a\/\">GIRA-SOLS<\/a><\/li>\n<li><a href=\"https:\/\/agora.xtec.cat\/escolacanfabra\/album-fotos-2016b\/\">CACTUS<\/a><\/li>\n<\/ul>\n","protected":false},"excerpt":{"rendered":"<p>HOLA\u00a0FAM\u00cdLIES, NO VOL\u00cdEM ACABAR EL TRIMESTRE SENSE FER UNA MOSTRA DELS TALLERS QUE HEM COMEN\u00c7AT A REALITZAR AQUEST CURS. US PASSEM UN PETIT RECULL DE FOTOGRAFIES DELS DOS TALLERS QUE JA HEM FINALITZAT: EL TALLER DE REMENO, ON ELS NENS I NENES HAN POGUT GAUDIR AMB LA MANIPULACI\u00d3 DE DIFERENTS MATERIALS COM ARA LA FARINA, [&hellip;]<\/p>\n","protected":false},"author":3,"featured_media":22557,"comment_status":"closed","ping_status":"closed","sticky":false,"template":"","format":"standard","meta":{"_bbp_topic_count":0,"_bbp_reply_count":0,"_bbp_total_topic_count":0,"_bbp_total_reply_count":0,"_bbp_voice_count":0,"_bbp_anonymous_reply_count":0,"_bbp_topic_count_hidden":0,"_bbp_reply_count_hidden":0,"_bbp_forum_subforum_count":0,"site-sidebar-layout":"default","site-content-layout":"","ast-site-content-layout":"","site-content-style":"default","site-sidebar-style":"default","ast-global-header-display":"","ast-banner-title-visibility":"","ast-main-header-display":"","ast-hfb-above-header-display":"","ast-hfb-below-header-display":"","ast-hfb-mobile-header-display":"","site-post-title":"","ast-breadcrumbs-content":"","ast-featured-img":"","footer-sml-layout":"","theme-transparent-header-meta":"","adv-header-id-meta":"","stick-header-meta":"","header-above-stick-meta":"","header-main-stick-meta":"","header-below-stick-meta":"","astra-migrate-meta-layouts":"default","ast-page-background-enabled":"default","ast-page-background-meta":{"desktop":{"background-color":"var(--ast-global-color-5)","background-image":"","background-repeat":"repeat","background-position":"center center","background-size":"auto","background-attachment":"scroll","background-type":"","background-media":"","overlay-type":"","overlay-color":"","overlay-opacity":"","overlay-gradient":""},"tablet":{"background-color":"","background-image":"","background-repeat":"repeat","background-position":"center center","background-size":"auto","background-attachment":"scroll","background-type":"","background-media":"","overlay-type":"","overlay-color":"","overlay-opacity":"","overlay-gradient":""},"mobile":{"background-color":"","background-image":"","background-repeat":"repeat","background-position":"center center","background-size":"auto","background-attachment":"scroll","background-type":"","background-media":"","overlay-type":"","overlay-color":"","overlay-opacity":"","overlay-gradient":""}},"ast-content-background-meta":{"desktop":{"background-color":"var(--ast-global-color-4)","background-image":"","background-repeat":"repeat","background-position":"center center","background-size":"auto","background-attachment":"scroll","background-type":"","background-media":"","overlay-type":"","overlay-color":"","overlay-opacity":"","overlay-gradient":""},"tablet":{"background-color":"var(--ast-global-color-4)","background-image":"","background-repeat":"repeat","background-position":"center center","background-size":"auto","background-attachment":"scroll","background-type":"","background-media":"","overlay-type":"","overlay-color":"","overlay-opacity":"","overlay-gradient":""},"mobile":{"background-color":"var(--ast-global-color-4)","background-image":"","background-repeat":"repeat","background-position":"center center","background-size":"auto","background-attachment":"scroll","background-type":"","background-media":"","overlay-type":"","overlay-color":"","overlay-opacity":"","overlay-gradient":""}},"footnotes":""},"categories":[1,2,262,4],"tags":[],"class_list":["post-25308","post","type-post","status-publish","format-standard","has-post-thumbnail","hentry","category-general","category-infantil","category-nascuts-2016","category-portada"],"post_mailing_queue_ids":[],"_links":{"self":[{"href":"https:\/\/agora.xtec.cat\/escolacanfabra\/wp-json\/wp\/v2\/posts\/25308","targetHints":{"allow":["GET"]}}],"collection":[{"href":"https:\/\/agora.xtec.cat\/escolacanfabra\/wp-json\/wp\/v2\/posts"}],"about":[{"href":"https:\/\/agora.xtec.cat\/escolacanfabra\/wp-json\/wp\/v2\/types\/post"}],"author":[{"embeddable":true,"href":"https:\/\/agora.xtec.cat\/escolacanfabra\/wp-json\/wp\/v2\/users\/3"}],"replies":[{"embeddable":true,"href":"https:\/\/agora.xtec.cat\/escolacanfabra\/wp-json\/wp\/v2\/comments?post=25308"}],"version-history":[{"count":1,"href":"https:\/\/agora.xtec.cat\/escolacanfabra\/wp-json\/wp\/v2\/posts\/25308\/revisions"}],"predecessor-version":[{"id":25317,"href":"https:\/\/agora.xtec.cat\/escolacanfabra\/wp-json\/wp\/v2\/posts\/25308\/revisions\/25317"}],"wp:featuredmedia":[{"embeddable":true,"href":"https:\/\/agora.xtec.cat\/escolacanfabra\/wp-json\/wp\/v2\/media\/22557"}],"wp:attachment":[{"href":"https:\/\/agora.xtec.cat\/escolacanfabra\/wp-json\/wp\/v2\/media?parent=25308"}],"wp:term":[{"taxonomy":"category","embeddable":true,"href":"https:\/\/agora.xtec.cat\/escolacanfabra\/wp-json\/wp\/v2\/categories?post=25308"},{"taxonomy":"post_tag","embeddable":true,"href":"https:\/\/agora.xtec.cat\/escolacanfabra\/wp-json\/wp\/v2\/tags?post=25308"}],"curies":[{"name":"wp","href":"https:\/\/api.w.org\/{rel}","templated":true}]}}