{"id":25194,"date":"2021-11-18T18:20:25","date_gmt":"2021-11-18T17:20:25","guid":{"rendered":"https:\/\/agora.xtec.cat\/escolacanfabra\/?p=25194"},"modified":"2021-12-09T09:13:27","modified_gmt":"2021-12-09T08:13:27","slug":"escola-material-de-pati","status":"publish","type":"post","link":"https:\/\/agora.xtec.cat\/escolacanfabra\/portada\/escola-material-de-pati\/","title":{"rendered":"Escola &#8211; MATERIAL DE PATI"},"content":{"rendered":"<p><a href=\"https:\/\/agora.xtec.cat\/escolacanfabra\/wp-content\/uploads\/usu1954\/2021\/11\/871f4b24-8061-44ba-9c14-53700cd0354f-e1637255149626.jpg\"><img loading=\"lazy\" decoding=\"async\" class=\"alignnone size-full wp-image-25186\" src=\"https:\/\/agora.xtec.cat\/escolacanfabra\/wp-content\/uploads\/usu1954\/2021\/11\/871f4b24-8061-44ba-9c14-53700cd0354f-e1637255149626.jpg\" alt=\"\" width=\"1005\" height=\"462\" srcset=\"https:\/\/agora.xtec.cat\/escolacanfabra\/wp-content\/uploads\/usu1954\/2021\/11\/871f4b24-8061-44ba-9c14-53700cd0354f-e1637255149626.jpg 1005w, https:\/\/agora.xtec.cat\/escolacanfabra\/wp-content\/uploads\/usu1954\/2021\/11\/871f4b24-8061-44ba-9c14-53700cd0354f-e1637255149626-300x138.jpg 300w, https:\/\/agora.xtec.cat\/escolacanfabra\/wp-content\/uploads\/usu1954\/2021\/11\/871f4b24-8061-44ba-9c14-53700cd0354f-e1637255149626-768x353.jpg 768w\" sizes=\"auto, (max-width: 1005px) 100vw, 1005px\" \/><\/a>Ja fa un parell de setmanes que, a escola, hem estrenat el material de pati. Tenim capses amb jocs ben diversos, que tenen com a objectiu cobrir les necessitats de tots els infants durant l\u2019estona d\u2019esbarjo i de fer-la m\u00e9s divertida i entretinguda.<\/p>\n<p><a href=\"https:\/\/agora.xtec.cat\/escolacanfabra\/wp-content\/uploads\/usu1954\/2021\/11\/7185b817-7ee5-46d5-84cc-4e40485ed8b9.jpg\"><img loading=\"lazy\" decoding=\"async\" class=\"wp-image-25187 size-thumbnail alignleft\" src=\"https:\/\/agora.xtec.cat\/escolacanfabra\/wp-content\/uploads\/usu1954\/2021\/11\/7185b817-7ee5-46d5-84cc-4e40485ed8b9-150x150.jpg\" alt=\"\" width=\"150\" height=\"150\" \/><\/a>Tothom pot trobar el seu espai, ja sigui amb propostes de moviment (frisbies, raquetes, cordes\u2026), jocs de taula (uno, fam\u00edlies, virus\u2026), construccions, cotxes, jocs gegants o eines per al sorral. A m\u00e9s, cada aula t\u00e9 dos encarregats de vetllar per la cura i l\u2019endre\u00e7a d\u2019aquest material, per\u00f2, la responsabilitat \u00e9s de tots i totes.<a href=\"https:\/\/agora.xtec.cat\/escolacanfabra\/wp-content\/uploads\/usu1954\/2021\/11\/ba4ffc8d-2c4c-46f7-af3b-a280d590bce5.jpg\"><img loading=\"lazy\" decoding=\"async\" class=\"wp-image-25192 size-thumbnail alignright\" src=\"https:\/\/agora.xtec.cat\/escolacanfabra\/wp-content\/uploads\/usu1954\/2021\/11\/ba4ffc8d-2c4c-46f7-af3b-a280d590bce5-150x150.jpg\" alt=\"\" width=\"150\" height=\"150\" \/><\/a><\/p>\n<p>De seguida ens vam adonar que no est\u00e0vem fent les coses b\u00e9 perqu\u00e8 bona part d\u2019aquest material s\u2019ha espatllat i trencat de seguida, per l\u2019\u00fas inadequat que en fan alguns infants.<\/p>\n<p><a href=\"https:\/\/agora.xtec.cat\/escolacanfabra\/wp-content\/uploads\/usu1954\/2021\/11\/21da53f2-0812-4bde-8f64-d59a92471ee6.jpg\"><img loading=\"lazy\" decoding=\"async\" class=\"wp-image-25184 size-thumbnail alignleft\" src=\"https:\/\/agora.xtec.cat\/escolacanfabra\/wp-content\/uploads\/usu1954\/2021\/11\/21da53f2-0812-4bde-8f64-d59a92471ee6-150x150.jpg\" alt=\"\" width=\"150\" height=\"150\" \/><\/a>Amb la idea de fer-ho visible, ho hem parlat a les tutories perqu\u00e8 \u00e9s necessari fer veure a la canalla la import\u00e0ncia de respectar el material com\u00fa. Tamb\u00e9 hem dedicat un espai al vest\u00edbul mostrant bona part d\u2019aquest material trencat pel mal \u00fas i habilitant una b\u00fastia de propostes perqu\u00e8, els nens i nenes que volguessin poguessin dir la seva. Com podeu veure a les fotos, no sempre la resposta i la reflexi\u00f3 \u00e9s la que esperem\u2026<\/p>\n<p><a href=\"https:\/\/agora.xtec.cat\/escolacanfabra\/wp-content\/uploads\/usu1954\/2021\/11\/70542b98-e954-4729-b46e-c3e95367f49a.jpg\"><img loading=\"lazy\" decoding=\"async\" class=\"alignnone wp-image-25188 size-thumbnail\" src=\"https:\/\/agora.xtec.cat\/escolacanfabra\/wp-content\/uploads\/usu1954\/2021\/11\/70542b98-e954-4729-b46e-c3e95367f49a-150x150.jpg\" alt=\"\" width=\"150\" height=\"150\" \/><\/a> <a href=\"https:\/\/agora.xtec.cat\/escolacanfabra\/wp-content\/uploads\/usu1954\/2021\/11\/accaf1b7-4a35-40e2-b33f-9dc9a973441f.jpg\"><img loading=\"lazy\" decoding=\"async\" class=\"alignnone wp-image-25191 size-thumbnail\" src=\"https:\/\/agora.xtec.cat\/escolacanfabra\/wp-content\/uploads\/usu1954\/2021\/11\/accaf1b7-4a35-40e2-b33f-9dc9a973441f-150x150.jpg\" alt=\"\" width=\"150\" height=\"150\" \/> <\/a><a href=\"https:\/\/agora.xtec.cat\/escolacanfabra\/wp-content\/uploads\/usu1954\/2021\/11\/53b0618f-7ffd-4ea6-ae4e-ae435ebf9e47.jpg\"><img loading=\"lazy\" decoding=\"async\" class=\"alignnone wp-image-25185 size-thumbnail\" src=\"https:\/\/agora.xtec.cat\/escolacanfabra\/wp-content\/uploads\/usu1954\/2021\/11\/53b0618f-7ffd-4ea6-ae4e-ae435ebf9e47-150x150.jpg\" alt=\"\" width=\"150\" height=\"150\" \/> <\/a><a href=\"https:\/\/agora.xtec.cat\/escolacanfabra\/wp-content\/uploads\/usu1954\/2021\/11\/2600168e-b0c0-4a38-a0d2-412aef17bca9.jpg\"><img loading=\"lazy\" decoding=\"async\" class=\"alignnone wp-image-25189 size-thumbnail\" src=\"https:\/\/agora.xtec.cat\/escolacanfabra\/wp-content\/uploads\/usu1954\/2021\/11\/2600168e-b0c0-4a38-a0d2-412aef17bca9-150x150.jpg\" alt=\"\" width=\"150\" height=\"150\" \/><\/a><\/p>\n<p>Des de l&#8217;escola, us volem animar a parlar-ho a casa, a buscar un espai per abordar aquest tema amb els vostres fills i filles, per educar en equip i per ser tots i totes conscients de la import\u00e0ncia de ser una comunitat.<\/p>\n<p>Dimarts ens donem una segona oportunitat i sortiran noves joguines a les estones d&#8217;esbarjo. Esperem que aquesta reflexi\u00f3 serveixi perqu\u00e8 aquest cop cuidem m\u00e9s el material i arribi en el millor estat possible fins a final de curs.<\/p>\n<p>Equip de mestres i d&#8217;espai migdia de l&#8217;escola<\/p>\n","protected":false},"excerpt":{"rendered":"<p>Ja fa un parell de setmanes que, a escola, hem estrenat el material de pati. Tenim capses amb jocs ben diversos, que tenen com a objectiu cobrir les necessitats de tots els infants durant l\u2019estona d\u2019esbarjo i de fer-la m\u00e9s divertida i entretinguda. Tothom pot trobar el seu espai, ja sigui amb propostes de moviment [&hellip;]<\/p>\n","protected":false},"author":3,"featured_media":25197,"comment_status":"open","ping_status":"closed","sticky":false,"template":"","format":"standard","meta":{"_bbp_topic_count":0,"_bbp_reply_count":0,"_bbp_total_topic_count":0,"_bbp_total_reply_count":0,"_bbp_voice_count":0,"_bbp_anonymous_reply_count":0,"_bbp_topic_count_hidden":0,"_bbp_reply_count_hidden":0,"_bbp_forum_subforum_count":0,"site-sidebar-layout":"default","site-content-layout":"","ast-site-content-layout":"","site-content-style":"default","site-sidebar-style":"default","ast-global-header-display":"","ast-banner-title-visibility":"","ast-main-header-display":"","ast-hfb-above-header-display":"","ast-hfb-below-header-display":"","ast-hfb-mobile-header-display":"","site-post-title":"","ast-breadcrumbs-content":"","ast-featured-img":"","footer-sml-layout":"","theme-transparent-header-meta":"","adv-header-id-meta":"","stick-header-meta":"","header-above-stick-meta":"","header-main-stick-meta":"","header-below-stick-meta":"","astra-migrate-meta-layouts":"default","ast-page-background-enabled":"default","ast-page-background-meta":{"desktop":{"background-color":"var(--ast-global-color-5)","background-image":"","background-repeat":"repeat","background-position":"center center","background-size":"auto","background-attachment":"scroll","background-type":"","background-media":"","overlay-type":"","overlay-color":"","overlay-opacity":"","overlay-gradient":""},"tablet":{"background-color":"","background-image":"","background-repeat":"repeat","background-position":"center center","background-size":"auto","background-attachment":"scroll","background-type":"","background-media":"","overlay-type":"","overlay-color":"","overlay-opacity":"","overlay-gradient":""},"mobile":{"background-color":"","background-image":"","background-repeat":"repeat","background-position":"center center","background-size":"auto","background-attachment":"scroll","background-type":"","background-media":"","overlay-type":"","overlay-color":"","overlay-opacity":"","overlay-gradient":""}},"ast-content-background-meta":{"desktop":{"background-color":"var(--ast-global-color-4)","background-image":"","background-repeat":"repeat","background-position":"center center","background-size":"auto","background-attachment":"scroll","background-type":"","background-media":"","overlay-type":"","overlay-color":"","overlay-opacity":"","overlay-gradient":""},"tablet":{"background-color":"var(--ast-global-color-4)","background-image":"","background-repeat":"repeat","background-position":"center center","background-size":"auto","background-attachment":"scroll","background-type":"","background-media":"","overlay-type":"","overlay-color":"","overlay-opacity":"","overlay-gradient":""},"mobile":{"background-color":"var(--ast-global-color-4)","background-image":"","background-repeat":"repeat","background-position":"center center","background-size":"auto","background-attachment":"scroll","background-type":"","background-media":"","overlay-type":"","overlay-color":"","overlay-opacity":"","overlay-gradient":""}},"footnotes":""},"categories":[4],"tags":[],"class_list":["post-25194","post","type-post","status-publish","format-standard","has-post-thumbnail","hentry","category-portada"],"post_mailing_queue_ids":[],"_links":{"self":[{"href":"https:\/\/agora.xtec.cat\/escolacanfabra\/wp-json\/wp\/v2\/posts\/25194","targetHints":{"allow":["GET"]}}],"collection":[{"href":"https:\/\/agora.xtec.cat\/escolacanfabra\/wp-json\/wp\/v2\/posts"}],"about":[{"href":"https:\/\/agora.xtec.cat\/escolacanfabra\/wp-json\/wp\/v2\/types\/post"}],"author":[{"embeddable":true,"href":"https:\/\/agora.xtec.cat\/escolacanfabra\/wp-json\/wp\/v2\/users\/3"}],"replies":[{"embeddable":true,"href":"https:\/\/agora.xtec.cat\/escolacanfabra\/wp-json\/wp\/v2\/comments?post=25194"}],"version-history":[{"count":1,"href":"https:\/\/agora.xtec.cat\/escolacanfabra\/wp-json\/wp\/v2\/posts\/25194\/revisions"}],"predecessor-version":[{"id":25196,"href":"https:\/\/agora.xtec.cat\/escolacanfabra\/wp-json\/wp\/v2\/posts\/25194\/revisions\/25196"}],"wp:featuredmedia":[{"embeddable":true,"href":"https:\/\/agora.xtec.cat\/escolacanfabra\/wp-json\/wp\/v2\/media\/25197"}],"wp:attachment":[{"href":"https:\/\/agora.xtec.cat\/escolacanfabra\/wp-json\/wp\/v2\/media?parent=25194"}],"wp:term":[{"taxonomy":"category","embeddable":true,"href":"https:\/\/agora.xtec.cat\/escolacanfabra\/wp-json\/wp\/v2\/categories?post=25194"},{"taxonomy":"post_tag","embeddable":true,"href":"https:\/\/agora.xtec.cat\/escolacanfabra\/wp-json\/wp\/v2\/tags?post=25194"}],"curies":[{"name":"wp","href":"https:\/\/api.w.org\/{rel}","templated":true}]}}