{"id":25073,"date":"2021-11-10T15:54:50","date_gmt":"2021-11-10T14:54:50","guid":{"rendered":"https:\/\/agora.xtec.cat\/escolacanfabra\/?p=25073"},"modified":"2021-11-10T15:54:50","modified_gmt":"2021-11-10T14:54:50","slug":"comunitat-de-mitjans-i-grans-latleta-quico-tur-visita-can-fabra","status":"publish","type":"post","link":"https:\/\/agora.xtec.cat\/escolacanfabra\/general\/comunitat-de-mitjans-i-grans-latleta-quico-tur-visita-can-fabra\/","title":{"rendered":"Comunitat de mitjans i grans- L&#8217;atleta Quico Tur visita Can Fabra!"},"content":{"rendered":"<p><img loading=\"lazy\" decoding=\"async\" class=\"wp-image-25075 aligncenter\" src=\"https:\/\/agora.xtec.cat\/escolacanfabra\/wp-content\/uploads\/usu1954\/2021\/11\/1636473300555.jpg\" alt=\"\" width=\"376\" height=\"205\" srcset=\"https:\/\/agora.xtec.cat\/escolacanfabra\/wp-content\/uploads\/usu1954\/2021\/11\/1636473300555.jpg 1482w, https:\/\/agora.xtec.cat\/escolacanfabra\/wp-content\/uploads\/usu1954\/2021\/11\/1636473300555-300x164.jpg 300w, https:\/\/agora.xtec.cat\/escolacanfabra\/wp-content\/uploads\/usu1954\/2021\/11\/1636473300555-1024x558.jpg 1024w, https:\/\/agora.xtec.cat\/escolacanfabra\/wp-content\/uploads\/usu1954\/2021\/11\/1636473300555-768x419.jpg 768w\" sizes=\"auto, (max-width: 376px) 100vw, 376px\" \/><\/p>\n<p>El dimarts 9 de novembre l&#8217;atleta paral\u00edmpic de tenis amb cadira de rodes Quico Tur, ens va vindre a visitar a l&#8217;escola per fer el tancament del projecte: &#8220;<span class=\"hiddenGrammarError\">Les Ca<\/span>n Fabra Olimp\u00edades&#8221;. Aquesta era la sorpresa que hav\u00edem anunciat a les classes.<\/p>\n<p>Ens ha explicat la seva hist\u00f2ria personal i la seva traject\u00f2ria per arribar a ser atleta ol\u00edmpic i participar a 5 olimp\u00edades (des d&#8217;Atenes 2004 fins a T\u00f2quio 2020). Tamb\u00e9 ha parlat de distints valors relacionats amb l&#8217;esport i l&#8217;activitat f\u00edsica fent una connexi\u00f3 amb els valors de l&#8217;escola: esfor\u00e7, responsabilitat, respecte, solidaritat i il\u00b7lusi\u00f3.<\/p>\n<p>A m\u00e9s a m\u00e9s, tenim la sort que el Quico Tur \u00e9s del barri de Sant Andreu i segurament els infants el podran recon\u00e8ixer pel carrer.<\/p>\n<p>Teniu les fotos de la xerrada <a href=\"https:\/\/agora.xtec.cat\/escolacanfabra\/serveis\/fotos-de-les-classes\/album-fotos-escola\/\" target=\"_blank\" rel=\"noopener\">AQU\u00cd<\/a>.<\/p>\n","protected":false},"excerpt":{"rendered":"<p>El dimarts 9 de novembre l&#8217;atleta paral\u00edmpic de tenis amb cadira de rodes Quico Tur, ens va vindre a visitar a l&#8217;escola per fer el tancament del projecte: &#8220;Les Can Fabra Olimp\u00edades&#8221;. Aquesta era la sorpresa que hav\u00edem anunciat a les classes. Ens ha explicat la seva hist\u00f2ria personal i la seva traject\u00f2ria per arribar [&hellip;]<\/p>\n","protected":false},"author":1,"featured_media":22916,"comment_status":"open","ping_status":"closed","sticky":false,"template":"","format":"standard","meta":{"_bbp_topic_count":0,"_bbp_reply_count":0,"_bbp_total_topic_count":0,"_bbp_total_reply_count":0,"_bbp_voice_count":0,"_bbp_anonymous_reply_count":0,"_bbp_topic_count_hidden":0,"_bbp_reply_count_hidden":0,"_bbp_forum_subforum_count":0,"site-sidebar-layout":"default","site-content-layout":"","ast-site-content-layout":"","site-content-style":"default","site-sidebar-style":"default","ast-global-header-display":"","ast-banner-title-visibility":"","ast-main-header-display":"","ast-hfb-above-header-display":"","ast-hfb-below-header-display":"","ast-hfb-mobile-header-display":"","site-post-title":"","ast-breadcrumbs-content":"","ast-featured-img":"","footer-sml-layout":"","theme-transparent-header-meta":"","adv-header-id-meta":"","stick-header-meta":"","header-above-stick-meta":"","header-main-stick-meta":"","header-below-stick-meta":"","astra-migrate-meta-layouts":"default","ast-page-background-enabled":"default","ast-page-background-meta":{"desktop":{"background-color":"var(--ast-global-color-5)","background-image":"","background-repeat":"repeat","background-position":"center center","background-size":"auto","background-attachment":"scroll","background-type":"","background-media":"","overlay-type":"","overlay-color":"","overlay-opacity":"","overlay-gradient":""},"tablet":{"background-color":"","background-image":"","background-repeat":"repeat","background-position":"center center","background-size":"auto","background-attachment":"scroll","background-type":"","background-media":"","overlay-type":"","overlay-color":"","overlay-opacity":"","overlay-gradient":""},"mobile":{"background-color":"","background-image":"","background-repeat":"repeat","background-position":"center center","background-size":"auto","background-attachment":"scroll","background-type":"","background-media":"","overlay-type":"","overlay-color":"","overlay-opacity":"","overlay-gradient":""}},"ast-content-background-meta":{"desktop":{"background-color":"var(--ast-global-color-4)","background-image":"","background-repeat":"repeat","background-position":"center center","background-size":"auto","background-attachment":"scroll","background-type":"","background-media":"","overlay-type":"","overlay-color":"","overlay-opacity":"","overlay-gradient":""},"tablet":{"background-color":"var(--ast-global-color-4)","background-image":"","background-repeat":"repeat","background-position":"center center","background-size":"auto","background-attachment":"scroll","background-type":"","background-media":"","overlay-type":"","overlay-color":"","overlay-opacity":"","overlay-gradient":""},"mobile":{"background-color":"var(--ast-global-color-4)","background-image":"","background-repeat":"repeat","background-position":"center center","background-size":"auto","background-attachment":"scroll","background-type":"","background-media":"","overlay-type":"","overlay-color":"","overlay-opacity":"","overlay-gradient":""}},"footnotes":""},"categories":[1,62,61,133,82,241,4,263],"tags":[],"class_list":["post-25073","post","type-post","status-publish","format-standard","has-post-thumbnail","hentry","category-general","category-nascuts-2010","category-nascuts-2011","category-nascuts-2012","category-nascuts-2013","category-nascuts-2015","category-portada","category-primaria"],"post_mailing_queue_ids":[],"_links":{"self":[{"href":"https:\/\/agora.xtec.cat\/escolacanfabra\/wp-json\/wp\/v2\/posts\/25073","targetHints":{"allow":["GET"]}}],"collection":[{"href":"https:\/\/agora.xtec.cat\/escolacanfabra\/wp-json\/wp\/v2\/posts"}],"about":[{"href":"https:\/\/agora.xtec.cat\/escolacanfabra\/wp-json\/wp\/v2\/types\/post"}],"author":[{"embeddable":true,"href":"https:\/\/agora.xtec.cat\/escolacanfabra\/wp-json\/wp\/v2\/users\/1"}],"replies":[{"embeddable":true,"href":"https:\/\/agora.xtec.cat\/escolacanfabra\/wp-json\/wp\/v2\/comments?post=25073"}],"version-history":[{"count":3,"href":"https:\/\/agora.xtec.cat\/escolacanfabra\/wp-json\/wp\/v2\/posts\/25073\/revisions"}],"predecessor-version":[{"id":25080,"href":"https:\/\/agora.xtec.cat\/escolacanfabra\/wp-json\/wp\/v2\/posts\/25073\/revisions\/25080"}],"wp:featuredmedia":[{"embeddable":true,"href":"https:\/\/agora.xtec.cat\/escolacanfabra\/wp-json\/wp\/v2\/media\/22916"}],"wp:attachment":[{"href":"https:\/\/agora.xtec.cat\/escolacanfabra\/wp-json\/wp\/v2\/media?parent=25073"}],"wp:term":[{"taxonomy":"category","embeddable":true,"href":"https:\/\/agora.xtec.cat\/escolacanfabra\/wp-json\/wp\/v2\/categories?post=25073"},{"taxonomy":"post_tag","embeddable":true,"href":"https:\/\/agora.xtec.cat\/escolacanfabra\/wp-json\/wp\/v2\/tags?post=25073"}],"curies":[{"name":"wp","href":"https:\/\/api.w.org\/{rel}","templated":true}]}}