{"id":25014,"date":"2021-11-05T19:50:06","date_gmt":"2021-11-05T18:50:06","guid":{"rendered":"https:\/\/agora.xtec.cat\/escolacanfabra\/?p=25014"},"modified":"2021-11-05T19:51:00","modified_gmt":"2021-11-05T18:51:00","slug":"2n-construccions-amb-repte","status":"publish","type":"post","link":"https:\/\/agora.xtec.cat\/escolacanfabra\/portada\/2n-construccions-amb-repte\/","title":{"rendered":"2n &#8211; Construccions amb repte!"},"content":{"rendered":"<p><span style=\"font-family: inherit; font-size: 1em;\">Les propostes pel taller de construccions de les sessions tres i quatre han estat del tot diferents.<\/span><\/p>\n<p>En la sessi\u00f3 tres, pod\u00edem fer construccions lliures amb tot el material, per\u00f2 en algun moment hav\u00edem d&#8217;agafar 10 peces del\u00a0<span class=\"hiddenSpellError\">Kappla<\/span>\u00a0i fer una creaci\u00f3 en format &#8220;repte&#8221;. Nom\u00e9s una condici\u00f3: no pot ser plana. I quins artistes estan fets els Llops i els Suricates! Unes creacions fant\u00e0stiques.<\/p>\n<p>A la quarta sessi\u00f3, la d&#8217;aquesta setmana, totes les fotografies de les creacions amb 10 peces de la sessi\u00f3 anterior estaven repartides per tota l&#8217;aula. Qu\u00e8 hem hagut de fer? Doncs reproduir-les. Amb tota la paci\u00e8ncia, buscant l&#8217;equilibri i fixant-nos molt b\u00e9 com estan col\u00b7locades les peces. Ens ha encantat la proposta i hi ha tants reptes per fer que hem decidit deixar el full de registre al calaixet per reprendre-ho a les estones que tinguem lliure. Genial!<\/p>\n<p><span style=\"font-family: inherit; font-size: 1em;\">Tercera sessi\u00f3: <a href=\"https:\/\/agora.xtec.cat\/escolacanfabra\/album-fotos-2014a\/\">Llops\u00a0 \u00a0 \u00a0 \u00a0<\/a> \u00a0 \u00a0<a href=\"https:\/\/agora.xtec.cat\/escolacanfabra\/album-fotos-2014b\/\">Suricates<\/a><\/span><\/p>\n<p>Quarta sessi\u00f3: <a href=\"https:\/\/agora.xtec.cat\/escolacanfabra\/album-fotos-2014a\/\">Llops\u00a0 \u00a0 \u00a0 \u00a0 \u00a0<\/a>\u00a0 \u00a0<a href=\"https:\/\/agora.xtec.cat\/escolacanfabra\/album-fotos-2014b\/\">Suricates\u00a0<\/a><\/p>\n<p>&nbsp;<\/p>\n","protected":false},"excerpt":{"rendered":"<p>Les propostes pel taller de construccions de les sessions tres i quatre han estat del tot diferents. En la sessi\u00f3 tres, pod\u00edem fer construccions lliures amb tot el material, per\u00f2 en algun moment hav\u00edem d&#8217;agafar 10 peces del\u00a0Kappla\u00a0i fer una creaci\u00f3 en format &#8220;repte&#8221;. Nom\u00e9s una condici\u00f3: no pot ser plana. I quins artistes estan [&hellip;]<\/p>\n","protected":false},"author":3,"featured_media":25051,"comment_status":"open","ping_status":"closed","sticky":false,"template":"","format":"standard","meta":{"_bbp_topic_count":0,"_bbp_reply_count":0,"_bbp_total_topic_count":0,"_bbp_total_reply_count":0,"_bbp_voice_count":0,"_bbp_anonymous_reply_count":0,"_bbp_topic_count_hidden":0,"_bbp_reply_count_hidden":0,"_bbp_forum_subforum_count":0,"site-sidebar-layout":"default","site-content-layout":"","ast-site-content-layout":"","site-content-style":"default","site-sidebar-style":"default","ast-global-header-display":"","ast-banner-title-visibility":"","ast-main-header-display":"","ast-hfb-above-header-display":"","ast-hfb-below-header-display":"","ast-hfb-mobile-header-display":"","site-post-title":"","ast-breadcrumbs-content":"","ast-featured-img":"","footer-sml-layout":"","theme-transparent-header-meta":"","adv-header-id-meta":"","stick-header-meta":"","header-above-stick-meta":"","header-main-stick-meta":"","header-below-stick-meta":"","astra-migrate-meta-layouts":"default","ast-page-background-enabled":"default","ast-page-background-meta":{"desktop":{"background-color":"var(--ast-global-color-5)","background-image":"","background-repeat":"repeat","background-position":"center center","background-size":"auto","background-attachment":"scroll","background-type":"","background-media":"","overlay-type":"","overlay-color":"","overlay-opacity":"","overlay-gradient":""},"tablet":{"background-color":"","background-image":"","background-repeat":"repeat","background-position":"center center","background-size":"auto","background-attachment":"scroll","background-type":"","background-media":"","overlay-type":"","overlay-color":"","overlay-opacity":"","overlay-gradient":""},"mobile":{"background-color":"","background-image":"","background-repeat":"repeat","background-position":"center center","background-size":"auto","background-attachment":"scroll","background-type":"","background-media":"","overlay-type":"","overlay-color":"","overlay-opacity":"","overlay-gradient":""}},"ast-content-background-meta":{"desktop":{"background-color":"var(--ast-global-color-4)","background-image":"","background-repeat":"repeat","background-position":"center center","background-size":"auto","background-attachment":"scroll","background-type":"","background-media":"","overlay-type":"","overlay-color":"","overlay-opacity":"","overlay-gradient":""},"tablet":{"background-color":"var(--ast-global-color-4)","background-image":"","background-repeat":"repeat","background-position":"center center","background-size":"auto","background-attachment":"scroll","background-type":"","background-media":"","overlay-type":"","overlay-color":"","overlay-opacity":"","overlay-gradient":""},"mobile":{"background-color":"var(--ast-global-color-4)","background-image":"","background-repeat":"repeat","background-position":"center center","background-size":"auto","background-attachment":"scroll","background-type":"","background-media":"","overlay-type":"","overlay-color":"","overlay-opacity":"","overlay-gradient":""}},"footnotes":""},"categories":[4],"tags":[],"class_list":["post-25014","post","type-post","status-publish","format-standard","has-post-thumbnail","hentry","category-portada"],"post_mailing_queue_ids":[],"_links":{"self":[{"href":"https:\/\/agora.xtec.cat\/escolacanfabra\/wp-json\/wp\/v2\/posts\/25014","targetHints":{"allow":["GET"]}}],"collection":[{"href":"https:\/\/agora.xtec.cat\/escolacanfabra\/wp-json\/wp\/v2\/posts"}],"about":[{"href":"https:\/\/agora.xtec.cat\/escolacanfabra\/wp-json\/wp\/v2\/types\/post"}],"author":[{"embeddable":true,"href":"https:\/\/agora.xtec.cat\/escolacanfabra\/wp-json\/wp\/v2\/users\/3"}],"replies":[{"embeddable":true,"href":"https:\/\/agora.xtec.cat\/escolacanfabra\/wp-json\/wp\/v2\/comments?post=25014"}],"version-history":[{"count":3,"href":"https:\/\/agora.xtec.cat\/escolacanfabra\/wp-json\/wp\/v2\/posts\/25014\/revisions"}],"predecessor-version":[{"id":25052,"href":"https:\/\/agora.xtec.cat\/escolacanfabra\/wp-json\/wp\/v2\/posts\/25014\/revisions\/25052"}],"wp:featuredmedia":[{"embeddable":true,"href":"https:\/\/agora.xtec.cat\/escolacanfabra\/wp-json\/wp\/v2\/media\/25051"}],"wp:attachment":[{"href":"https:\/\/agora.xtec.cat\/escolacanfabra\/wp-json\/wp\/v2\/media?parent=25014"}],"wp:term":[{"taxonomy":"category","embeddable":true,"href":"https:\/\/agora.xtec.cat\/escolacanfabra\/wp-json\/wp\/v2\/categories?post=25014"},{"taxonomy":"post_tag","embeddable":true,"href":"https:\/\/agora.xtec.cat\/escolacanfabra\/wp-json\/wp\/v2\/tags?post=25014"}],"curies":[{"name":"wp","href":"https:\/\/api.w.org\/{rel}","templated":true}]}}