{"id":25012,"date":"2021-11-05T17:07:21","date_gmt":"2021-11-05T16:07:21","guid":{"rendered":"https:\/\/agora.xtec.cat\/escolacanfabra\/?p=25012"},"modified":"2021-11-05T17:07:21","modified_gmt":"2021-11-05T16:07:21","slug":"1r2n-i-3r-festa-de-la-castanyada","status":"publish","type":"post","link":"https:\/\/agora.xtec.cat\/escolacanfabra\/portada\/1r2n-i-3r-festa-de-la-castanyada\/","title":{"rendered":"1r,2n i 3r &#8211; Festa de la Castanyada"},"content":{"rendered":"<p>Un any\u00a0 m\u00e9s hem celebrat la festa de la Castanyada, per\u00f2 aquesta ha estat una mica especial perqu\u00e8, despr\u00e9s de molt de temps i del pas d&#8217;una pand\u00e8mia, els castanyers i les castanyeres han pogut tornar a l&#8217;escola a portar-nos les castanyes ben cuites. Quina il\u00b7lusi\u00f3!<\/p>\n<p>Tot i que \u00e9s una festa de tardor on hauria de fer fresqueta, el sol ha escalfat de valent i ens ha acompanyat a l&#8217;estona de menjar castanyes i del ball. Mireu\u00a0 les fotos aqu\u00ed:<\/p>\n<p><a href=\"https:\/\/agora.xtec.cat\/escolacanfabra\/album-fotos-2015a\/\">1A- La lava<\/a>\u00a0 \u00a0 \u00a0<a href=\"https:\/\/agora.xtec.cat\/escolacanfabra\/album-fotos-2015b\/\">1B &#8211; Volcans<\/a>\u00a0 \u00a0 \u00a0 <a href=\"https:\/\/agora.xtec.cat\/escolacanfabra\/album-fotos-2014a\/\">2A &#8211; Llops<\/a>\u00a0 \u00a0 \u00a0 <a href=\"https:\/\/agora.xtec.cat\/escolacanfabra\/album-fotos-2014b\/\">2B-Suricates<\/a>\u00a0 \u00a0 \u00a0 <a href=\"https:\/\/agora.xtec.cat\/escolacanfabra\/album-fotos-2013a\/\">3A- Els megapixels<\/a>\u00a0 \u00a0 \u00a0 <a href=\"https:\/\/agora.xtec.cat\/escolacanfabra\/album-fotos-2013b\/\">3B- Cient\u00edfics i cient\u00edfiques<\/a><\/p>\n","protected":false},"excerpt":{"rendered":"<p>Un any\u00a0 m\u00e9s hem celebrat la festa de la Castanyada, per\u00f2 aquesta ha estat una mica especial perqu\u00e8, despr\u00e9s de molt de temps i del pas d&#8217;una pand\u00e8mia, els castanyers i les castanyeres han pogut tornar a l&#8217;escola a portar-nos les castanyes ben cuites. Quina il\u00b7lusi\u00f3! Tot i que \u00e9s una festa de tardor on [&hellip;]<\/p>\n","protected":false},"author":3,"featured_media":25023,"comment_status":"open","ping_status":"closed","sticky":false,"template":"","format":"standard","meta":{"_bbp_topic_count":0,"_bbp_reply_count":0,"_bbp_total_topic_count":0,"_bbp_total_reply_count":0,"_bbp_voice_count":0,"_bbp_anonymous_reply_count":0,"_bbp_topic_count_hidden":0,"_bbp_reply_count_hidden":0,"_bbp_forum_subforum_count":0,"site-sidebar-layout":"default","site-content-layout":"","ast-site-content-layout":"","site-content-style":"default","site-sidebar-style":"default","ast-global-header-display":"","ast-banner-title-visibility":"","ast-main-header-display":"","ast-hfb-above-header-display":"","ast-hfb-below-header-display":"","ast-hfb-mobile-header-display":"","site-post-title":"","ast-breadcrumbs-content":"","ast-featured-img":"","footer-sml-layout":"","theme-transparent-header-meta":"","adv-header-id-meta":"","stick-header-meta":"","header-above-stick-meta":"","header-main-stick-meta":"","header-below-stick-meta":"","astra-migrate-meta-layouts":"default","ast-page-background-enabled":"default","ast-page-background-meta":{"desktop":{"background-color":"var(--ast-global-color-5)","background-image":"","background-repeat":"repeat","background-position":"center center","background-size":"auto","background-attachment":"scroll","background-type":"","background-media":"","overlay-type":"","overlay-color":"","overlay-opacity":"","overlay-gradient":""},"tablet":{"background-color":"","background-image":"","background-repeat":"repeat","background-position":"center center","background-size":"auto","background-attachment":"scroll","background-type":"","background-media":"","overlay-type":"","overlay-color":"","overlay-opacity":"","overlay-gradient":""},"mobile":{"background-color":"","background-image":"","background-repeat":"repeat","background-position":"center center","background-size":"auto","background-attachment":"scroll","background-type":"","background-media":"","overlay-type":"","overlay-color":"","overlay-opacity":"","overlay-gradient":""}},"ast-content-background-meta":{"desktop":{"background-color":"var(--ast-global-color-4)","background-image":"","background-repeat":"repeat","background-position":"center center","background-size":"auto","background-attachment":"scroll","background-type":"","background-media":"","overlay-type":"","overlay-color":"","overlay-opacity":"","overlay-gradient":""},"tablet":{"background-color":"var(--ast-global-color-4)","background-image":"","background-repeat":"repeat","background-position":"center center","background-size":"auto","background-attachment":"scroll","background-type":"","background-media":"","overlay-type":"","overlay-color":"","overlay-opacity":"","overlay-gradient":""},"mobile":{"background-color":"var(--ast-global-color-4)","background-image":"","background-repeat":"repeat","background-position":"center center","background-size":"auto","background-attachment":"scroll","background-type":"","background-media":"","overlay-type":"","overlay-color":"","overlay-opacity":"","overlay-gradient":""}},"footnotes":""},"categories":[82,241,4],"tags":[],"class_list":["post-25012","post","type-post","status-publish","format-standard","has-post-thumbnail","hentry","category-nascuts-2013","category-nascuts-2015","category-portada"],"post_mailing_queue_ids":[],"_links":{"self":[{"href":"https:\/\/agora.xtec.cat\/escolacanfabra\/wp-json\/wp\/v2\/posts\/25012","targetHints":{"allow":["GET"]}}],"collection":[{"href":"https:\/\/agora.xtec.cat\/escolacanfabra\/wp-json\/wp\/v2\/posts"}],"about":[{"href":"https:\/\/agora.xtec.cat\/escolacanfabra\/wp-json\/wp\/v2\/types\/post"}],"author":[{"embeddable":true,"href":"https:\/\/agora.xtec.cat\/escolacanfabra\/wp-json\/wp\/v2\/users\/3"}],"replies":[{"embeddable":true,"href":"https:\/\/agora.xtec.cat\/escolacanfabra\/wp-json\/wp\/v2\/comments?post=25012"}],"version-history":[{"count":2,"href":"https:\/\/agora.xtec.cat\/escolacanfabra\/wp-json\/wp\/v2\/posts\/25012\/revisions"}],"predecessor-version":[{"id":25030,"href":"https:\/\/agora.xtec.cat\/escolacanfabra\/wp-json\/wp\/v2\/posts\/25012\/revisions\/25030"}],"wp:featuredmedia":[{"embeddable":true,"href":"https:\/\/agora.xtec.cat\/escolacanfabra\/wp-json\/wp\/v2\/media\/25023"}],"wp:attachment":[{"href":"https:\/\/agora.xtec.cat\/escolacanfabra\/wp-json\/wp\/v2\/media?parent=25012"}],"wp:term":[{"taxonomy":"category","embeddable":true,"href":"https:\/\/agora.xtec.cat\/escolacanfabra\/wp-json\/wp\/v2\/categories?post=25012"},{"taxonomy":"post_tag","embeddable":true,"href":"https:\/\/agora.xtec.cat\/escolacanfabra\/wp-json\/wp\/v2\/tags?post=25012"}],"curies":[{"name":"wp","href":"https:\/\/api.w.org\/{rel}","templated":true}]}}