{"id":24973,"date":"2021-11-08T15:59:49","date_gmt":"2021-11-08T14:59:49","guid":{"rendered":"https:\/\/agora.xtec.cat\/escolacanfabra\/?p=24973"},"modified":"2021-11-08T15:59:49","modified_gmt":"2021-11-08T14:59:49","slug":"comunitat-de-mitjans-i-grans-les-can-fabra-olimpiades-a-educacio-fisica","status":"publish","type":"post","link":"https:\/\/agora.xtec.cat\/escolacanfabra\/general\/comunitat-de-mitjans-i-grans-les-can-fabra-olimpiades-a-educacio-fisica\/","title":{"rendered":"Comunitat de Mitjans i Grans- Les Can Fabra Olimp\u00edades a Educaci\u00f3 F\u00edsica"},"content":{"rendered":"<p><img loading=\"lazy\" decoding=\"async\" class=\"wp-image-25005 aligncenter\" src=\"https:\/\/agora.xtec.cat\/escolacanfabra\/wp-content\/uploads\/usu1954\/2021\/11\/CFO.png\" alt=\"\" width=\"668\" height=\"333\" srcset=\"https:\/\/agora.xtec.cat\/escolacanfabra\/wp-content\/uploads\/usu1954\/2021\/11\/CFO.png 1651w, https:\/\/agora.xtec.cat\/escolacanfabra\/wp-content\/uploads\/usu1954\/2021\/11\/CFO-300x150.png 300w, https:\/\/agora.xtec.cat\/escolacanfabra\/wp-content\/uploads\/usu1954\/2021\/11\/CFO-1024x510.png 1024w, https:\/\/agora.xtec.cat\/escolacanfabra\/wp-content\/uploads\/usu1954\/2021\/11\/CFO-768x383.png 768w, https:\/\/agora.xtec.cat\/escolacanfabra\/wp-content\/uploads\/usu1954\/2021\/11\/CFO-1536x766.png 1536w\" sizes=\"auto, (max-width: 668px) 100vw, 668px\" \/><\/p>\n<p>A Educaci\u00f3 F\u00edsica aquest curs, l&#8217;hem iniciat amb el projecte: &#8220;<span class=\"hiddenGrammarError\">Les Ca<\/span>n Fabra Olimp\u00edades&#8221;. Aprofitant que aquest estiu s&#8217;han celebrat les esperades olimp\u00edades i paralimp\u00edades a\u00a0T\u00f2quio, hem comen\u00e7at treballant els valors de la nostra escola: responsabilitat, il\u00b7lusi\u00f3, respecte, esfor\u00e7 i solidaritat a trav\u00e9s de l&#8217;esport.<br \/>\nDurant les sessions d&#8217;Educaci\u00f3 F\u00edsica hem realitzat diverses proves ol\u00edmpiques i paral\u00edmpiques per con\u00e8ixer les diferents modalitats i disciplines. I alhora hem conegut diversos i diverses atletes ol\u00edmpiques i paral\u00edmpics que han participat a T\u00f2quio.<\/p>\n<p>Tots tenim un objectiu com\u00fa, aconseguir omplir totes les anelles ol\u00edmpiques realitzant accions de respecte, responsabilitat, , il\u00b7lusi\u00f3, esfor\u00e7 i solidaritat, per tal d&#8217;aconseguir un premi per a tots i totes. Si sorgia una acci\u00f3 per part dels alumnes, s&#8217;omplia l&#8217;anella corresponent amb un gomet del color de l&#8217;anella. A l&#8217;inici ens va costar una miqueta, uns m\u00e9s que uns altres, per\u00f2 a poc a poc les hem anat omplint i hem anat aprenent que si tots treballem tenint en compte aquests valors, tots i totes ens gaudim m\u00e9s. I ara ja les tenim quasi plenes! Creieu que les acabarem d&#8217;omplir?<\/p>\n<p>Us deixem les fotos per cada comunitat\u00a0 <a href=\"https:\/\/agora.xtec.cat\/escolacanfabra\/serveis\/fotos-de-les-classes\/album-fotos-escola\/\" target=\"_blank\" rel=\"noopener\">AQU\u00cd<\/a><\/p>\n","protected":false},"excerpt":{"rendered":"<p>A Educaci\u00f3 F\u00edsica aquest curs, l&#8217;hem iniciat amb el projecte: &#8220;Les Can Fabra Olimp\u00edades&#8221;. Aprofitant que aquest estiu s&#8217;han celebrat les esperades olimp\u00edades i paralimp\u00edades a\u00a0T\u00f2quio, hem comen\u00e7at treballant els valors de la nostra escola: responsabilitat, il\u00b7lusi\u00f3, respecte, esfor\u00e7 i solidaritat a trav\u00e9s de l&#8217;esport. Durant les sessions d&#8217;Educaci\u00f3 F\u00edsica hem realitzat diverses proves ol\u00edmpiques [&hellip;]<\/p>\n","protected":false},"author":1,"featured_media":22916,"comment_status":"open","ping_status":"closed","sticky":false,"template":"","format":"standard","meta":{"_bbp_topic_count":0,"_bbp_reply_count":0,"_bbp_total_topic_count":0,"_bbp_total_reply_count":0,"_bbp_voice_count":0,"_bbp_anonymous_reply_count":0,"_bbp_topic_count_hidden":0,"_bbp_reply_count_hidden":0,"_bbp_forum_subforum_count":0,"site-sidebar-layout":"default","site-content-layout":"","ast-site-content-layout":"","site-content-style":"default","site-sidebar-style":"default","ast-global-header-display":"","ast-banner-title-visibility":"","ast-main-header-display":"","ast-hfb-above-header-display":"","ast-hfb-below-header-display":"","ast-hfb-mobile-header-display":"","site-post-title":"","ast-breadcrumbs-content":"","ast-featured-img":"","footer-sml-layout":"","theme-transparent-header-meta":"","adv-header-id-meta":"","stick-header-meta":"","header-above-stick-meta":"","header-main-stick-meta":"","header-below-stick-meta":"","astra-migrate-meta-layouts":"default","ast-page-background-enabled":"default","ast-page-background-meta":{"desktop":{"background-color":"var(--ast-global-color-5)","background-image":"","background-repeat":"repeat","background-position":"center center","background-size":"auto","background-attachment":"scroll","background-type":"","background-media":"","overlay-type":"","overlay-color":"","overlay-opacity":"","overlay-gradient":""},"tablet":{"background-color":"","background-image":"","background-repeat":"repeat","background-position":"center center","background-size":"auto","background-attachment":"scroll","background-type":"","background-media":"","overlay-type":"","overlay-color":"","overlay-opacity":"","overlay-gradient":""},"mobile":{"background-color":"","background-image":"","background-repeat":"repeat","background-position":"center center","background-size":"auto","background-attachment":"scroll","background-type":"","background-media":"","overlay-type":"","overlay-color":"","overlay-opacity":"","overlay-gradient":""}},"ast-content-background-meta":{"desktop":{"background-color":"var(--ast-global-color-4)","background-image":"","background-repeat":"repeat","background-position":"center center","background-size":"auto","background-attachment":"scroll","background-type":"","background-media":"","overlay-type":"","overlay-color":"","overlay-opacity":"","overlay-gradient":""},"tablet":{"background-color":"var(--ast-global-color-4)","background-image":"","background-repeat":"repeat","background-position":"center center","background-size":"auto","background-attachment":"scroll","background-type":"","background-media":"","overlay-type":"","overlay-color":"","overlay-opacity":"","overlay-gradient":""},"mobile":{"background-color":"var(--ast-global-color-4)","background-image":"","background-repeat":"repeat","background-position":"center center","background-size":"auto","background-attachment":"scroll","background-type":"","background-media":"","overlay-type":"","overlay-color":"","overlay-opacity":"","overlay-gradient":""}},"footnotes":""},"categories":[1,62,61,133,82,241,4,263],"tags":[],"class_list":["post-24973","post","type-post","status-publish","format-standard","has-post-thumbnail","hentry","category-general","category-nascuts-2010","category-nascuts-2011","category-nascuts-2012","category-nascuts-2013","category-nascuts-2015","category-portada","category-primaria"],"post_mailing_queue_ids":[],"_links":{"self":[{"href":"https:\/\/agora.xtec.cat\/escolacanfabra\/wp-json\/wp\/v2\/posts\/24973","targetHints":{"allow":["GET"]}}],"collection":[{"href":"https:\/\/agora.xtec.cat\/escolacanfabra\/wp-json\/wp\/v2\/posts"}],"about":[{"href":"https:\/\/agora.xtec.cat\/escolacanfabra\/wp-json\/wp\/v2\/types\/post"}],"author":[{"embeddable":true,"href":"https:\/\/agora.xtec.cat\/escolacanfabra\/wp-json\/wp\/v2\/users\/1"}],"replies":[{"embeddable":true,"href":"https:\/\/agora.xtec.cat\/escolacanfabra\/wp-json\/wp\/v2\/comments?post=24973"}],"version-history":[{"count":3,"href":"https:\/\/agora.xtec.cat\/escolacanfabra\/wp-json\/wp\/v2\/posts\/24973\/revisions"}],"predecessor-version":[{"id":25062,"href":"https:\/\/agora.xtec.cat\/escolacanfabra\/wp-json\/wp\/v2\/posts\/24973\/revisions\/25062"}],"wp:featuredmedia":[{"embeddable":true,"href":"https:\/\/agora.xtec.cat\/escolacanfabra\/wp-json\/wp\/v2\/media\/22916"}],"wp:attachment":[{"href":"https:\/\/agora.xtec.cat\/escolacanfabra\/wp-json\/wp\/v2\/media?parent=24973"}],"wp:term":[{"taxonomy":"category","embeddable":true,"href":"https:\/\/agora.xtec.cat\/escolacanfabra\/wp-json\/wp\/v2\/categories?post=24973"},{"taxonomy":"post_tag","embeddable":true,"href":"https:\/\/agora.xtec.cat\/escolacanfabra\/wp-json\/wp\/v2\/tags?post=24973"}],"curies":[{"name":"wp","href":"https:\/\/api.w.org\/{rel}","templated":true}]}}