{"id":24227,"date":"2021-06-07T11:44:06","date_gmt":"2021-06-07T09:44:06","guid":{"rendered":"https:\/\/agora.xtec.cat\/escolacanfabra\/?p=24227"},"modified":"2021-06-07T11:44:06","modified_gmt":"2021-06-07T09:44:06","slug":"5e-visita-associacio-amputats-st-jordi","status":"publish","type":"post","link":"https:\/\/agora.xtec.cat\/escolacanfabra\/portada\/5e-visita-associacio-amputats-st-jordi\/","title":{"rendered":"5\u00e8: Visita Associaci\u00f3 Amputats St.Jordi"},"content":{"rendered":"<p>Dijous passat ens van visitar uns membres de l&#8217;associaci\u00f3 Amputats St. Jordi per a fer-nos una activitat i una xerrada sobre les persones amb discapacitats f\u00edsiques.\u00a0 L&#8217;objectiu de l&#8217;associaci\u00f3 \u00e9s\u00a0promoure una nova cultura sobre les capacitats i crear un entorn respectu\u00f3s on es defensin tots els drets de les persones amb amputaci\u00f3, agen\u00e8sia i altres discapacitats f\u00edsiques.<\/p>\n<p>A la part m\u00e9s pr\u00e0ctica, vam utilitzar cadires de rodes i ens vam posar a la pell de persones amb ceguesa. Tamb\u00e9 ens van ensenyar diferents tipus de pr\u00f2tesis que utilitzen les persones amb amputaci\u00f3. Despr\u00e9s vam fer una xerrada i una posada en com\u00fa per compartir totes les nostres sensacions i resoldre els nostres dubtes. Vam adonar-nos de les barreres que encara hi ha al nostre entorn i que han d&#8217;eliminar-se per aconseguir un entorn respectu\u00f3s amb tothom. Va ser una experi\u00e8ncia molt i molt interessant en la que vam aprendre molt\u00edssimes coses. Moltes gr\u00e0cies per venir a ensenyar-nos tant!<\/p>\n<p>Aqu\u00ed podeu veure les fotografies de la visita: <a href=\"https:\/\/agora.xtec.cat\/escolacanfabra\/album-fotos-2010a\/\">5\u00e8A<\/a>, <a href=\"https:\/\/agora.xtec.cat\/escolacanfabra\/album-fotos-2010b\/\">5\u00e8B<\/a>, <a href=\"https:\/\/agora.xtec.cat\/escolacanfabra\/album-fotos-2010c\/\">5\u00e8C.<\/a><\/p>\n<p>&nbsp;<\/p>\n","protected":false},"excerpt":{"rendered":"<p>Dijous passat ens van visitar uns membres de l&#8217;associaci\u00f3 Amputats St. Jordi per a fer-nos una activitat i una xerrada sobre les persones amb discapacitats f\u00edsiques.\u00a0 L&#8217;objectiu de l&#8217;associaci\u00f3 \u00e9s\u00a0promoure una nova cultura sobre les capacitats i crear un entorn respectu\u00f3s on es defensin tots els drets de les persones amb amputaci\u00f3, agen\u00e8sia i altres [&hellip;]<\/p>\n","protected":false},"author":3,"featured_media":24228,"comment_status":"open","ping_status":"closed","sticky":false,"template":"","format":"standard","meta":{"_bbp_topic_count":0,"_bbp_reply_count":0,"_bbp_total_topic_count":0,"_bbp_total_reply_count":0,"_bbp_voice_count":0,"_bbp_anonymous_reply_count":0,"_bbp_topic_count_hidden":0,"_bbp_reply_count_hidden":0,"_bbp_forum_subforum_count":0,"site-sidebar-layout":"default","site-content-layout":"","ast-site-content-layout":"","site-content-style":"default","site-sidebar-style":"default","ast-global-header-display":"","ast-banner-title-visibility":"","ast-main-header-display":"","ast-hfb-above-header-display":"","ast-hfb-below-header-display":"","ast-hfb-mobile-header-display":"","site-post-title":"","ast-breadcrumbs-content":"","ast-featured-img":"","footer-sml-layout":"","theme-transparent-header-meta":"","adv-header-id-meta":"","stick-header-meta":"","header-above-stick-meta":"","header-main-stick-meta":"","header-below-stick-meta":"","astra-migrate-meta-layouts":"default","ast-page-background-enabled":"default","ast-page-background-meta":{"desktop":{"background-color":"var(--ast-global-color-5)","background-image":"","background-repeat":"repeat","background-position":"center center","background-size":"auto","background-attachment":"scroll","background-type":"","background-media":"","overlay-type":"","overlay-color":"","overlay-opacity":"","overlay-gradient":""},"tablet":{"background-color":"","background-image":"","background-repeat":"repeat","background-position":"center center","background-size":"auto","background-attachment":"scroll","background-type":"","background-media":"","overlay-type":"","overlay-color":"","overlay-opacity":"","overlay-gradient":""},"mobile":{"background-color":"","background-image":"","background-repeat":"repeat","background-position":"center center","background-size":"auto","background-attachment":"scroll","background-type":"","background-media":"","overlay-type":"","overlay-color":"","overlay-opacity":"","overlay-gradient":""}},"ast-content-background-meta":{"desktop":{"background-color":"var(--ast-global-color-4)","background-image":"","background-repeat":"repeat","background-position":"center center","background-size":"auto","background-attachment":"scroll","background-type":"","background-media":"","overlay-type":"","overlay-color":"","overlay-opacity":"","overlay-gradient":""},"tablet":{"background-color":"var(--ast-global-color-4)","background-image":"","background-repeat":"repeat","background-position":"center center","background-size":"auto","background-attachment":"scroll","background-type":"","background-media":"","overlay-type":"","overlay-color":"","overlay-opacity":"","overlay-gradient":""},"mobile":{"background-color":"var(--ast-global-color-4)","background-image":"","background-repeat":"repeat","background-position":"center center","background-size":"auto","background-attachment":"scroll","background-type":"","background-media":"","overlay-type":"","overlay-color":"","overlay-opacity":"","overlay-gradient":""}},"footnotes":""},"categories":[62,4],"tags":[],"class_list":["post-24227","post","type-post","status-publish","format-standard","has-post-thumbnail","hentry","category-nascuts-2010","category-portada"],"post_mailing_queue_ids":[],"_links":{"self":[{"href":"https:\/\/agora.xtec.cat\/escolacanfabra\/wp-json\/wp\/v2\/posts\/24227","targetHints":{"allow":["GET"]}}],"collection":[{"href":"https:\/\/agora.xtec.cat\/escolacanfabra\/wp-json\/wp\/v2\/posts"}],"about":[{"href":"https:\/\/agora.xtec.cat\/escolacanfabra\/wp-json\/wp\/v2\/types\/post"}],"author":[{"embeddable":true,"href":"https:\/\/agora.xtec.cat\/escolacanfabra\/wp-json\/wp\/v2\/users\/3"}],"replies":[{"embeddable":true,"href":"https:\/\/agora.xtec.cat\/escolacanfabra\/wp-json\/wp\/v2\/comments?post=24227"}],"version-history":[{"count":1,"href":"https:\/\/agora.xtec.cat\/escolacanfabra\/wp-json\/wp\/v2\/posts\/24227\/revisions"}],"predecessor-version":[{"id":24229,"href":"https:\/\/agora.xtec.cat\/escolacanfabra\/wp-json\/wp\/v2\/posts\/24227\/revisions\/24229"}],"wp:featuredmedia":[{"embeddable":true,"href":"https:\/\/agora.xtec.cat\/escolacanfabra\/wp-json\/wp\/v2\/media\/24228"}],"wp:attachment":[{"href":"https:\/\/agora.xtec.cat\/escolacanfabra\/wp-json\/wp\/v2\/media?parent=24227"}],"wp:term":[{"taxonomy":"category","embeddable":true,"href":"https:\/\/agora.xtec.cat\/escolacanfabra\/wp-json\/wp\/v2\/categories?post=24227"},{"taxonomy":"post_tag","embeddable":true,"href":"https:\/\/agora.xtec.cat\/escolacanfabra\/wp-json\/wp\/v2\/tags?post=24227"}],"curies":[{"name":"wp","href":"https:\/\/api.w.org\/{rel}","templated":true}]}}