{"id":24204,"date":"2021-06-06T09:33:54","date_gmt":"2021-06-06T07:33:54","guid":{"rendered":"https:\/\/agora.xtec.cat\/escolacanfabra\/?p=24204"},"modified":"2021-06-06T09:33:54","modified_gmt":"2021-06-06T07:33:54","slug":"xerrada-amb-mares-expertes_projecte-evolucio-tecnologia_6ec","status":"publish","type":"post","link":"https:\/\/agora.xtec.cat\/escolacanfabra\/general\/xerrada-amb-mares-expertes_projecte-evolucio-tecnologia_6ec\/","title":{"rendered":"Xerrada amb Mares Expertes_Projecte Evoluci\u00f3 Tecnologia_6\u00e8C"},"content":{"rendered":"<p>El <strong>dijous 27 de maig<\/strong> vam tenir la gran sort de gaudir d\u00b4un dels moments <em>m\u00e9s significatius i emocionants de tot el curs<\/em>: la participaci\u00f3 de cinc <strong>MARES EXPERTES en l\u00b4\u00e0mbit sanitari i sociosanitari<\/strong>, que ens ajudarien i compartirien la seva visi\u00f3 i experi\u00e8ncia, durant aquest temps de pand\u00e8mia i al llarg de la seva vida, a<em>l voltant de l\u00b4evoluci\u00f3 de la tecnologia, i com aquesta afecta o facilita el seu dia a dia professional, i alhora personal.<\/em><\/p>\n<p>Cadascuna d\u00b4elles ens va apropar part de la seva realitat professional i la seva saviesa, on la tecnologia i la seva evoluci\u00f3 tenen impacte, amb els seus pros i contres, en l\u00b4atenci\u00f3 als usuaris, pacients o en l\u00b4aplicaci\u00f3 de tractaments o serveis sanitaris o sociosanitaris <em>per millorar el benestar f\u00edsic, mental i emocional<\/em>.<\/p>\n<p>Tots i totes vam aprendre molt\u00edssim i alhora vam fascinar-nos amb totes i cadascuna de les experi\u00e8ncies que van compartir amb nosaltres, i que ens vam fer veure i viure <em>l\u00b4\u00fas de la tecnologia des d\u00b4una vessant humanista<\/em>, \u00e9s a dir, cercant sempre <em>el benestar global de les persones.<\/em><\/p>\n<p><strong>Molt\u00edssimes gr\u00e0cies: Astrid, Marta, Gemma, Eva i Bea!<\/strong><\/p>\n<p><a href=\"https:\/\/agora.xtec.cat\/escolacanfabra\/album-fotos-2009c\/\">AQU\u00cd<\/a> podreu veure algunes de les imatges que vam recollir durant la xerrada!<\/p>\n","protected":false},"excerpt":{"rendered":"<p>El dijous 27 de maig vam tenir la gran sort de gaudir d\u00b4un dels moments m\u00e9s significatius i emocionants de tot el curs: la participaci\u00f3 de cinc MARES EXPERTES en l\u00b4\u00e0mbit sanitari i sociosanitari, que ens ajudarien i compartirien la seva visi\u00f3 i experi\u00e8ncia, durant aquest temps de pand\u00e8mia i al llarg de la seva [&hellip;]<\/p>\n","protected":false},"author":3,"featured_media":24207,"comment_status":"open","ping_status":"closed","sticky":false,"template":"","format":"standard","meta":{"_bbp_topic_count":0,"_bbp_reply_count":0,"_bbp_total_topic_count":0,"_bbp_total_reply_count":0,"_bbp_voice_count":0,"_bbp_anonymous_reply_count":0,"_bbp_topic_count_hidden":0,"_bbp_reply_count_hidden":0,"_bbp_forum_subforum_count":0,"site-sidebar-layout":"default","site-content-layout":"","ast-site-content-layout":"","site-content-style":"default","site-sidebar-style":"default","ast-global-header-display":"","ast-banner-title-visibility":"","ast-main-header-display":"","ast-hfb-above-header-display":"","ast-hfb-below-header-display":"","ast-hfb-mobile-header-display":"","site-post-title":"","ast-breadcrumbs-content":"","ast-featured-img":"","footer-sml-layout":"","theme-transparent-header-meta":"","adv-header-id-meta":"","stick-header-meta":"","header-above-stick-meta":"","header-main-stick-meta":"","header-below-stick-meta":"","astra-migrate-meta-layouts":"default","ast-page-background-enabled":"default","ast-page-background-meta":{"desktop":{"background-color":"var(--ast-global-color-5)","background-image":"","background-repeat":"repeat","background-position":"center center","background-size":"auto","background-attachment":"scroll","background-type":"","background-media":"","overlay-type":"","overlay-color":"","overlay-opacity":"","overlay-gradient":""},"tablet":{"background-color":"","background-image":"","background-repeat":"repeat","background-position":"center center","background-size":"auto","background-attachment":"scroll","background-type":"","background-media":"","overlay-type":"","overlay-color":"","overlay-opacity":"","overlay-gradient":""},"mobile":{"background-color":"","background-image":"","background-repeat":"repeat","background-position":"center center","background-size":"auto","background-attachment":"scroll","background-type":"","background-media":"","overlay-type":"","overlay-color":"","overlay-opacity":"","overlay-gradient":""}},"ast-content-background-meta":{"desktop":{"background-color":"var(--ast-global-color-4)","background-image":"","background-repeat":"repeat","background-position":"center center","background-size":"auto","background-attachment":"scroll","background-type":"","background-media":"","overlay-type":"","overlay-color":"","overlay-opacity":"","overlay-gradient":""},"tablet":{"background-color":"var(--ast-global-color-4)","background-image":"","background-repeat":"repeat","background-position":"center center","background-size":"auto","background-attachment":"scroll","background-type":"","background-media":"","overlay-type":"","overlay-color":"","overlay-opacity":"","overlay-gradient":""},"mobile":{"background-color":"var(--ast-global-color-4)","background-image":"","background-repeat":"repeat","background-position":"center center","background-size":"auto","background-attachment":"scroll","background-type":"","background-media":"","overlay-type":"","overlay-color":"","overlay-opacity":"","overlay-gradient":""}},"footnotes":""},"categories":[1,71,4,263],"tags":[],"class_list":["post-24204","post","type-post","status-publish","format-standard","has-post-thumbnail","hentry","category-general","category-noticies","category-portada","category-primaria"],"post_mailing_queue_ids":[],"_links":{"self":[{"href":"https:\/\/agora.xtec.cat\/escolacanfabra\/wp-json\/wp\/v2\/posts\/24204","targetHints":{"allow":["GET"]}}],"collection":[{"href":"https:\/\/agora.xtec.cat\/escolacanfabra\/wp-json\/wp\/v2\/posts"}],"about":[{"href":"https:\/\/agora.xtec.cat\/escolacanfabra\/wp-json\/wp\/v2\/types\/post"}],"author":[{"embeddable":true,"href":"https:\/\/agora.xtec.cat\/escolacanfabra\/wp-json\/wp\/v2\/users\/3"}],"replies":[{"embeddable":true,"href":"https:\/\/agora.xtec.cat\/escolacanfabra\/wp-json\/wp\/v2\/comments?post=24204"}],"version-history":[{"count":1,"href":"https:\/\/agora.xtec.cat\/escolacanfabra\/wp-json\/wp\/v2\/posts\/24204\/revisions"}],"predecessor-version":[{"id":24208,"href":"https:\/\/agora.xtec.cat\/escolacanfabra\/wp-json\/wp\/v2\/posts\/24204\/revisions\/24208"}],"wp:featuredmedia":[{"embeddable":true,"href":"https:\/\/agora.xtec.cat\/escolacanfabra\/wp-json\/wp\/v2\/media\/24207"}],"wp:attachment":[{"href":"https:\/\/agora.xtec.cat\/escolacanfabra\/wp-json\/wp\/v2\/media?parent=24204"}],"wp:term":[{"taxonomy":"category","embeddable":true,"href":"https:\/\/agora.xtec.cat\/escolacanfabra\/wp-json\/wp\/v2\/categories?post=24204"},{"taxonomy":"post_tag","embeddable":true,"href":"https:\/\/agora.xtec.cat\/escolacanfabra\/wp-json\/wp\/v2\/tags?post=24204"}],"curies":[{"name":"wp","href":"https:\/\/api.w.org\/{rel}","templated":true}]}}