{"id":24108,"date":"2021-05-28T21:04:45","date_gmt":"2021-05-28T19:04:45","guid":{"rendered":"https:\/\/agora.xtec.cat\/escolacanfabra\/?p=24108"},"modified":"2021-05-28T21:05:01","modified_gmt":"2021-05-28T19:05:01","slug":"5ec-fira-dexpertes-i-experts-sobre-el-projecte","status":"publish","type":"post","link":"https:\/\/agora.xtec.cat\/escolacanfabra\/general\/5ec-fira-dexpertes-i-experts-sobre-el-projecte\/","title":{"rendered":"5\u00e8C: Fira d&#8217;expertes i experts sobre el projecte"},"content":{"rendered":"<p>Les i els Corona-pinyes hem preparat una exposci\u00f3 sobre les seg\u00fcents tem\u00e0tiques del nostre projecte de les &#8220;treballadores i els treballadors de la f\u00e0brica Fabra\u00a0 i Coats&#8221;:<\/p>\n<p>-Serveis que oferia la f\u00e0brica<\/p>\n<p>-Feines igualit\u00e0ries o sexistes<\/p>\n<p>-Processos industrials<\/p>\n<p>-Producci\u00f3<\/p>\n<p>Cada tem\u00e0tica ha estat investigada per un grup de treball i els i les membres de cada grup s&#8217;han convertit en &#8220;expertes i experts&#8221; d&#8217;aquesta tem\u00e0tica. Cada grup ha elaborat un tr\u00edptic amb la informaci\u00f3 de la investigaci\u00f3 m\u00e9s important.<\/p>\n<p>Dimarts 25 de maig, vam fer una exposici\u00f3 en la qual tots expos\u00e0vem i tots escolt\u00e0vem dins d&#8217;un grup que anava rotant per les taules de l&#8217;exposici\u00f3.<\/p>\n<p>Ha estat una experi\u00e8ncia molt interessant i molt enriquidora. N&#8217;estem molt contentes i contents amb la preparaci\u00f3 i l&#8217;exposici\u00f3 dels continguts.<\/p>\n<p>Aqu\u00ed teniu les <a href=\"https:\/\/agora.xtec.cat\/escolacanfabra\/album-fotos-2010c\/\">fotografies<\/a> de la &#8220;Fira&#8221;.<\/p>\n","protected":false},"excerpt":{"rendered":"<p>Les i els Corona-pinyes hem preparat una exposci\u00f3 sobre les seg\u00fcents tem\u00e0tiques del nostre projecte de les &#8220;treballadores i els treballadors de la f\u00e0brica Fabra\u00a0 i Coats&#8221;: -Serveis que oferia la f\u00e0brica -Feines igualit\u00e0ries o sexistes -Processos industrials -Producci\u00f3 Cada tem\u00e0tica ha estat investigada per un grup de treball i els i les membres de [&hellip;]<\/p>\n","protected":false},"author":3,"featured_media":24110,"comment_status":"open","ping_status":"closed","sticky":false,"template":"","format":"standard","meta":{"_bbp_topic_count":0,"_bbp_reply_count":0,"_bbp_total_topic_count":0,"_bbp_total_reply_count":0,"_bbp_voice_count":0,"_bbp_anonymous_reply_count":0,"_bbp_topic_count_hidden":0,"_bbp_reply_count_hidden":0,"_bbp_forum_subforum_count":0,"site-sidebar-layout":"default","site-content-layout":"","ast-site-content-layout":"","site-content-style":"default","site-sidebar-style":"default","ast-global-header-display":"","ast-banner-title-visibility":"","ast-main-header-display":"","ast-hfb-above-header-display":"","ast-hfb-below-header-display":"","ast-hfb-mobile-header-display":"","site-post-title":"","ast-breadcrumbs-content":"","ast-featured-img":"","footer-sml-layout":"","theme-transparent-header-meta":"","adv-header-id-meta":"","stick-header-meta":"","header-above-stick-meta":"","header-main-stick-meta":"","header-below-stick-meta":"","astra-migrate-meta-layouts":"default","ast-page-background-enabled":"default","ast-page-background-meta":{"desktop":{"background-color":"var(--ast-global-color-5)","background-image":"","background-repeat":"repeat","background-position":"center center","background-size":"auto","background-attachment":"scroll","background-type":"","background-media":"","overlay-type":"","overlay-color":"","overlay-opacity":"","overlay-gradient":""},"tablet":{"background-color":"","background-image":"","background-repeat":"repeat","background-position":"center center","background-size":"auto","background-attachment":"scroll","background-type":"","background-media":"","overlay-type":"","overlay-color":"","overlay-opacity":"","overlay-gradient":""},"mobile":{"background-color":"","background-image":"","background-repeat":"repeat","background-position":"center center","background-size":"auto","background-attachment":"scroll","background-type":"","background-media":"","overlay-type":"","overlay-color":"","overlay-opacity":"","overlay-gradient":""}},"ast-content-background-meta":{"desktop":{"background-color":"var(--ast-global-color-4)","background-image":"","background-repeat":"repeat","background-position":"center center","background-size":"auto","background-attachment":"scroll","background-type":"","background-media":"","overlay-type":"","overlay-color":"","overlay-opacity":"","overlay-gradient":""},"tablet":{"background-color":"var(--ast-global-color-4)","background-image":"","background-repeat":"repeat","background-position":"center center","background-size":"auto","background-attachment":"scroll","background-type":"","background-media":"","overlay-type":"","overlay-color":"","overlay-opacity":"","overlay-gradient":""},"mobile":{"background-color":"var(--ast-global-color-4)","background-image":"","background-repeat":"repeat","background-position":"center center","background-size":"auto","background-attachment":"scroll","background-type":"","background-media":"","overlay-type":"","overlay-color":"","overlay-opacity":"","overlay-gradient":""}},"footnotes":""},"categories":[1,62,4],"tags":[],"class_list":["post-24108","post","type-post","status-publish","format-standard","has-post-thumbnail","hentry","category-general","category-nascuts-2010","category-portada"],"post_mailing_queue_ids":[],"_links":{"self":[{"href":"https:\/\/agora.xtec.cat\/escolacanfabra\/wp-json\/wp\/v2\/posts\/24108","targetHints":{"allow":["GET"]}}],"collection":[{"href":"https:\/\/agora.xtec.cat\/escolacanfabra\/wp-json\/wp\/v2\/posts"}],"about":[{"href":"https:\/\/agora.xtec.cat\/escolacanfabra\/wp-json\/wp\/v2\/types\/post"}],"author":[{"embeddable":true,"href":"https:\/\/agora.xtec.cat\/escolacanfabra\/wp-json\/wp\/v2\/users\/3"}],"replies":[{"embeddable":true,"href":"https:\/\/agora.xtec.cat\/escolacanfabra\/wp-json\/wp\/v2\/comments?post=24108"}],"version-history":[{"count":1,"href":"https:\/\/agora.xtec.cat\/escolacanfabra\/wp-json\/wp\/v2\/posts\/24108\/revisions"}],"predecessor-version":[{"id":24111,"href":"https:\/\/agora.xtec.cat\/escolacanfabra\/wp-json\/wp\/v2\/posts\/24108\/revisions\/24111"}],"wp:featuredmedia":[{"embeddable":true,"href":"https:\/\/agora.xtec.cat\/escolacanfabra\/wp-json\/wp\/v2\/media\/24110"}],"wp:attachment":[{"href":"https:\/\/agora.xtec.cat\/escolacanfabra\/wp-json\/wp\/v2\/media?parent=24108"}],"wp:term":[{"taxonomy":"category","embeddable":true,"href":"https:\/\/agora.xtec.cat\/escolacanfabra\/wp-json\/wp\/v2\/categories?post=24108"},{"taxonomy":"post_tag","embeddable":true,"href":"https:\/\/agora.xtec.cat\/escolacanfabra\/wp-json\/wp\/v2\/tags?post=24108"}],"curies":[{"name":"wp","href":"https:\/\/api.w.org\/{rel}","templated":true}]}}