{"id":24050,"date":"2021-05-21T16:43:22","date_gmt":"2021-05-21T14:43:22","guid":{"rendered":"https:\/\/agora.xtec.cat\/escolacanfabra\/?p=24050"},"modified":"2021-05-21T21:38:04","modified_gmt":"2021-05-21T19:38:04","slug":"projecte_evolucio-de-la-tecnologia_6ec","status":"publish","type":"post","link":"https:\/\/agora.xtec.cat\/escolacanfabra\/general\/projecte_evolucio-de-la-tecnologia_6ec\/","title":{"rendered":"6\u00e8C: Projecte Evoluci\u00f3 de la Tecnologia"},"content":{"rendered":"<p>Durant aquest 3r trimestre els alumnes de 6\u00e8C estem realitzant una extensa investigaci\u00f3 al voltant de l\u00b4<strong>Evoluci\u00f3 de la Tecnologia<\/strong>, partint de conceptes tan importants com:<\/p>\n<ul>\n<li>Fer un <em>tomb per la hist\u00f2ria de la Humanitat<\/em> i les seves etapes m\u00e9s rellevants<\/li>\n<li>Aprenent que \u00e9s l\u00b4<em>eix cronol\u00f2gic<\/em> i com confegir <em>mapes conceptuals\u00a0<\/em><\/li>\n<li>Extraient la informaci\u00f3 m\u00e9s important de diverses fonts d\u00b4informaci\u00f3 i buscant els significats dels <em>conceptes claus<\/em> de cadascuna de les etapes hist\u00f2riques, a partir de: l<em>libres de consulta, enciclop\u00e8dies, mapes, articles period\u00edstics, revistes cient\u00edfiques i de divulgaci\u00f3<\/em>&#8230;i incorporant aspectes essencials per fer cerques d\u00b4informaci\u00f3 a Internet, destriant la informaci\u00f3 que ens interessa d\u00b4aquella que no est\u00e0 verifica o no \u00e9s del tot adient<\/li>\n<li>Demanant c<em>ol.laboraci\u00f3 i participaci\u00f3<\/em> a aquells\/es que m\u00e9s estimem, i alhora, que m\u00e9s en saben mitjan\u00e7ant un q\u00fcestionari creat per nosaltres mateixos sobre l\u00b4impacte de la tecnologia: <em>els nostres pares\/mares, germans\/es, avis\/\u00e0vies, mestres.<\/em><\/li>\n<li>Realitzant una <em>investigaci\u00f3 cooperativa<\/em> sobre alguns dels invents m\u00e9s rellevants de la hist\u00f2ria, preparant les seves fitxes t\u00e8cniques i una presentaci\u00f3 oral compartida amb tots els companys i companyes de la classe<\/li>\n<\/ul>\n<p>(&#8230;)<\/p>\n<p>Seguirem treballant i gaudint d\u00b4aquest projecte de treball durant les pr\u00f2ximes setmanes&#8230;<\/p>\n<p>Continuar\u00e0&#8230;<\/p>\n<p><a href=\"https:\/\/agora.xtec.cat\/escolacanfabra\/album-fotos-2009c\/\">AQU\u00cd<\/a> us deixem un petit recull d\u00b4imatges<\/p>\n","protected":false},"excerpt":{"rendered":"<p>Durant aquest 3r trimestre els alumnes de 6\u00e8C estem realitzant una extensa investigaci\u00f3 al voltant de l\u00b4Evoluci\u00f3 de la Tecnologia, partint de conceptes tan importants com: Fer un tomb per la hist\u00f2ria de la Humanitat i les seves etapes m\u00e9s rellevants Aprenent que \u00e9s l\u00b4eix cronol\u00f2gic i com confegir mapes conceptuals\u00a0 Extraient la informaci\u00f3 m\u00e9s [&hellip;]<\/p>\n","protected":false},"author":3,"featured_media":24051,"comment_status":"open","ping_status":"closed","sticky":false,"template":"","format":"standard","meta":{"_bbp_topic_count":0,"_bbp_reply_count":0,"_bbp_total_topic_count":0,"_bbp_total_reply_count":0,"_bbp_voice_count":0,"_bbp_anonymous_reply_count":0,"_bbp_topic_count_hidden":0,"_bbp_reply_count_hidden":0,"_bbp_forum_subforum_count":0,"site-sidebar-layout":"default","site-content-layout":"","ast-site-content-layout":"","site-content-style":"default","site-sidebar-style":"default","ast-global-header-display":"","ast-banner-title-visibility":"","ast-main-header-display":"","ast-hfb-above-header-display":"","ast-hfb-below-header-display":"","ast-hfb-mobile-header-display":"","site-post-title":"","ast-breadcrumbs-content":"","ast-featured-img":"","footer-sml-layout":"","theme-transparent-header-meta":"","adv-header-id-meta":"","stick-header-meta":"","header-above-stick-meta":"","header-main-stick-meta":"","header-below-stick-meta":"","astra-migrate-meta-layouts":"default","ast-page-background-enabled":"default","ast-page-background-meta":{"desktop":{"background-color":"var(--ast-global-color-5)","background-image":"","background-repeat":"repeat","background-position":"center center","background-size":"auto","background-attachment":"scroll","background-type":"","background-media":"","overlay-type":"","overlay-color":"","overlay-opacity":"","overlay-gradient":""},"tablet":{"background-color":"","background-image":"","background-repeat":"repeat","background-position":"center center","background-size":"auto","background-attachment":"scroll","background-type":"","background-media":"","overlay-type":"","overlay-color":"","overlay-opacity":"","overlay-gradient":""},"mobile":{"background-color":"","background-image":"","background-repeat":"repeat","background-position":"center center","background-size":"auto","background-attachment":"scroll","background-type":"","background-media":"","overlay-type":"","overlay-color":"","overlay-opacity":"","overlay-gradient":""}},"ast-content-background-meta":{"desktop":{"background-color":"var(--ast-global-color-4)","background-image":"","background-repeat":"repeat","background-position":"center center","background-size":"auto","background-attachment":"scroll","background-type":"","background-media":"","overlay-type":"","overlay-color":"","overlay-opacity":"","overlay-gradient":""},"tablet":{"background-color":"var(--ast-global-color-4)","background-image":"","background-repeat":"repeat","background-position":"center center","background-size":"auto","background-attachment":"scroll","background-type":"","background-media":"","overlay-type":"","overlay-color":"","overlay-opacity":"","overlay-gradient":""},"mobile":{"background-color":"var(--ast-global-color-4)","background-image":"","background-repeat":"repeat","background-position":"center center","background-size":"auto","background-attachment":"scroll","background-type":"","background-media":"","overlay-type":"","overlay-color":"","overlay-opacity":"","overlay-gradient":""}},"footnotes":""},"categories":[1,71,4,263],"tags":[],"class_list":["post-24050","post","type-post","status-publish","format-standard","has-post-thumbnail","hentry","category-general","category-noticies","category-portada","category-primaria"],"post_mailing_queue_ids":[],"_links":{"self":[{"href":"https:\/\/agora.xtec.cat\/escolacanfabra\/wp-json\/wp\/v2\/posts\/24050","targetHints":{"allow":["GET"]}}],"collection":[{"href":"https:\/\/agora.xtec.cat\/escolacanfabra\/wp-json\/wp\/v2\/posts"}],"about":[{"href":"https:\/\/agora.xtec.cat\/escolacanfabra\/wp-json\/wp\/v2\/types\/post"}],"author":[{"embeddable":true,"href":"https:\/\/agora.xtec.cat\/escolacanfabra\/wp-json\/wp\/v2\/users\/3"}],"replies":[{"embeddable":true,"href":"https:\/\/agora.xtec.cat\/escolacanfabra\/wp-json\/wp\/v2\/comments?post=24050"}],"version-history":[{"count":3,"href":"https:\/\/agora.xtec.cat\/escolacanfabra\/wp-json\/wp\/v2\/posts\/24050\/revisions"}],"predecessor-version":[{"id":24055,"href":"https:\/\/agora.xtec.cat\/escolacanfabra\/wp-json\/wp\/v2\/posts\/24050\/revisions\/24055"}],"wp:featuredmedia":[{"embeddable":true,"href":"https:\/\/agora.xtec.cat\/escolacanfabra\/wp-json\/wp\/v2\/media\/24051"}],"wp:attachment":[{"href":"https:\/\/agora.xtec.cat\/escolacanfabra\/wp-json\/wp\/v2\/media?parent=24050"}],"wp:term":[{"taxonomy":"category","embeddable":true,"href":"https:\/\/agora.xtec.cat\/escolacanfabra\/wp-json\/wp\/v2\/categories?post=24050"},{"taxonomy":"post_tag","embeddable":true,"href":"https:\/\/agora.xtec.cat\/escolacanfabra\/wp-json\/wp\/v2\/tags?post=24050"}],"curies":[{"name":"wp","href":"https:\/\/api.w.org\/{rel}","templated":true}]}}