{"id":24021,"date":"2021-05-21T13:23:21","date_gmt":"2021-05-21T11:23:21","guid":{"rendered":"https:\/\/agora.xtec.cat\/escolacanfabra\/?p=24021"},"modified":"2021-05-21T15:12:28","modified_gmt":"2021-05-21T13:12:28","slug":"2a-sessio_taller-ni-tipics-ni-topics_6ec","status":"publish","type":"post","link":"https:\/\/agora.xtec.cat\/escolacanfabra\/general\/2a-sessio_taller-ni-tipics-ni-topics_6ec\/","title":{"rendered":"6\u00e8C: 2a sessi\u00f3_Taller: Ni t\u00edpics ni t\u00f2pics"},"content":{"rendered":"<p>El passat <strong>dilluns 17 de maig<\/strong> vam gaudir de la <strong>2a sessi\u00f3 del Taller: Ni t\u00edpics ni t\u00f2pics<\/strong>, on vam descobrir i treballar sobre les interaccions, percepcions, estereotips i patrons socials que ens envolten, per tal de fer prevaldre els <em>valors \u00e8tics i democr\u00e0tics,<\/em> com ho s\u00f3n els valors de la nostra escola: <em>l\u00b4esfor\u00e7, la solidaritat, la il\u00b7lusi\u00f3, la responsabilitat i el respecte.<\/em><\/p>\n<p>Les dinamitzadores de la sessi\u00f3 ens van sorprendre amb una <strong>din\u00e0mica de grup<\/strong> que ens va fer experimentar i viure de manera molt emocionant que realment <em>som un grup cohesionat, que ens coneixem i ens valorem molt\u00edssim, i que les pr\u00e0ctiques respectuoses i emp\u00e0tiques formen part del nostre tarann\u00e0 habitual.<\/em><\/p>\n<p>A m\u00e9s a m\u00e9s, ens van fer part\u00edcips d\u00b4una creaci\u00f3 pr\u00f2pia: la can\u00e7\u00f3 &#8220;<strong>Digues No<\/strong>&#8220;, que vol conscienciar als alumnes com nosaltres del fet de <em>no prejutjar, no estereotipar, i no fer c\u00f3rrer rumors ni falses creences envers els altres.<\/em><\/p>\n<p>Tots plegats <em>vam cantar i vam iniciar les il.lustracions sobre la can\u00e7\u00f3<\/em>, que finalment es convertiran en un petit recull d\u00b4experi\u00e8ncies compartides.<\/p>\n<p><strong>Moltes gr\u00e0cies a les dinamitzadores i a la mare de la Rita Rovira, per donar-nos l\u00b4oportunitat d\u00b4aprendre molt de manera compartida i l\u00fadica!<\/strong><\/p>\n<p><a href=\"https:\/\/agora.xtec.cat\/escolacanfabra\/album-fotos-2009c\/\">AQU\u00cd<\/a> us deixem un recull d\u00b4imatges de la jornada!<\/p>\n","protected":false},"excerpt":{"rendered":"<p>El passat dilluns 17 de maig vam gaudir de la 2a sessi\u00f3 del Taller: Ni t\u00edpics ni t\u00f2pics, on vam descobrir i treballar sobre les interaccions, percepcions, estereotips i patrons socials que ens envolten, per tal de fer prevaldre els valors \u00e8tics i democr\u00e0tics, com ho s\u00f3n els valors de la nostra escola: l\u00b4esfor\u00e7, la [&hellip;]<\/p>\n","protected":false},"author":3,"featured_media":24025,"comment_status":"open","ping_status":"closed","sticky":false,"template":"","format":"standard","meta":{"_bbp_topic_count":0,"_bbp_reply_count":0,"_bbp_total_topic_count":0,"_bbp_total_reply_count":0,"_bbp_voice_count":0,"_bbp_anonymous_reply_count":0,"_bbp_topic_count_hidden":0,"_bbp_reply_count_hidden":0,"_bbp_forum_subforum_count":0,"site-sidebar-layout":"default","site-content-layout":"","ast-site-content-layout":"","site-content-style":"default","site-sidebar-style":"default","ast-global-header-display":"","ast-banner-title-visibility":"","ast-main-header-display":"","ast-hfb-above-header-display":"","ast-hfb-below-header-display":"","ast-hfb-mobile-header-display":"","site-post-title":"","ast-breadcrumbs-content":"","ast-featured-img":"","footer-sml-layout":"","theme-transparent-header-meta":"","adv-header-id-meta":"","stick-header-meta":"","header-above-stick-meta":"","header-main-stick-meta":"","header-below-stick-meta":"","astra-migrate-meta-layouts":"default","ast-page-background-enabled":"default","ast-page-background-meta":{"desktop":{"background-color":"var(--ast-global-color-5)","background-image":"","background-repeat":"repeat","background-position":"center center","background-size":"auto","background-attachment":"scroll","background-type":"","background-media":"","overlay-type":"","overlay-color":"","overlay-opacity":"","overlay-gradient":""},"tablet":{"background-color":"","background-image":"","background-repeat":"repeat","background-position":"center center","background-size":"auto","background-attachment":"scroll","background-type":"","background-media":"","overlay-type":"","overlay-color":"","overlay-opacity":"","overlay-gradient":""},"mobile":{"background-color":"","background-image":"","background-repeat":"repeat","background-position":"center center","background-size":"auto","background-attachment":"scroll","background-type":"","background-media":"","overlay-type":"","overlay-color":"","overlay-opacity":"","overlay-gradient":""}},"ast-content-background-meta":{"desktop":{"background-color":"var(--ast-global-color-4)","background-image":"","background-repeat":"repeat","background-position":"center center","background-size":"auto","background-attachment":"scroll","background-type":"","background-media":"","overlay-type":"","overlay-color":"","overlay-opacity":"","overlay-gradient":""},"tablet":{"background-color":"var(--ast-global-color-4)","background-image":"","background-repeat":"repeat","background-position":"center center","background-size":"auto","background-attachment":"scroll","background-type":"","background-media":"","overlay-type":"","overlay-color":"","overlay-opacity":"","overlay-gradient":""},"mobile":{"background-color":"var(--ast-global-color-4)","background-image":"","background-repeat":"repeat","background-position":"center center","background-size":"auto","background-attachment":"scroll","background-type":"","background-media":"","overlay-type":"","overlay-color":"","overlay-opacity":"","overlay-gradient":""}},"footnotes":""},"categories":[1,71,4,263],"tags":[],"class_list":["post-24021","post","type-post","status-publish","format-standard","has-post-thumbnail","hentry","category-general","category-noticies","category-portada","category-primaria"],"post_mailing_queue_ids":[],"_links":{"self":[{"href":"https:\/\/agora.xtec.cat\/escolacanfabra\/wp-json\/wp\/v2\/posts\/24021","targetHints":{"allow":["GET"]}}],"collection":[{"href":"https:\/\/agora.xtec.cat\/escolacanfabra\/wp-json\/wp\/v2\/posts"}],"about":[{"href":"https:\/\/agora.xtec.cat\/escolacanfabra\/wp-json\/wp\/v2\/types\/post"}],"author":[{"embeddable":true,"href":"https:\/\/agora.xtec.cat\/escolacanfabra\/wp-json\/wp\/v2\/users\/3"}],"replies":[{"embeddable":true,"href":"https:\/\/agora.xtec.cat\/escolacanfabra\/wp-json\/wp\/v2\/comments?post=24021"}],"version-history":[{"count":3,"href":"https:\/\/agora.xtec.cat\/escolacanfabra\/wp-json\/wp\/v2\/posts\/24021\/revisions"}],"predecessor-version":[{"id":24036,"href":"https:\/\/agora.xtec.cat\/escolacanfabra\/wp-json\/wp\/v2\/posts\/24021\/revisions\/24036"}],"wp:featuredmedia":[{"embeddable":true,"href":"https:\/\/agora.xtec.cat\/escolacanfabra\/wp-json\/wp\/v2\/media\/24025"}],"wp:attachment":[{"href":"https:\/\/agora.xtec.cat\/escolacanfabra\/wp-json\/wp\/v2\/media?parent=24021"}],"wp:term":[{"taxonomy":"category","embeddable":true,"href":"https:\/\/agora.xtec.cat\/escolacanfabra\/wp-json\/wp\/v2\/categories?post=24021"},{"taxonomy":"post_tag","embeddable":true,"href":"https:\/\/agora.xtec.cat\/escolacanfabra\/wp-json\/wp\/v2\/tags?post=24021"}],"curies":[{"name":"wp","href":"https:\/\/api.w.org\/{rel}","templated":true}]}}