{"id":23968,"date":"2021-05-18T12:43:40","date_gmt":"2021-05-18T10:43:40","guid":{"rendered":"https:\/\/agora.xtec.cat\/escolacanfabra\/?p=23968"},"modified":"2021-05-18T12:43:40","modified_gmt":"2021-05-18T10:43:40","slug":"5e-a-sortida-mnactec","status":"publish","type":"post","link":"https:\/\/agora.xtec.cat\/escolacanfabra\/portada\/5e-a-sortida-mnactec\/","title":{"rendered":"5\u00e8 A: Sortida mNACTEC"},"content":{"rendered":"<p><span style=\"font-weight: 400;\">El 5-5-21 vam anar al mNACTEC\u00a0 a veure i aprendre m\u00e9s sobre les m\u00e0quines: la m\u00e0quina de vapor i les m\u00e0quines per fer fil.\u00a0<\/span><\/p>\n<p><span style=\"font-weight: 400;\">El noi que ens feia la visita es deia Roger.<\/span><\/p>\n<p><span style=\"font-weight: 400;\">Vam comen\u00e7ar la sortida anant en autocar aproximadament uns 25 minuts. <\/span><span style=\"font-weight: 400;\">Vam arribar i vam esmorzar al parc St Jordi ,i despr\u00e9s vam baixar i vam jugar.<\/span><\/p>\n<p><span style=\"font-weight: 400;\">Despr\u00e9s vam anar caminant al museu <\/span><span style=\"font-weight: 400;\">mNACTEC<\/span><span style=\"font-weight: 400;\">.<\/span><\/p>\n<p><span style=\"font-weight: 400;\">Tots vam deixar les motxilles i ens vam anar a veure el museu amb el\u00a0 Roger.<\/span><\/p>\n<p><span style=\"font-weight: 400;\">Vam veure moltes m\u00e0quines: la de vapor, la de filar, la de premsar, la de tintar,&#8230;\u00a0 Va ser s\u00faper guai. <\/span><span style=\"font-weight: 400;\">El Roger ens va ensenyar molt. <\/span><\/p>\n<p><span style=\"font-weight: 400;\">Despr\u00e9s\u00a0 vam marxar del museu, l&#8217;autocar va arribar i cap a casa.<\/span><\/p>\n<p><a href=\"https:\/\/agora.xtec.cat\/escolacanfabra\/album-fotos-2010a\/\">Aqu\u00ed<\/a> podeu veure totes les fotos de la sortida.<\/p>\n<p><em>Les nenes i nens de cinqu\u00e8 A<\/em>.<\/p>\n","protected":false},"excerpt":{"rendered":"<p>El 5-5-21 vam anar al mNACTEC\u00a0 a veure i aprendre m\u00e9s sobre les m\u00e0quines: la m\u00e0quina de vapor i les m\u00e0quines per fer fil.\u00a0 El noi que ens feia la visita es deia Roger. Vam comen\u00e7ar la sortida anant en autocar aproximadament uns 25 minuts. Vam arribar i vam esmorzar al parc St Jordi ,i [&hellip;]<\/p>\n","protected":false},"author":3,"featured_media":23969,"comment_status":"open","ping_status":"closed","sticky":false,"template":"","format":"standard","meta":{"_bbp_topic_count":0,"_bbp_reply_count":0,"_bbp_total_topic_count":0,"_bbp_total_reply_count":0,"_bbp_voice_count":0,"_bbp_anonymous_reply_count":0,"_bbp_topic_count_hidden":0,"_bbp_reply_count_hidden":0,"_bbp_forum_subforum_count":0,"site-sidebar-layout":"default","site-content-layout":"","ast-site-content-layout":"","site-content-style":"default","site-sidebar-style":"default","ast-global-header-display":"","ast-banner-title-visibility":"","ast-main-header-display":"","ast-hfb-above-header-display":"","ast-hfb-below-header-display":"","ast-hfb-mobile-header-display":"","site-post-title":"","ast-breadcrumbs-content":"","ast-featured-img":"","footer-sml-layout":"","theme-transparent-header-meta":"","adv-header-id-meta":"","stick-header-meta":"","header-above-stick-meta":"","header-main-stick-meta":"","header-below-stick-meta":"","astra-migrate-meta-layouts":"default","ast-page-background-enabled":"default","ast-page-background-meta":{"desktop":{"background-color":"var(--ast-global-color-5)","background-image":"","background-repeat":"repeat","background-position":"center center","background-size":"auto","background-attachment":"scroll","background-type":"","background-media":"","overlay-type":"","overlay-color":"","overlay-opacity":"","overlay-gradient":""},"tablet":{"background-color":"","background-image":"","background-repeat":"repeat","background-position":"center center","background-size":"auto","background-attachment":"scroll","background-type":"","background-media":"","overlay-type":"","overlay-color":"","overlay-opacity":"","overlay-gradient":""},"mobile":{"background-color":"","background-image":"","background-repeat":"repeat","background-position":"center center","background-size":"auto","background-attachment":"scroll","background-type":"","background-media":"","overlay-type":"","overlay-color":"","overlay-opacity":"","overlay-gradient":""}},"ast-content-background-meta":{"desktop":{"background-color":"var(--ast-global-color-4)","background-image":"","background-repeat":"repeat","background-position":"center center","background-size":"auto","background-attachment":"scroll","background-type":"","background-media":"","overlay-type":"","overlay-color":"","overlay-opacity":"","overlay-gradient":""},"tablet":{"background-color":"var(--ast-global-color-4)","background-image":"","background-repeat":"repeat","background-position":"center center","background-size":"auto","background-attachment":"scroll","background-type":"","background-media":"","overlay-type":"","overlay-color":"","overlay-opacity":"","overlay-gradient":""},"mobile":{"background-color":"var(--ast-global-color-4)","background-image":"","background-repeat":"repeat","background-position":"center center","background-size":"auto","background-attachment":"scroll","background-type":"","background-media":"","overlay-type":"","overlay-color":"","overlay-opacity":"","overlay-gradient":""}},"footnotes":""},"categories":[62,4],"tags":[],"class_list":["post-23968","post","type-post","status-publish","format-standard","has-post-thumbnail","hentry","category-nascuts-2010","category-portada"],"post_mailing_queue_ids":[],"_links":{"self":[{"href":"https:\/\/agora.xtec.cat\/escolacanfabra\/wp-json\/wp\/v2\/posts\/23968","targetHints":{"allow":["GET"]}}],"collection":[{"href":"https:\/\/agora.xtec.cat\/escolacanfabra\/wp-json\/wp\/v2\/posts"}],"about":[{"href":"https:\/\/agora.xtec.cat\/escolacanfabra\/wp-json\/wp\/v2\/types\/post"}],"author":[{"embeddable":true,"href":"https:\/\/agora.xtec.cat\/escolacanfabra\/wp-json\/wp\/v2\/users\/3"}],"replies":[{"embeddable":true,"href":"https:\/\/agora.xtec.cat\/escolacanfabra\/wp-json\/wp\/v2\/comments?post=23968"}],"version-history":[{"count":1,"href":"https:\/\/agora.xtec.cat\/escolacanfabra\/wp-json\/wp\/v2\/posts\/23968\/revisions"}],"predecessor-version":[{"id":23970,"href":"https:\/\/agora.xtec.cat\/escolacanfabra\/wp-json\/wp\/v2\/posts\/23968\/revisions\/23970"}],"wp:featuredmedia":[{"embeddable":true,"href":"https:\/\/agora.xtec.cat\/escolacanfabra\/wp-json\/wp\/v2\/media\/23969"}],"wp:attachment":[{"href":"https:\/\/agora.xtec.cat\/escolacanfabra\/wp-json\/wp\/v2\/media?parent=23968"}],"wp:term":[{"taxonomy":"category","embeddable":true,"href":"https:\/\/agora.xtec.cat\/escolacanfabra\/wp-json\/wp\/v2\/categories?post=23968"},{"taxonomy":"post_tag","embeddable":true,"href":"https:\/\/agora.xtec.cat\/escolacanfabra\/wp-json\/wp\/v2\/tags?post=23968"}],"curies":[{"name":"wp","href":"https:\/\/api.w.org\/{rel}","templated":true}]}}