{"id":23853,"date":"2021-05-07T20:24:21","date_gmt":"2021-05-07T18:24:21","guid":{"rendered":"https:\/\/agora.xtec.cat\/escolacanfabra\/?p=23853"},"modified":"2021-05-07T20:24:21","modified_gmt":"2021-05-07T18:24:21","slug":"1r-ja-es-veu-part-del-missatge","status":"publish","type":"post","link":"https:\/\/agora.xtec.cat\/escolacanfabra\/portada\/1r-ja-es-veu-part-del-missatge\/","title":{"rendered":"1r: JA ES VEU PART DEL MISSATGE!!"},"content":{"rendered":"<p><a href=\"https:\/\/agora.xtec.cat\/escolacanfabra\/wp-content\/uploads\/usu1954\/2021\/05\/IMG_2087.jpg\"><img loading=\"lazy\" decoding=\"async\" class=\" wp-image-23854 alignleft\" src=\"https:\/\/agora.xtec.cat\/escolacanfabra\/wp-content\/uploads\/usu1954\/2021\/05\/IMG_2087-473x1024.jpg\" alt=\"\" width=\"215\" height=\"465\" srcset=\"https:\/\/agora.xtec.cat\/escolacanfabra\/wp-content\/uploads\/usu1954\/2021\/05\/IMG_2087-473x1024.jpg 473w, https:\/\/agora.xtec.cat\/escolacanfabra\/wp-content\/uploads\/usu1954\/2021\/05\/IMG_2087-139x300.jpg 139w, https:\/\/agora.xtec.cat\/escolacanfabra\/wp-content\/uploads\/usu1954\/2021\/05\/IMG_2087-768x1662.jpg 768w, https:\/\/agora.xtec.cat\/escolacanfabra\/wp-content\/uploads\/usu1954\/2021\/05\/IMG_2087.jpg 828w\" sizes=\"auto, (max-width: 215px) 100vw, 215px\" \/><\/a><\/p>\n<p>Recordeu el missatge amagat que ens va deixar la Bruixa\u00a0<span class=\"hiddenSpellError\">Fabreta<\/span>\u00a0a l&#8217;inici de curs?<\/p>\n<p>Doncs cada setmana, amb tota la il\u00b7lusi\u00f3, seguim enganxant els gomets que la Bruixa\u00a0<span class=\"hiddenSpellError\">Fabreta<\/span> ens fa arribar en un sobre que cada vegada ens amaga en un lloc diferent.<\/p>\n<p>Ja fa uns dies que van comen\u00e7ar a apar\u00e8ixer lletres al missatge i sovint pensem qu\u00e8 hi pot dir.<\/p>\n<p>Queda poc per omplir-lo i aconseguir el que hi ha a la capsa que est\u00e0 a dalt de tot.<\/p>\n<p>L&#8217;altre dia vam estar pensant qu\u00e8 hi podia haver, per\u00f2 fins que no tinguem el missatge complet no ho sabrem segur.<\/p>\n<p>Seguirem llegint llibres, treballant amb el\u00a0<span class=\"hiddenSpellError\">Glifing<\/span>\u00a0i esperant els gomets que ens envia la Bruixa\u00a0<span class=\"hiddenSpellError\">Fabreta<\/span>\u00a0per a completar el missatge! Ja queda menys!<\/p>\n<p>&nbsp;<\/p>\n","protected":false},"excerpt":{"rendered":"<p>Recordeu el missatge amagat que ens va deixar la Bruixa\u00a0Fabreta\u00a0a l&#8217;inici de curs? Doncs cada setmana, amb tota la il\u00b7lusi\u00f3, seguim enganxant els gomets que la Bruixa\u00a0Fabreta ens fa arribar en un sobre que cada vegada ens amaga en un lloc diferent. Ja fa uns dies que van comen\u00e7ar a apar\u00e8ixer lletres al missatge i [&hellip;]<\/p>\n","protected":false},"author":3,"featured_media":23855,"comment_status":"open","ping_status":"closed","sticky":false,"template":"","format":"standard","meta":{"_bbp_topic_count":0,"_bbp_reply_count":0,"_bbp_total_topic_count":0,"_bbp_total_reply_count":0,"_bbp_voice_count":0,"_bbp_anonymous_reply_count":0,"_bbp_topic_count_hidden":0,"_bbp_reply_count_hidden":0,"_bbp_forum_subforum_count":0,"site-sidebar-layout":"default","site-content-layout":"","ast-site-content-layout":"","site-content-style":"default","site-sidebar-style":"default","ast-global-header-display":"","ast-banner-title-visibility":"","ast-main-header-display":"","ast-hfb-above-header-display":"","ast-hfb-below-header-display":"","ast-hfb-mobile-header-display":"","site-post-title":"","ast-breadcrumbs-content":"","ast-featured-img":"","footer-sml-layout":"","theme-transparent-header-meta":"","adv-header-id-meta":"","stick-header-meta":"","header-above-stick-meta":"","header-main-stick-meta":"","header-below-stick-meta":"","astra-migrate-meta-layouts":"default","ast-page-background-enabled":"default","ast-page-background-meta":{"desktop":{"background-color":"var(--ast-global-color-5)","background-image":"","background-repeat":"repeat","background-position":"center center","background-size":"auto","background-attachment":"scroll","background-type":"","background-media":"","overlay-type":"","overlay-color":"","overlay-opacity":"","overlay-gradient":""},"tablet":{"background-color":"","background-image":"","background-repeat":"repeat","background-position":"center center","background-size":"auto","background-attachment":"scroll","background-type":"","background-media":"","overlay-type":"","overlay-color":"","overlay-opacity":"","overlay-gradient":""},"mobile":{"background-color":"","background-image":"","background-repeat":"repeat","background-position":"center center","background-size":"auto","background-attachment":"scroll","background-type":"","background-media":"","overlay-type":"","overlay-color":"","overlay-opacity":"","overlay-gradient":""}},"ast-content-background-meta":{"desktop":{"background-color":"var(--ast-global-color-4)","background-image":"","background-repeat":"repeat","background-position":"center center","background-size":"auto","background-attachment":"scroll","background-type":"","background-media":"","overlay-type":"","overlay-color":"","overlay-opacity":"","overlay-gradient":""},"tablet":{"background-color":"var(--ast-global-color-4)","background-image":"","background-repeat":"repeat","background-position":"center center","background-size":"auto","background-attachment":"scroll","background-type":"","background-media":"","overlay-type":"","overlay-color":"","overlay-opacity":"","overlay-gradient":""},"mobile":{"background-color":"var(--ast-global-color-4)","background-image":"","background-repeat":"repeat","background-position":"center center","background-size":"auto","background-attachment":"scroll","background-type":"","background-media":"","overlay-type":"","overlay-color":"","overlay-opacity":"","overlay-gradient":""}},"footnotes":""},"categories":[4],"tags":[],"class_list":["post-23853","post","type-post","status-publish","format-standard","has-post-thumbnail","hentry","category-portada"],"post_mailing_queue_ids":[],"_links":{"self":[{"href":"https:\/\/agora.xtec.cat\/escolacanfabra\/wp-json\/wp\/v2\/posts\/23853","targetHints":{"allow":["GET"]}}],"collection":[{"href":"https:\/\/agora.xtec.cat\/escolacanfabra\/wp-json\/wp\/v2\/posts"}],"about":[{"href":"https:\/\/agora.xtec.cat\/escolacanfabra\/wp-json\/wp\/v2\/types\/post"}],"author":[{"embeddable":true,"href":"https:\/\/agora.xtec.cat\/escolacanfabra\/wp-json\/wp\/v2\/users\/3"}],"replies":[{"embeddable":true,"href":"https:\/\/agora.xtec.cat\/escolacanfabra\/wp-json\/wp\/v2\/comments?post=23853"}],"version-history":[{"count":1,"href":"https:\/\/agora.xtec.cat\/escolacanfabra\/wp-json\/wp\/v2\/posts\/23853\/revisions"}],"predecessor-version":[{"id":23856,"href":"https:\/\/agora.xtec.cat\/escolacanfabra\/wp-json\/wp\/v2\/posts\/23853\/revisions\/23856"}],"wp:featuredmedia":[{"embeddable":true,"href":"https:\/\/agora.xtec.cat\/escolacanfabra\/wp-json\/wp\/v2\/media\/23855"}],"wp:attachment":[{"href":"https:\/\/agora.xtec.cat\/escolacanfabra\/wp-json\/wp\/v2\/media?parent=23853"}],"wp:term":[{"taxonomy":"category","embeddable":true,"href":"https:\/\/agora.xtec.cat\/escolacanfabra\/wp-json\/wp\/v2\/categories?post=23853"},{"taxonomy":"post_tag","embeddable":true,"href":"https:\/\/agora.xtec.cat\/escolacanfabra\/wp-json\/wp\/v2\/tags?post=23853"}],"curies":[{"name":"wp","href":"https:\/\/api.w.org\/{rel}","templated":true}]}}