{"id":23831,"date":"2021-05-19T16:41:08","date_gmt":"2021-05-19T14:41:08","guid":{"rendered":"https:\/\/agora.xtec.cat\/escolacanfabra\/?p=23831"},"modified":"2021-05-19T21:41:33","modified_gmt":"2021-05-19T19:41:33","slug":"4tb-el-comiat-de-lane-i-les-noves-activitats-de-projecte","status":"publish","type":"post","link":"https:\/\/agora.xtec.cat\/escolacanfabra\/general\/4tb-el-comiat-de-lane-i-les-noves-activitats-de-projecte\/","title":{"rendered":"4tB: El comiat de l&#8217;Ane i les noves activitats de projecte"},"content":{"rendered":"<p style=\"text-align: left;\">Hola pares i mares,<\/p>\n<p style=\"text-align: left;\">Us escric aquest post per explica dues coses.<\/p>\n<p style=\"text-align: left;\">Primer vam tenir el comiat de la nostra mestre de pr\u00e0ctiques, l&#8217;Ane. Vam donar-li regals: cadasc\u00fa va dibuixar un dibuix i amb tots els\u00a0 dibuixos vam fer un llibre amb una dedicat\u00f2ria juntament amb una planta i un marc. Es va emocionar molt. Ella tamb\u00e9 ens va donar un regal a cada nen\/a. Tots i totes la trobarem a faltar!\ud83d\ude2d\ud83d\ude22<\/p>\n<p><a href=\"https:\/\/agora.xtec.cat\/escolacanfabra\/album-fotos-2011b\/\">AQU\u00cd<\/a> (\u00e0lbum: Comiat de l&#8217;Ane) podeu trobar les fotografies del dia del comiat.<\/p>\n<p style=\"text-align: left;\">Tamb\u00e9 seguim amb el projecte dels Desastres Naturals.<\/p>\n<p style=\"text-align: left;\">Hem estat jugant al Timeline i despr\u00e9s hem fet la nostra l\u00ednia del temps, llavors hem fet les etapes de la hist\u00f2ria i a sota hem penjat en ordre cronol\u00f2gic uns cartells que hem creat dels desastres naturals m\u00e9s impactants de la hist\u00f2ria.\ud83c\udf0a\ud83c\udf0b<\/p>\n<p>Mireu que b\u00e9 ens ha quedat:<\/p>\n<p><a href=\"https:\/\/agora.xtec.cat\/escolacanfabra\/wp-content\/uploads\/usu1954\/2021\/05\/linia-del-temps.jpg\"><img loading=\"lazy\" decoding=\"async\" class=\"alignnone size-large wp-image-23985\" src=\"https:\/\/agora.xtec.cat\/escolacanfabra\/wp-content\/uploads\/usu1954\/2021\/05\/linia-del-temps-1024x332.jpg\" alt=\"\" width=\"1024\" height=\"332\" srcset=\"https:\/\/agora.xtec.cat\/escolacanfabra\/wp-content\/uploads\/usu1954\/2021\/05\/linia-del-temps-1024x332.jpg 1024w, https:\/\/agora.xtec.cat\/escolacanfabra\/wp-content\/uploads\/usu1954\/2021\/05\/linia-del-temps-300x97.jpg 300w, https:\/\/agora.xtec.cat\/escolacanfabra\/wp-content\/uploads\/usu1954\/2021\/05\/linia-del-temps-768x249.jpg 768w, https:\/\/agora.xtec.cat\/escolacanfabra\/wp-content\/uploads\/usu1954\/2021\/05\/linia-del-temps.jpg 1600w\" sizes=\"auto, (max-width: 1024px) 100vw, 1024px\" \/><\/a><\/p>\n<p><a href=\"https:\/\/agora.xtec.cat\/escolacanfabra\/wp-content\/uploads\/usu1954\/2021\/05\/linia-del-temps-2.jpg\"><img loading=\"lazy\" decoding=\"async\" class=\"wp-image-23987 aligncenter\" src=\"https:\/\/agora.xtec.cat\/escolacanfabra\/wp-content\/uploads\/usu1954\/2021\/05\/linia-del-temps-2-1024x768.jpg\" alt=\"\" width=\"554\" height=\"416\" srcset=\"https:\/\/agora.xtec.cat\/escolacanfabra\/wp-content\/uploads\/usu1954\/2021\/05\/linia-del-temps-2-1024x768.jpg 1024w, https:\/\/agora.xtec.cat\/escolacanfabra\/wp-content\/uploads\/usu1954\/2021\/05\/linia-del-temps-2-300x225.jpg 300w, https:\/\/agora.xtec.cat\/escolacanfabra\/wp-content\/uploads\/usu1954\/2021\/05\/linia-del-temps-2-768x576.jpg 768w, https:\/\/agora.xtec.cat\/escolacanfabra\/wp-content\/uploads\/usu1954\/2021\/05\/linia-del-temps-2-200x150.jpg 200w, https:\/\/agora.xtec.cat\/escolacanfabra\/wp-content\/uploads\/usu1954\/2021\/05\/linia-del-temps-2.jpg 1600w\" sizes=\"auto, (max-width: 554px) 100vw, 554px\" \/><\/a> <a href=\"https:\/\/agora.xtec.cat\/escolacanfabra\/wp-content\/uploads\/usu1954\/2021\/05\/linia-del-temps-3.jpg\"><img loading=\"lazy\" decoding=\"async\" class=\"wp-image-23988 aligncenter\" src=\"https:\/\/agora.xtec.cat\/escolacanfabra\/wp-content\/uploads\/usu1954\/2021\/05\/linia-del-temps-3-1024x768.jpg\" alt=\"\" width=\"555\" height=\"416\" srcset=\"https:\/\/agora.xtec.cat\/escolacanfabra\/wp-content\/uploads\/usu1954\/2021\/05\/linia-del-temps-3-1024x768.jpg 1024w, https:\/\/agora.xtec.cat\/escolacanfabra\/wp-content\/uploads\/usu1954\/2021\/05\/linia-del-temps-3-300x225.jpg 300w, https:\/\/agora.xtec.cat\/escolacanfabra\/wp-content\/uploads\/usu1954\/2021\/05\/linia-del-temps-3-768x576.jpg 768w, https:\/\/agora.xtec.cat\/escolacanfabra\/wp-content\/uploads\/usu1954\/2021\/05\/linia-del-temps-3-200x150.jpg 200w, https:\/\/agora.xtec.cat\/escolacanfabra\/wp-content\/uploads\/usu1954\/2021\/05\/linia-del-temps-3.jpg 1600w\" sizes=\"auto, (max-width: 555px) 100vw, 555px\" \/><\/a> <a href=\"https:\/\/agora.xtec.cat\/escolacanfabra\/wp-content\/uploads\/usu1954\/2021\/05\/linia-del-temps-4.jpg\"><img loading=\"lazy\" decoding=\"async\" class=\"wp-image-23989 aligncenter\" src=\"https:\/\/agora.xtec.cat\/escolacanfabra\/wp-content\/uploads\/usu1954\/2021\/05\/linia-del-temps-4-1024x768.jpg\" alt=\"\" width=\"555\" height=\"416\" srcset=\"https:\/\/agora.xtec.cat\/escolacanfabra\/wp-content\/uploads\/usu1954\/2021\/05\/linia-del-temps-4-1024x768.jpg 1024w, https:\/\/agora.xtec.cat\/escolacanfabra\/wp-content\/uploads\/usu1954\/2021\/05\/linia-del-temps-4-300x225.jpg 300w, https:\/\/agora.xtec.cat\/escolacanfabra\/wp-content\/uploads\/usu1954\/2021\/05\/linia-del-temps-4-768x576.jpg 768w, https:\/\/agora.xtec.cat\/escolacanfabra\/wp-content\/uploads\/usu1954\/2021\/05\/linia-del-temps-4-200x150.jpg 200w, https:\/\/agora.xtec.cat\/escolacanfabra\/wp-content\/uploads\/usu1954\/2021\/05\/linia-del-temps-4.jpg 1600w\" sizes=\"auto, (max-width: 555px) 100vw, 555px\" \/><\/a><\/p>\n<p>Us continuarem informant!<\/p>\n<p>Els bloggers dels Virus.<\/p>\n<p>13 de maig de 2021<\/p>\n<p>&nbsp;<\/p>\n","protected":false},"excerpt":{"rendered":"<p>Hola pares i mares, Us escric aquest post per explica dues coses. Primer vam tenir el comiat de la nostra mestre de pr\u00e0ctiques, l&#8217;Ane. Vam donar-li regals: cadasc\u00fa va dibuixar un dibuix i amb tots els\u00a0 dibuixos vam fer un llibre amb una dedicat\u00f2ria juntament amb una planta i un marc. Es va emocionar molt. [&hellip;]<\/p>\n","protected":false},"author":3,"featured_media":23990,"comment_status":"closed","ping_status":"closed","sticky":false,"template":"","format":"standard","meta":{"_bbp_topic_count":0,"_bbp_reply_count":0,"_bbp_total_topic_count":0,"_bbp_total_reply_count":0,"_bbp_voice_count":0,"_bbp_anonymous_reply_count":0,"_bbp_topic_count_hidden":0,"_bbp_reply_count_hidden":0,"_bbp_forum_subforum_count":0,"site-sidebar-layout":"default","site-content-layout":"","ast-site-content-layout":"","site-content-style":"default","site-sidebar-style":"default","ast-global-header-display":"","ast-banner-title-visibility":"","ast-main-header-display":"","ast-hfb-above-header-display":"","ast-hfb-below-header-display":"","ast-hfb-mobile-header-display":"","site-post-title":"","ast-breadcrumbs-content":"","ast-featured-img":"","footer-sml-layout":"","theme-transparent-header-meta":"","adv-header-id-meta":"","stick-header-meta":"","header-above-stick-meta":"","header-main-stick-meta":"","header-below-stick-meta":"","astra-migrate-meta-layouts":"default","ast-page-background-enabled":"default","ast-page-background-meta":{"desktop":{"background-color":"var(--ast-global-color-5)","background-image":"","background-repeat":"repeat","background-position":"center center","background-size":"auto","background-attachment":"scroll","background-type":"","background-media":"","overlay-type":"","overlay-color":"","overlay-opacity":"","overlay-gradient":""},"tablet":{"background-color":"","background-image":"","background-repeat":"repeat","background-position":"center center","background-size":"auto","background-attachment":"scroll","background-type":"","background-media":"","overlay-type":"","overlay-color":"","overlay-opacity":"","overlay-gradient":""},"mobile":{"background-color":"","background-image":"","background-repeat":"repeat","background-position":"center center","background-size":"auto","background-attachment":"scroll","background-type":"","background-media":"","overlay-type":"","overlay-color":"","overlay-opacity":"","overlay-gradient":""}},"ast-content-background-meta":{"desktop":{"background-color":"var(--ast-global-color-4)","background-image":"","background-repeat":"repeat","background-position":"center center","background-size":"auto","background-attachment":"scroll","background-type":"","background-media":"","overlay-type":"","overlay-color":"","overlay-opacity":"","overlay-gradient":""},"tablet":{"background-color":"var(--ast-global-color-4)","background-image":"","background-repeat":"repeat","background-position":"center center","background-size":"auto","background-attachment":"scroll","background-type":"","background-media":"","overlay-type":"","overlay-color":"","overlay-opacity":"","overlay-gradient":""},"mobile":{"background-color":"var(--ast-global-color-4)","background-image":"","background-repeat":"repeat","background-position":"center center","background-size":"auto","background-attachment":"scroll","background-type":"","background-media":"","overlay-type":"","overlay-color":"","overlay-opacity":"","overlay-gradient":""}},"footnotes":""},"categories":[1,61,4,263],"tags":[],"class_list":["post-23831","post","type-post","status-publish","format-standard","has-post-thumbnail","hentry","category-general","category-nascuts-2011","category-portada","category-primaria"],"post_mailing_queue_ids":[],"_links":{"self":[{"href":"https:\/\/agora.xtec.cat\/escolacanfabra\/wp-json\/wp\/v2\/posts\/23831","targetHints":{"allow":["GET"]}}],"collection":[{"href":"https:\/\/agora.xtec.cat\/escolacanfabra\/wp-json\/wp\/v2\/posts"}],"about":[{"href":"https:\/\/agora.xtec.cat\/escolacanfabra\/wp-json\/wp\/v2\/types\/post"}],"author":[{"embeddable":true,"href":"https:\/\/agora.xtec.cat\/escolacanfabra\/wp-json\/wp\/v2\/users\/3"}],"replies":[{"embeddable":true,"href":"https:\/\/agora.xtec.cat\/escolacanfabra\/wp-json\/wp\/v2\/comments?post=23831"}],"version-history":[{"count":3,"href":"https:\/\/agora.xtec.cat\/escolacanfabra\/wp-json\/wp\/v2\/posts\/23831\/revisions"}],"predecessor-version":[{"id":23984,"href":"https:\/\/agora.xtec.cat\/escolacanfabra\/wp-json\/wp\/v2\/posts\/23831\/revisions\/23984"}],"wp:featuredmedia":[{"embeddable":true,"href":"https:\/\/agora.xtec.cat\/escolacanfabra\/wp-json\/wp\/v2\/media\/23990"}],"wp:attachment":[{"href":"https:\/\/agora.xtec.cat\/escolacanfabra\/wp-json\/wp\/v2\/media?parent=23831"}],"wp:term":[{"taxonomy":"category","embeddable":true,"href":"https:\/\/agora.xtec.cat\/escolacanfabra\/wp-json\/wp\/v2\/categories?post=23831"},{"taxonomy":"post_tag","embeddable":true,"href":"https:\/\/agora.xtec.cat\/escolacanfabra\/wp-json\/wp\/v2\/tags?post=23831"}],"curies":[{"name":"wp","href":"https:\/\/api.w.org\/{rel}","templated":true}]}}