{"id":23788,"date":"2021-04-29T18:15:04","date_gmt":"2021-04-29T16:15:04","guid":{"rendered":"https:\/\/agora.xtec.cat\/escolacanfabra\/?p=23788"},"modified":"2021-04-29T18:22:12","modified_gmt":"2021-04-29T16:22:12","slug":"5e-xerrada-sobre-la-fabra-i-coats-amb-un-historiador","status":"publish","type":"post","link":"https:\/\/agora.xtec.cat\/escolacanfabra\/general\/5e-xerrada-sobre-la-fabra-i-coats-amb-un-historiador\/","title":{"rendered":"5\u00e8: Xerrada sobre la Fabra i Coats a c\u00e0rrec d&#8217;un historiador."},"content":{"rendered":"<p>Dimarts 27 d&#8217;abril. els tres grups de cinqu\u00e8, en tres moments diferents, vam gaudir d&#8217;una xerrada sobre la f\u00e0brica Fabra i Coats feta per l&#8217;historiador i professor de secund\u00e0ria, Goyo Vizca\u00edno. Aquesta xerrada ens va aportar una &#8220;mirada&#8221; diferent sobre la f\u00e0brica.<\/p>\n<p>Aqu\u00ed podeu veure les fotos de la xerrada: <a href=\"https:\/\/agora.xtec.cat\/escolacanfabra\/album-fotos-2010a\/\">5\u00e8A\u00a0<\/a> \u00a0i\u00a0 \u00a0 <a href=\"https:\/\/agora.xtec.cat\/escolacanfabra\/album-fotos-2010c\/\">5\u00e8C<\/a><\/p>\n","protected":false},"excerpt":{"rendered":"<p>Dimarts 27 d&#8217;abril. els tres grups de cinqu\u00e8, en tres moments diferents, vam gaudir d&#8217;una xerrada sobre la f\u00e0brica Fabra i Coats feta per l&#8217;historiador i professor de secund\u00e0ria, Goyo Vizca\u00edno. Aquesta xerrada ens va aportar una &#8220;mirada&#8221; diferent sobre la f\u00e0brica. Aqu\u00ed podeu veure les fotos de la xerrada: 5\u00e8A\u00a0 \u00a0i\u00a0 \u00a0 5\u00e8C<\/p>\n","protected":false},"author":3,"featured_media":23793,"comment_status":"open","ping_status":"closed","sticky":false,"template":"","format":"standard","meta":{"_bbp_topic_count":0,"_bbp_reply_count":0,"_bbp_total_topic_count":0,"_bbp_total_reply_count":0,"_bbp_voice_count":0,"_bbp_anonymous_reply_count":0,"_bbp_topic_count_hidden":0,"_bbp_reply_count_hidden":0,"_bbp_forum_subforum_count":0,"site-sidebar-layout":"default","site-content-layout":"","ast-site-content-layout":"","site-content-style":"default","site-sidebar-style":"default","ast-global-header-display":"","ast-banner-title-visibility":"","ast-main-header-display":"","ast-hfb-above-header-display":"","ast-hfb-below-header-display":"","ast-hfb-mobile-header-display":"","site-post-title":"","ast-breadcrumbs-content":"","ast-featured-img":"","footer-sml-layout":"","theme-transparent-header-meta":"","adv-header-id-meta":"","stick-header-meta":"","header-above-stick-meta":"","header-main-stick-meta":"","header-below-stick-meta":"","astra-migrate-meta-layouts":"default","ast-page-background-enabled":"default","ast-page-background-meta":{"desktop":{"background-color":"var(--ast-global-color-5)","background-image":"","background-repeat":"repeat","background-position":"center center","background-size":"auto","background-attachment":"scroll","background-type":"","background-media":"","overlay-type":"","overlay-color":"","overlay-opacity":"","overlay-gradient":""},"tablet":{"background-color":"","background-image":"","background-repeat":"repeat","background-position":"center center","background-size":"auto","background-attachment":"scroll","background-type":"","background-media":"","overlay-type":"","overlay-color":"","overlay-opacity":"","overlay-gradient":""},"mobile":{"background-color":"","background-image":"","background-repeat":"repeat","background-position":"center center","background-size":"auto","background-attachment":"scroll","background-type":"","background-media":"","overlay-type":"","overlay-color":"","overlay-opacity":"","overlay-gradient":""}},"ast-content-background-meta":{"desktop":{"background-color":"var(--ast-global-color-4)","background-image":"","background-repeat":"repeat","background-position":"center center","background-size":"auto","background-attachment":"scroll","background-type":"","background-media":"","overlay-type":"","overlay-color":"","overlay-opacity":"","overlay-gradient":""},"tablet":{"background-color":"var(--ast-global-color-4)","background-image":"","background-repeat":"repeat","background-position":"center center","background-size":"auto","background-attachment":"scroll","background-type":"","background-media":"","overlay-type":"","overlay-color":"","overlay-opacity":"","overlay-gradient":""},"mobile":{"background-color":"var(--ast-global-color-4)","background-image":"","background-repeat":"repeat","background-position":"center center","background-size":"auto","background-attachment":"scroll","background-type":"","background-media":"","overlay-type":"","overlay-color":"","overlay-opacity":"","overlay-gradient":""}},"footnotes":""},"categories":[1,62,4],"tags":[],"class_list":["post-23788","post","type-post","status-publish","format-standard","has-post-thumbnail","hentry","category-general","category-nascuts-2010","category-portada"],"post_mailing_queue_ids":[],"_links":{"self":[{"href":"https:\/\/agora.xtec.cat\/escolacanfabra\/wp-json\/wp\/v2\/posts\/23788","targetHints":{"allow":["GET"]}}],"collection":[{"href":"https:\/\/agora.xtec.cat\/escolacanfabra\/wp-json\/wp\/v2\/posts"}],"about":[{"href":"https:\/\/agora.xtec.cat\/escolacanfabra\/wp-json\/wp\/v2\/types\/post"}],"author":[{"embeddable":true,"href":"https:\/\/agora.xtec.cat\/escolacanfabra\/wp-json\/wp\/v2\/users\/3"}],"replies":[{"embeddable":true,"href":"https:\/\/agora.xtec.cat\/escolacanfabra\/wp-json\/wp\/v2\/comments?post=23788"}],"version-history":[{"count":2,"href":"https:\/\/agora.xtec.cat\/escolacanfabra\/wp-json\/wp\/v2\/posts\/23788\/revisions"}],"predecessor-version":[{"id":23792,"href":"https:\/\/agora.xtec.cat\/escolacanfabra\/wp-json\/wp\/v2\/posts\/23788\/revisions\/23792"}],"wp:featuredmedia":[{"embeddable":true,"href":"https:\/\/agora.xtec.cat\/escolacanfabra\/wp-json\/wp\/v2\/media\/23793"}],"wp:attachment":[{"href":"https:\/\/agora.xtec.cat\/escolacanfabra\/wp-json\/wp\/v2\/media?parent=23788"}],"wp:term":[{"taxonomy":"category","embeddable":true,"href":"https:\/\/agora.xtec.cat\/escolacanfabra\/wp-json\/wp\/v2\/categories?post=23788"},{"taxonomy":"post_tag","embeddable":true,"href":"https:\/\/agora.xtec.cat\/escolacanfabra\/wp-json\/wp\/v2\/tags?post=23788"}],"curies":[{"name":"wp","href":"https:\/\/api.w.org\/{rel}","templated":true}]}}