{"id":23658,"date":"2021-04-26T15:30:45","date_gmt":"2021-04-26T13:30:45","guid":{"rendered":"https:\/\/agora.xtec.cat\/escolacanfabra\/?p=23658"},"modified":"2021-04-26T15:53:26","modified_gmt":"2021-04-26T13:53:26","slug":"2n-que-hem-fet-a-educacio-fisica-en-aquests-mesos","status":"publish","type":"post","link":"https:\/\/agora.xtec.cat\/escolacanfabra\/portada\/2n-que-hem-fet-a-educacio-fisica-en-aquests-mesos\/","title":{"rendered":"2n- QU\u00c8 HEM FET A EDUCACI\u00d3 F\u00cdSICA EN AQUESTS MESOS"},"content":{"rendered":"<p><a href=\"https:\/\/agora.xtec.cat\/escolacanfabra\/wp-content\/uploads\/usu1954\/2021\/04\/TURU.jpg\"><img loading=\"lazy\" decoding=\"async\" class=\"wp-image-23668 aligncenter\" src=\"https:\/\/agora.xtec.cat\/escolacanfabra\/wp-content\/uploads\/usu1954\/2021\/04\/TURU.jpg\" alt=\"\" width=\"314\" height=\"222\" srcset=\"https:\/\/agora.xtec.cat\/escolacanfabra\/wp-content\/uploads\/usu1954\/2021\/04\/TURU.jpg 960w, https:\/\/agora.xtec.cat\/escolacanfabra\/wp-content\/uploads\/usu1954\/2021\/04\/TURU-300x212.jpg 300w, https:\/\/agora.xtec.cat\/escolacanfabra\/wp-content\/uploads\/usu1954\/2021\/04\/TURU-768x542.jpg 768w\" sizes=\"auto, (max-width: 314px) 100vw, 314px\" \/><\/a><\/p>\n<p>Durant l&#8217;inici del 2n trimestre hem fet diferents propostes d&#8217;expressi\u00f3 i comunicaci\u00f3 corporal amb &#8220;Parlem amb el cos&#8221; on va venir l&#8217;experta Marta Almitrall per desenvolupar aquest contingut.<\/p>\n<p>Vam continuar amb el &#8220;Conte Tibet\u00e0&#8221;, en aquesta proposta hem apr\u00e8s a fer lletres, figures geom\u00e8triques i mandales amb el cos, cooperar i treballar en equip.<\/p>\n<p>Tamb\u00e9 vam fer a una sessi\u00f3 l&#8217;activitat de l&#8217;Among Us a Educaci\u00f3 F\u00edsica el dia de Carnestoltes.<\/p>\n<p>Us deixem el recull de fotografies als \u00e0lbums dels cursos:<\/p>\n<p><a href=\"https:\/\/agora.xtec.cat\/escolacanfabra\/album-fotos-2013a\/\" target=\"_blank\" rel=\"noopener noreferrer\">\u00c0lbum 2n A<\/a>.<\/p>\n<p><a href=\"https:\/\/agora.xtec.cat\/escolacanfabra\/album-fotos-2013b\/\" target=\"_blank\" rel=\"noopener noreferrer\">\u00c0lbum 2n B<\/a>.<\/p>\n","protected":false},"excerpt":{"rendered":"<p>Durant l&#8217;inici del 2n trimestre hem fet diferents propostes d&#8217;expressi\u00f3 i comunicaci\u00f3 corporal amb &#8220;Parlem amb el cos&#8221; on va venir l&#8217;experta Marta Almitrall per desenvolupar aquest contingut. Vam continuar amb el &#8220;Conte Tibet\u00e0&#8221;, en aquesta proposta hem apr\u00e8s a fer lletres, figures geom\u00e8triques i mandales amb el cos, cooperar i treballar en equip. Tamb\u00e9 [&hellip;]<\/p>\n","protected":false},"author":3,"featured_media":23668,"comment_status":"open","ping_status":"closed","sticky":false,"template":"","format":"standard","meta":{"_bbp_topic_count":0,"_bbp_reply_count":0,"_bbp_total_topic_count":0,"_bbp_total_reply_count":0,"_bbp_voice_count":0,"_bbp_anonymous_reply_count":0,"_bbp_topic_count_hidden":0,"_bbp_reply_count_hidden":0,"_bbp_forum_subforum_count":0,"site-sidebar-layout":"default","site-content-layout":"","ast-site-content-layout":"","site-content-style":"default","site-sidebar-style":"default","ast-global-header-display":"","ast-banner-title-visibility":"","ast-main-header-display":"","ast-hfb-above-header-display":"","ast-hfb-below-header-display":"","ast-hfb-mobile-header-display":"","site-post-title":"","ast-breadcrumbs-content":"","ast-featured-img":"","footer-sml-layout":"","theme-transparent-header-meta":"","adv-header-id-meta":"","stick-header-meta":"","header-above-stick-meta":"","header-main-stick-meta":"","header-below-stick-meta":"","astra-migrate-meta-layouts":"default","ast-page-background-enabled":"default","ast-page-background-meta":{"desktop":{"background-color":"var(--ast-global-color-5)","background-image":"","background-repeat":"repeat","background-position":"center center","background-size":"auto","background-attachment":"scroll","background-type":"","background-media":"","overlay-type":"","overlay-color":"","overlay-opacity":"","overlay-gradient":""},"tablet":{"background-color":"","background-image":"","background-repeat":"repeat","background-position":"center center","background-size":"auto","background-attachment":"scroll","background-type":"","background-media":"","overlay-type":"","overlay-color":"","overlay-opacity":"","overlay-gradient":""},"mobile":{"background-color":"","background-image":"","background-repeat":"repeat","background-position":"center center","background-size":"auto","background-attachment":"scroll","background-type":"","background-media":"","overlay-type":"","overlay-color":"","overlay-opacity":"","overlay-gradient":""}},"ast-content-background-meta":{"desktop":{"background-color":"var(--ast-global-color-4)","background-image":"","background-repeat":"repeat","background-position":"center center","background-size":"auto","background-attachment":"scroll","background-type":"","background-media":"","overlay-type":"","overlay-color":"","overlay-opacity":"","overlay-gradient":""},"tablet":{"background-color":"var(--ast-global-color-4)","background-image":"","background-repeat":"repeat","background-position":"center center","background-size":"auto","background-attachment":"scroll","background-type":"","background-media":"","overlay-type":"","overlay-color":"","overlay-opacity":"","overlay-gradient":""},"mobile":{"background-color":"var(--ast-global-color-4)","background-image":"","background-repeat":"repeat","background-position":"center center","background-size":"auto","background-attachment":"scroll","background-type":"","background-media":"","overlay-type":"","overlay-color":"","overlay-opacity":"","overlay-gradient":""}},"footnotes":""},"categories":[82,4,263],"tags":[],"class_list":["post-23658","post","type-post","status-publish","format-standard","has-post-thumbnail","hentry","category-nascuts-2013","category-portada","category-primaria"],"post_mailing_queue_ids":[],"_links":{"self":[{"href":"https:\/\/agora.xtec.cat\/escolacanfabra\/wp-json\/wp\/v2\/posts\/23658","targetHints":{"allow":["GET"]}}],"collection":[{"href":"https:\/\/agora.xtec.cat\/escolacanfabra\/wp-json\/wp\/v2\/posts"}],"about":[{"href":"https:\/\/agora.xtec.cat\/escolacanfabra\/wp-json\/wp\/v2\/types\/post"}],"author":[{"embeddable":true,"href":"https:\/\/agora.xtec.cat\/escolacanfabra\/wp-json\/wp\/v2\/users\/3"}],"replies":[{"embeddable":true,"href":"https:\/\/agora.xtec.cat\/escolacanfabra\/wp-json\/wp\/v2\/comments?post=23658"}],"version-history":[{"count":3,"href":"https:\/\/agora.xtec.cat\/escolacanfabra\/wp-json\/wp\/v2\/posts\/23658\/revisions"}],"predecessor-version":[{"id":23671,"href":"https:\/\/agora.xtec.cat\/escolacanfabra\/wp-json\/wp\/v2\/posts\/23658\/revisions\/23671"}],"wp:featuredmedia":[{"embeddable":true,"href":"https:\/\/agora.xtec.cat\/escolacanfabra\/wp-json\/wp\/v2\/media\/23668"}],"wp:attachment":[{"href":"https:\/\/agora.xtec.cat\/escolacanfabra\/wp-json\/wp\/v2\/media?parent=23658"}],"wp:term":[{"taxonomy":"category","embeddable":true,"href":"https:\/\/agora.xtec.cat\/escolacanfabra\/wp-json\/wp\/v2\/categories?post=23658"},{"taxonomy":"post_tag","embeddable":true,"href":"https:\/\/agora.xtec.cat\/escolacanfabra\/wp-json\/wp\/v2\/tags?post=23658"}],"curies":[{"name":"wp","href":"https:\/\/api.w.org\/{rel}","templated":true}]}}