{"id":23628,"date":"2021-04-19T10:16:18","date_gmt":"2021-04-19T08:16:18","guid":{"rendered":"https:\/\/agora.xtec.cat\/escolacanfabra\/?p=23628"},"modified":"2021-09-02T13:11:23","modified_gmt":"2021-09-02T11:11:23","slug":"llista-de-sollicituds-amb-el-barem-provisional","status":"publish","type":"post","link":"https:\/\/agora.xtec.cat\/escolacanfabra\/portada\/llista-de-sollicituds-amb-el-barem-provisional\/","title":{"rendered":"Publicaci\u00f3 llistats d&#8217;admesos infantil i prim\u00e0ria"},"content":{"rendered":"<p><a href=\"https:\/\/drive.google.com\/file\/d\/1TBY1o03BpBRLu8KjKpEF99NRCxEDGSs1\/view?usp=sharing\" target=\"_blank\" rel=\"noopener noreferrer\"><strong>Oferta definitiva de places<\/strong><\/a><\/p>\n<p><strong><a href=\"https:\/\/drive.google.com\/file\/d\/1lqUQ4Q-K6Mr9JMtHUfYkumD4MXUvuXS-\/view?usp=sharing\" target=\"_blank\" rel=\"noopener noreferrer\">Alumnat preinscrit al centre<\/a><\/strong><\/p>\n<p><a href=\"https:\/\/drive.google.com\/file\/d\/1PueY8_IfpZa4zvPZ06R6JnafDFDgNq4q\/view?usp=sharing\" target=\"_blank\" rel=\"noopener noreferrer\"><strong>Alumnat assignat al centre<\/strong><\/a><\/p>\n<p><a href=\"https:\/\/drive.google.com\/file\/d\/1ZNZmznzsuznnkP0dMbxT_N2hrjUR1jp4\/view?usp=sharing\" target=\"_blank\" rel=\"noopener noreferrer\"><strong>Llistes d&#8217;espera<\/strong><\/a><\/p>\n<p>&nbsp;<\/p>\n<p>ATENCI\u00d3!<\/p>\n<p>Com qu\u00e8 a l&#8217;escola hem tingut m\u00e9s sol\u00b7licituds que places ofertades, tingueu en compte que aquestes llistes no s\u00f3n definitives: resta pendent fer l&#8217;assignaci\u00f3 de places de reserva per a alumnat de NEE i aix\u00f2 podria tenir efectes en l&#8217;oferta final.<\/p>\n<p>El n\u00famero per determinar l&#8217;ordre de les sol\u00b7licituds de 2n cicle d&#8217;educaci\u00f3 infantil i de prim\u00e0ria \u00e9s el<strong> 69.448.\u00a0<\/strong>\u00c9s en base a aquest nombre (i a la puntuaci\u00f3 dels barems) que s&#8217;han ordenat les sol\u00b7licituds per cada centre.<\/p>\n","protected":false},"excerpt":{"rendered":"<p>Oferta definitiva de places Alumnat preinscrit al centre Alumnat assignat al centre Llistes d&#8217;espera &nbsp; ATENCI\u00d3! Com qu\u00e8 a l&#8217;escola hem tingut m\u00e9s sol\u00b7licituds que places ofertades, tingueu en compte que aquestes llistes no s\u00f3n definitives: resta pendent fer l&#8217;assignaci\u00f3 de places de reserva per a alumnat de NEE i aix\u00f2 podria tenir efectes en [&hellip;]<\/p>\n","protected":false},"author":1,"featured_media":0,"comment_status":"open","ping_status":"closed","sticky":false,"template":"","format":"standard","meta":{"_bbp_topic_count":0,"_bbp_reply_count":0,"_bbp_total_topic_count":0,"_bbp_total_reply_count":0,"_bbp_voice_count":0,"_bbp_anonymous_reply_count":0,"_bbp_topic_count_hidden":0,"_bbp_reply_count_hidden":0,"_bbp_forum_subforum_count":0,"site-sidebar-layout":"default","site-content-layout":"","ast-site-content-layout":"","site-content-style":"default","site-sidebar-style":"default","ast-global-header-display":"","ast-banner-title-visibility":"","ast-main-header-display":"","ast-hfb-above-header-display":"","ast-hfb-below-header-display":"","ast-hfb-mobile-header-display":"","site-post-title":"","ast-breadcrumbs-content":"","ast-featured-img":"","footer-sml-layout":"","theme-transparent-header-meta":"","adv-header-id-meta":"","stick-header-meta":"","header-above-stick-meta":"","header-main-stick-meta":"","header-below-stick-meta":"","astra-migrate-meta-layouts":"default","ast-page-background-enabled":"default","ast-page-background-meta":{"desktop":{"background-color":"var(--ast-global-color-5)","background-image":"","background-repeat":"repeat","background-position":"center center","background-size":"auto","background-attachment":"scroll","background-type":"","background-media":"","overlay-type":"","overlay-color":"","overlay-opacity":"","overlay-gradient":""},"tablet":{"background-color":"","background-image":"","background-repeat":"repeat","background-position":"center center","background-size":"auto","background-attachment":"scroll","background-type":"","background-media":"","overlay-type":"","overlay-color":"","overlay-opacity":"","overlay-gradient":""},"mobile":{"background-color":"","background-image":"","background-repeat":"repeat","background-position":"center center","background-size":"auto","background-attachment":"scroll","background-type":"","background-media":"","overlay-type":"","overlay-color":"","overlay-opacity":"","overlay-gradient":""}},"ast-content-background-meta":{"desktop":{"background-color":"var(--ast-global-color-4)","background-image":"","background-repeat":"repeat","background-position":"center center","background-size":"auto","background-attachment":"scroll","background-type":"","background-media":"","overlay-type":"","overlay-color":"","overlay-opacity":"","overlay-gradient":""},"tablet":{"background-color":"var(--ast-global-color-4)","background-image":"","background-repeat":"repeat","background-position":"center center","background-size":"auto","background-attachment":"scroll","background-type":"","background-media":"","overlay-type":"","overlay-color":"","overlay-opacity":"","overlay-gradient":""},"mobile":{"background-color":"var(--ast-global-color-4)","background-image":"","background-repeat":"repeat","background-position":"center center","background-size":"auto","background-attachment":"scroll","background-type":"","background-media":"","overlay-type":"","overlay-color":"","overlay-opacity":"","overlay-gradient":""}},"footnotes":""},"categories":[4],"tags":[],"class_list":["post-23628","post","type-post","status-publish","format-standard","hentry","category-portada"],"post_mailing_queue_ids":[],"_links":{"self":[{"href":"https:\/\/agora.xtec.cat\/escolacanfabra\/wp-json\/wp\/v2\/posts\/23628","targetHints":{"allow":["GET"]}}],"collection":[{"href":"https:\/\/agora.xtec.cat\/escolacanfabra\/wp-json\/wp\/v2\/posts"}],"about":[{"href":"https:\/\/agora.xtec.cat\/escolacanfabra\/wp-json\/wp\/v2\/types\/post"}],"author":[{"embeddable":true,"href":"https:\/\/agora.xtec.cat\/escolacanfabra\/wp-json\/wp\/v2\/users\/1"}],"replies":[{"embeddable":true,"href":"https:\/\/agora.xtec.cat\/escolacanfabra\/wp-json\/wp\/v2\/comments?post=23628"}],"version-history":[{"count":4,"href":"https:\/\/agora.xtec.cat\/escolacanfabra\/wp-json\/wp\/v2\/posts\/23628\/revisions"}],"predecessor-version":[{"id":24224,"href":"https:\/\/agora.xtec.cat\/escolacanfabra\/wp-json\/wp\/v2\/posts\/23628\/revisions\/24224"}],"wp:attachment":[{"href":"https:\/\/agora.xtec.cat\/escolacanfabra\/wp-json\/wp\/v2\/media?parent=23628"}],"wp:term":[{"taxonomy":"category","embeddable":true,"href":"https:\/\/agora.xtec.cat\/escolacanfabra\/wp-json\/wp\/v2\/categories?post=23628"},{"taxonomy":"post_tag","embeddable":true,"href":"https:\/\/agora.xtec.cat\/escolacanfabra\/wp-json\/wp\/v2\/tags?post=23628"}],"curies":[{"name":"wp","href":"https:\/\/api.w.org\/{rel}","templated":true}]}}