{"id":23599,"date":"2021-04-16T17:22:04","date_gmt":"2021-04-16T15:22:04","guid":{"rendered":"https:\/\/agora.xtec.cat\/escolacanfabra\/?p=23599"},"modified":"2021-04-16T17:22:04","modified_gmt":"2021-04-16T15:22:04","slug":"5ec-us-presentem-lalex-un-futur-mestre-en-practiques","status":"publish","type":"post","link":"https:\/\/agora.xtec.cat\/escolacanfabra\/general\/5ec-us-presentem-lalex-un-futur-mestre-en-practiques\/","title":{"rendered":"5\u00e8C: Us presentem l&#8217;\u00c0lex, un futur mestre, en pr\u00e0ctiques!"},"content":{"rendered":"<p><span style=\"font-weight: 400;\">L\u2019ARRIBADA DE L\u2019\u00c0LEX<\/span><\/p>\n<p><span style=\"font-weight: 400;\">El segon dia de l\u2019escola del 3r trimestre va arribar un noi que est\u00e0 de pr\u00e0ctiques.<\/span><\/p>\n<p><span style=\"font-weight: 400;\">Es diu \u00c0lex Centelles.<\/span><\/p>\n<p><span style=\"font-weight: 400;\">Li agrada molt practicar esport. Els esports que li agraden s\u00f3n: nataci\u00f3, running, volei platja, padel&#8230;per\u00f2 els que m\u00e9s li agraden s\u00f3n: futbol i ciclisme. Ha jugat tota la seva vida al Sant Andreu de futsal.<\/span><\/p>\n<p><span style=\"font-weight: 400;\">En el seu temps lliure practica la seva afici\u00f3 que \u00e9s fer esport.<\/span><\/p>\n<p><span style=\"font-weight: 400;\">Tamb\u00e9 li agrada compartir moments amb els seus amics.<\/span><\/p>\n<p><span style=\"font-weight: 400;\">El seu color preferit \u00e9s el <\/span><span style=\"font-weight: 400;\">VERD<\/span><span style=\"font-weight: 400;\">.<\/span><\/p>\n<p><span style=\"font-weight: 400;\">Va n\u00e9ixer el 30 de setembre del 1992.<\/span><\/p>\n<p><span style=\"font-weight: 400;\">Ha estudiat la carrera de C.A.F.E. (Ci\u00e8ncies de l\u2019Activitat F\u00edsica i de l\u2019Esport), i ara est\u00e0 estudiant Educaci\u00f3 Prim\u00e0ria, per poder ser professor.<\/span><\/p>\n<p><span style=\"font-weight: 400;\">A l&#8217;\u00c0lex li agrada molt el barri de Sant Andreu, perqu\u00e8 hi ha viscut tota la vida.<\/span><\/p>\n<p><span style=\"font-weight: 400;\">Estem molt contents de tenir a l\u2019\u00c0lex a classe!!!<\/span><\/p>\n<p>Aqu\u00ed podeu veure la seva<a href=\"https:\/\/agora.xtec.cat\/escolacanfabra\/album-fotos-2010c\/\"> foto.<\/a><\/p>\n<p><span style=\"font-weight: 400;\">AD\u00c9U!!!<\/span><\/p>\n","protected":false},"excerpt":{"rendered":"<p>L\u2019ARRIBADA DE L\u2019\u00c0LEX El segon dia de l\u2019escola del 3r trimestre va arribar un noi que est\u00e0 de pr\u00e0ctiques. Es diu \u00c0lex Centelles. Li agrada molt practicar esport. Els esports que li agraden s\u00f3n: nataci\u00f3, running, volei platja, padel&#8230;per\u00f2 els que m\u00e9s li agraden s\u00f3n: futbol i ciclisme. Ha jugat tota la seva vida al [&hellip;]<\/p>\n","protected":false},"author":3,"featured_media":23600,"comment_status":"open","ping_status":"closed","sticky":false,"template":"","format":"standard","meta":{"_bbp_topic_count":0,"_bbp_reply_count":0,"_bbp_total_topic_count":0,"_bbp_total_reply_count":0,"_bbp_voice_count":0,"_bbp_anonymous_reply_count":0,"_bbp_topic_count_hidden":0,"_bbp_reply_count_hidden":0,"_bbp_forum_subforum_count":0,"site-sidebar-layout":"default","site-content-layout":"","ast-site-content-layout":"","site-content-style":"default","site-sidebar-style":"default","ast-global-header-display":"","ast-banner-title-visibility":"","ast-main-header-display":"","ast-hfb-above-header-display":"","ast-hfb-below-header-display":"","ast-hfb-mobile-header-display":"","site-post-title":"","ast-breadcrumbs-content":"","ast-featured-img":"","footer-sml-layout":"","theme-transparent-header-meta":"","adv-header-id-meta":"","stick-header-meta":"","header-above-stick-meta":"","header-main-stick-meta":"","header-below-stick-meta":"","astra-migrate-meta-layouts":"default","ast-page-background-enabled":"default","ast-page-background-meta":{"desktop":{"background-color":"var(--ast-global-color-5)","background-image":"","background-repeat":"repeat","background-position":"center center","background-size":"auto","background-attachment":"scroll","background-type":"","background-media":"","overlay-type":"","overlay-color":"","overlay-opacity":"","overlay-gradient":""},"tablet":{"background-color":"","background-image":"","background-repeat":"repeat","background-position":"center center","background-size":"auto","background-attachment":"scroll","background-type":"","background-media":"","overlay-type":"","overlay-color":"","overlay-opacity":"","overlay-gradient":""},"mobile":{"background-color":"","background-image":"","background-repeat":"repeat","background-position":"center center","background-size":"auto","background-attachment":"scroll","background-type":"","background-media":"","overlay-type":"","overlay-color":"","overlay-opacity":"","overlay-gradient":""}},"ast-content-background-meta":{"desktop":{"background-color":"var(--ast-global-color-4)","background-image":"","background-repeat":"repeat","background-position":"center center","background-size":"auto","background-attachment":"scroll","background-type":"","background-media":"","overlay-type":"","overlay-color":"","overlay-opacity":"","overlay-gradient":""},"tablet":{"background-color":"var(--ast-global-color-4)","background-image":"","background-repeat":"repeat","background-position":"center center","background-size":"auto","background-attachment":"scroll","background-type":"","background-media":"","overlay-type":"","overlay-color":"","overlay-opacity":"","overlay-gradient":""},"mobile":{"background-color":"var(--ast-global-color-4)","background-image":"","background-repeat":"repeat","background-position":"center center","background-size":"auto","background-attachment":"scroll","background-type":"","background-media":"","overlay-type":"","overlay-color":"","overlay-opacity":"","overlay-gradient":""}},"footnotes":""},"categories":[1,62,4],"tags":[],"class_list":["post-23599","post","type-post","status-publish","format-standard","has-post-thumbnail","hentry","category-general","category-nascuts-2010","category-portada"],"post_mailing_queue_ids":[],"_links":{"self":[{"href":"https:\/\/agora.xtec.cat\/escolacanfabra\/wp-json\/wp\/v2\/posts\/23599","targetHints":{"allow":["GET"]}}],"collection":[{"href":"https:\/\/agora.xtec.cat\/escolacanfabra\/wp-json\/wp\/v2\/posts"}],"about":[{"href":"https:\/\/agora.xtec.cat\/escolacanfabra\/wp-json\/wp\/v2\/types\/post"}],"author":[{"embeddable":true,"href":"https:\/\/agora.xtec.cat\/escolacanfabra\/wp-json\/wp\/v2\/users\/3"}],"replies":[{"embeddable":true,"href":"https:\/\/agora.xtec.cat\/escolacanfabra\/wp-json\/wp\/v2\/comments?post=23599"}],"version-history":[{"count":1,"href":"https:\/\/agora.xtec.cat\/escolacanfabra\/wp-json\/wp\/v2\/posts\/23599\/revisions"}],"predecessor-version":[{"id":23601,"href":"https:\/\/agora.xtec.cat\/escolacanfabra\/wp-json\/wp\/v2\/posts\/23599\/revisions\/23601"}],"wp:featuredmedia":[{"embeddable":true,"href":"https:\/\/agora.xtec.cat\/escolacanfabra\/wp-json\/wp\/v2\/media\/23600"}],"wp:attachment":[{"href":"https:\/\/agora.xtec.cat\/escolacanfabra\/wp-json\/wp\/v2\/media?parent=23599"}],"wp:term":[{"taxonomy":"category","embeddable":true,"href":"https:\/\/agora.xtec.cat\/escolacanfabra\/wp-json\/wp\/v2\/categories?post=23599"},{"taxonomy":"post_tag","embeddable":true,"href":"https:\/\/agora.xtec.cat\/escolacanfabra\/wp-json\/wp\/v2\/tags?post=23599"}],"curies":[{"name":"wp","href":"https:\/\/api.w.org\/{rel}","templated":true}]}}