{"id":23579,"date":"2021-04-21T11:58:12","date_gmt":"2021-04-21T09:58:12","guid":{"rendered":"https:\/\/agora.xtec.cat\/escolacanfabra\/?p=23579"},"modified":"2021-05-05T12:13:23","modified_gmt":"2021-05-05T10:13:23","slug":"4ta-llegim-junts","status":"publish","type":"post","link":"https:\/\/agora.xtec.cat\/escolacanfabra\/general\/4ta-llegim-junts\/","title":{"rendered":"4tA Llegim junts."},"content":{"rendered":"<p><span style=\"font-family: inherit; font-size: 1em;\">El T\u00edtol que hem escollit de l&#8217;entrada\u00a0<\/span> blog<span style=\"font-family: inherit; font-size: 1em;\">\u00a0&#8221; llegim junts&#8221; ens agrada llegir molt, tenim a la classe molts llibres, tant de l&#8217;escola com de casa. I aprofitem qualsevol estona per llegir i per treballar comprensi\u00f3\u00a0 lectora.<\/span><\/p>\n<p>El dimecres a l&#8217;estona de biblioteca sempre llegim el llibre que agafem de pr\u00e9stec i tamb\u00e9 fem la motxilla viatgera. La motxilla viatgera la portem el dilluns per fer la quarantena de 48 hores. Ens\u00a0 agrada sempre llegir tots junts ens ho passem molt be.<\/p>\n<p>&nbsp;<\/p>\n<p>Tamb\u00e9 estem treballant la tercera llibreta de laboratori de nombres,( escrivim nombres, les multiplicacions de dues xifres, les divisions) treballem Innovamat amb tablets i si falten tablets<span style=\"font-family: inherit; font-size: 1em;\"> sempre agafem ordinadors o els demanem. A tallers la majoria de gent\u00a0 ho gaudeix molt.\u00c9s uns dels nostres tallers favorits o per algun com jo \u00e9s el de rob\u00f2tica.<\/span><\/p>\n<p>Aqu\u00ed teniu algunes fotos!!!<\/p>\n<p>&nbsp;<\/p>\n<p><a href=\"https:\/\/agora.xtec.cat\/escolacanfabra\/wp-content\/uploads\/usu1954\/2021\/04\/foto-Arantxa.jpg\"><img loading=\"lazy\" decoding=\"async\" class=\"alignnone wp-image-23652\" src=\"https:\/\/agora.xtec.cat\/escolacanfabra\/wp-content\/uploads\/usu1954\/2021\/04\/foto-Arantxa.jpg\" alt=\"\" width=\"404\" height=\"377\" srcset=\"https:\/\/agora.xtec.cat\/escolacanfabra\/wp-content\/uploads\/usu1954\/2021\/04\/foto-Arantxa.jpg 623w, https:\/\/agora.xtec.cat\/escolacanfabra\/wp-content\/uploads\/usu1954\/2021\/04\/foto-Arantxa-300x280.jpg 300w\" sizes=\"auto, (max-width: 404px) 100vw, 404px\" \/><\/a> <a href=\"https:\/\/agora.xtec.cat\/escolacanfabra\/wp-content\/uploads\/usu1954\/2021\/04\/foto-Aidan.jpg\"><img loading=\"lazy\" decoding=\"async\" class=\"alignnone wp-image-23653\" src=\"https:\/\/agora.xtec.cat\/escolacanfabra\/wp-content\/uploads\/usu1954\/2021\/04\/foto-Aidan.jpg\" alt=\"\" width=\"337\" height=\"309\" srcset=\"https:\/\/agora.xtec.cat\/escolacanfabra\/wp-content\/uploads\/usu1954\/2021\/04\/foto-Aidan.jpg 612w, https:\/\/agora.xtec.cat\/escolacanfabra\/wp-content\/uploads\/usu1954\/2021\/04\/foto-Aidan-300x275.jpg 300w\" sizes=\"auto, (max-width: 337px) 100vw, 337px\" \/><\/a> <a href=\"https:\/\/agora.xtec.cat\/escolacanfabra\/wp-content\/uploads\/usu1954\/2021\/04\/foto-v\u00edctor.jpg\"><img loading=\"lazy\" decoding=\"async\" class=\"alignnone wp-image-23654\" src=\"https:\/\/agora.xtec.cat\/escolacanfabra\/wp-content\/uploads\/usu1954\/2021\/04\/foto-v\u00edctor.jpg\" alt=\"\" width=\"408\" height=\"349\" srcset=\"https:\/\/agora.xtec.cat\/escolacanfabra\/wp-content\/uploads\/usu1954\/2021\/04\/foto-v\u00edctor.jpg 712w, https:\/\/agora.xtec.cat\/escolacanfabra\/wp-content\/uploads\/usu1954\/2021\/04\/foto-v\u00edctor-300x257.jpg 300w\" sizes=\"auto, (max-width: 408px) 100vw, 408px\" \/><\/a> <a href=\"https:\/\/agora.xtec.cat\/escolacanfabra\/wp-content\/uploads\/usu1954\/2021\/04\/nora.jpg\"><img loading=\"lazy\" decoding=\"async\" class=\"alignnone wp-image-23655\" src=\"https:\/\/agora.xtec.cat\/escolacanfabra\/wp-content\/uploads\/usu1954\/2021\/04\/nora.jpg\" alt=\"\" width=\"291\" height=\"349\" srcset=\"https:\/\/agora.xtec.cat\/escolacanfabra\/wp-content\/uploads\/usu1954\/2021\/04\/nora.jpg 442w, https:\/\/agora.xtec.cat\/escolacanfabra\/wp-content\/uploads\/usu1954\/2021\/04\/nora-250x300.jpg 250w\" sizes=\"auto, (max-width: 291px) 100vw, 291px\" \/><\/a><\/p>\n<p>&nbsp;<\/p>\n<p>Espero que us hagi agradat aquest blog atentament els bloggers de la setmanes.<\/p>\n","protected":false},"excerpt":{"rendered":"<p>El T\u00edtol que hem escollit de l&#8217;entrada\u00a0 blog\u00a0&#8221; llegim junts&#8221; ens agrada llegir molt, tenim a la classe molts llibres, tant de l&#8217;escola com de casa. I aprofitem qualsevol estona per llegir i per treballar comprensi\u00f3\u00a0 lectora. El dimecres a l&#8217;estona de biblioteca sempre llegim el llibre que agafem de pr\u00e9stec i tamb\u00e9 fem la [&hellip;]<\/p>\n","protected":false},"author":3,"featured_media":0,"comment_status":"open","ping_status":"closed","sticky":false,"template":"","format":"standard","meta":{"_bbp_topic_count":0,"_bbp_reply_count":0,"_bbp_total_topic_count":0,"_bbp_total_reply_count":0,"_bbp_voice_count":0,"_bbp_anonymous_reply_count":0,"_bbp_topic_count_hidden":0,"_bbp_reply_count_hidden":0,"_bbp_forum_subforum_count":0,"site-sidebar-layout":"default","site-content-layout":"","ast-site-content-layout":"","site-content-style":"default","site-sidebar-style":"default","ast-global-header-display":"","ast-banner-title-visibility":"","ast-main-header-display":"","ast-hfb-above-header-display":"","ast-hfb-below-header-display":"","ast-hfb-mobile-header-display":"","site-post-title":"","ast-breadcrumbs-content":"","ast-featured-img":"","footer-sml-layout":"","theme-transparent-header-meta":"","adv-header-id-meta":"","stick-header-meta":"","header-above-stick-meta":"","header-main-stick-meta":"","header-below-stick-meta":"","astra-migrate-meta-layouts":"default","ast-page-background-enabled":"default","ast-page-background-meta":{"desktop":{"background-color":"var(--ast-global-color-5)","background-image":"","background-repeat":"repeat","background-position":"center center","background-size":"auto","background-attachment":"scroll","background-type":"","background-media":"","overlay-type":"","overlay-color":"","overlay-opacity":"","overlay-gradient":""},"tablet":{"background-color":"","background-image":"","background-repeat":"repeat","background-position":"center center","background-size":"auto","background-attachment":"scroll","background-type":"","background-media":"","overlay-type":"","overlay-color":"","overlay-opacity":"","overlay-gradient":""},"mobile":{"background-color":"","background-image":"","background-repeat":"repeat","background-position":"center center","background-size":"auto","background-attachment":"scroll","background-type":"","background-media":"","overlay-type":"","overlay-color":"","overlay-opacity":"","overlay-gradient":""}},"ast-content-background-meta":{"desktop":{"background-color":"var(--ast-global-color-4)","background-image":"","background-repeat":"repeat","background-position":"center center","background-size":"auto","background-attachment":"scroll","background-type":"","background-media":"","overlay-type":"","overlay-color":"","overlay-opacity":"","overlay-gradient":""},"tablet":{"background-color":"var(--ast-global-color-4)","background-image":"","background-repeat":"repeat","background-position":"center center","background-size":"auto","background-attachment":"scroll","background-type":"","background-media":"","overlay-type":"","overlay-color":"","overlay-opacity":"","overlay-gradient":""},"mobile":{"background-color":"var(--ast-global-color-4)","background-image":"","background-repeat":"repeat","background-position":"center center","background-size":"auto","background-attachment":"scroll","background-type":"","background-media":"","overlay-type":"","overlay-color":"","overlay-opacity":"","overlay-gradient":""}},"footnotes":""},"categories":[1,61,71,4],"tags":[],"class_list":["post-23579","post","type-post","status-publish","format-standard","hentry","category-general","category-nascuts-2011","category-noticies","category-portada"],"post_mailing_queue_ids":[],"_links":{"self":[{"href":"https:\/\/agora.xtec.cat\/escolacanfabra\/wp-json\/wp\/v2\/posts\/23579","targetHints":{"allow":["GET"]}}],"collection":[{"href":"https:\/\/agora.xtec.cat\/escolacanfabra\/wp-json\/wp\/v2\/posts"}],"about":[{"href":"https:\/\/agora.xtec.cat\/escolacanfabra\/wp-json\/wp\/v2\/types\/post"}],"author":[{"embeddable":true,"href":"https:\/\/agora.xtec.cat\/escolacanfabra\/wp-json\/wp\/v2\/users\/3"}],"replies":[{"embeddable":true,"href":"https:\/\/agora.xtec.cat\/escolacanfabra\/wp-json\/wp\/v2\/comments?post=23579"}],"version-history":[{"count":3,"href":"https:\/\/agora.xtec.cat\/escolacanfabra\/wp-json\/wp\/v2\/posts\/23579\/revisions"}],"predecessor-version":[{"id":23833,"href":"https:\/\/agora.xtec.cat\/escolacanfabra\/wp-json\/wp\/v2\/posts\/23579\/revisions\/23833"}],"wp:attachment":[{"href":"https:\/\/agora.xtec.cat\/escolacanfabra\/wp-json\/wp\/v2\/media?parent=23579"}],"wp:term":[{"taxonomy":"category","embeddable":true,"href":"https:\/\/agora.xtec.cat\/escolacanfabra\/wp-json\/wp\/v2\/categories?post=23579"},{"taxonomy":"post_tag","embeddable":true,"href":"https:\/\/agora.xtec.cat\/escolacanfabra\/wp-json\/wp\/v2\/tags?post=23579"}],"curies":[{"name":"wp","href":"https:\/\/api.w.org\/{rel}","templated":true}]}}