{"id":23562,"date":"2021-04-05T20:33:04","date_gmt":"2021-04-05T18:33:04","guid":{"rendered":"https:\/\/agora.xtec.cat\/escolacanfabra\/?p=23562"},"modified":"2021-04-05T20:34:30","modified_gmt":"2021-04-05T18:34:30","slug":"activitats-de-poesia-a-2n","status":"publish","type":"post","link":"https:\/\/agora.xtec.cat\/escolacanfabra\/portada\/activitats-de-poesia-a-2n\/","title":{"rendered":"ACTIVITATS DE POESIA A 2n"},"content":{"rendered":"<p><img loading=\"lazy\" decoding=\"async\" class=\"attachment-266x266 size-266x266 aligncenter\" src=\"https:\/\/agora.xtec.cat\/escolacanfabra\/wp-content\/uploads\/usu1954\/2021\/04\/Foto-dia-de-la-poesia.jpg\" sizes=\"auto, (max-width: 266px) 100vw, 266px\" srcset=\"https:\/\/agora.xtec.cat\/escolacanfabra\/wp-content\/uploads\/usu1954\/2021\/04\/Foto-dia-de-la-poesia.jpg 1413w, https:\/\/agora.xtec.cat\/escolacanfabra\/wp-content\/uploads\/usu1954\/2021\/04\/Foto-dia-de-la-poesia-300x212.jpg 300w, https:\/\/agora.xtec.cat\/escolacanfabra\/wp-content\/uploads\/usu1954\/2021\/04\/Foto-dia-de-la-poesia-768x543.jpg 768w, https:\/\/agora.xtec.cat\/escolacanfabra\/wp-content\/uploads\/usu1954\/2021\/04\/Foto-dia-de-la-poesia-1024x724.jpg 1024w\" alt=\"\" width=\"266\" height=\"188\" \/><\/p>\n<p>AMB MOTIU DEL DIA INTERNACIONAL DE LA POESIA, QUE ES VA COMMEMORAR EL PASSAT 21 DE MAR\u00c7 , &#8220;EL FOLLET POETA&#8221; ENS VA PROPOSAR DIVERSES ACTIVITATS PER A GAUDIR DE NOUS MOMENTS M\u00c0GICS A L&#8217;AULA.<\/p>\n<p>AQUEST ANY, LA TEM\u00c0TICA COMPARTIDA D&#8217;AQUESTA DIADA GIRAVA AL VOLTANT DELS ANIMALS I DEL TREBALL COOPERATIU. AIX\u00cd, ELS LLEOPARDS, LES LLEOPARDES I LES MASCARETES HAVIEN DE RECONSTRUIR UN POEMA, ENDRE\u00c7ANT LES ESTROFES QUE EL &#8220;FOLLET&#8221; ELS HAVIA LLIURAT DESORDENADES.<\/p>\n<p>EL REPTE PO\u00c8TIC NO VA ACABAR AQU\u00cd I DEMOSTRANT UN COP M\u00c9S QUE S\u00d3N CAPA\u00c7OS DE TREBALLAR EN EQUIP, ELS NENS I LES NENES DE 2N VAN PRACTICAR EL SEU POEMA DURANT UNS DIES AMB LA FINALITAT DE RECITAR-LO I OFERIR-LO A LA RESTA DELS SEUS COMPANYS I LES SEVES COMPANYES.<\/p>\n<p>DESITGEM QUE GAUDIU DE LES IMATGES D&#8217;AQUESTA BONICA AVENTURA PO\u00c8TICA.<\/p>\n<p><a href=\"https:\/\/agora.xtec.cat\/escolacanfabra\/album-fotos-2013b\/\">MASCARETES.<\/a><\/p>\n<p><a href=\"https:\/\/agora.xtec.cat\/escolacanfabra\/album-fotos-2013a\/\">LLEOPARDS I LLEOPARDES.<\/a><\/p>\n<p>&nbsp;<\/p>\n<p>&nbsp;<\/p>\n<p>&nbsp;<\/p>\n<p>&nbsp;<\/p>\n","protected":false},"excerpt":{"rendered":"<p>AMB MOTIU DEL DIA INTERNACIONAL DE LA POESIA, QUE ES VA COMMEMORAR EL PASSAT 21 DE MAR\u00c7 , &#8220;EL FOLLET POETA&#8221; ENS VA PROPOSAR DIVERSES ACTIVITATS PER A GAUDIR DE NOUS MOMENTS M\u00c0GICS A L&#8217;AULA. AQUEST ANY, LA TEM\u00c0TICA COMPARTIDA D&#8217;AQUESTA DIADA GIRAVA AL VOLTANT DELS ANIMALS I DEL TREBALL COOPERATIU. AIX\u00cd, ELS LLEOPARDS, LES [&hellip;]<\/p>\n","protected":false},"author":3,"featured_media":23564,"comment_status":"open","ping_status":"closed","sticky":false,"template":"","format":"standard","meta":{"_bbp_topic_count":0,"_bbp_reply_count":0,"_bbp_total_topic_count":0,"_bbp_total_reply_count":0,"_bbp_voice_count":0,"_bbp_anonymous_reply_count":0,"_bbp_topic_count_hidden":0,"_bbp_reply_count_hidden":0,"_bbp_forum_subforum_count":0,"site-sidebar-layout":"default","site-content-layout":"","ast-site-content-layout":"","site-content-style":"default","site-sidebar-style":"default","ast-global-header-display":"","ast-banner-title-visibility":"","ast-main-header-display":"","ast-hfb-above-header-display":"","ast-hfb-below-header-display":"","ast-hfb-mobile-header-display":"","site-post-title":"","ast-breadcrumbs-content":"","ast-featured-img":"","footer-sml-layout":"","theme-transparent-header-meta":"","adv-header-id-meta":"","stick-header-meta":"","header-above-stick-meta":"","header-main-stick-meta":"","header-below-stick-meta":"","astra-migrate-meta-layouts":"default","ast-page-background-enabled":"default","ast-page-background-meta":{"desktop":{"background-color":"var(--ast-global-color-5)","background-image":"","background-repeat":"repeat","background-position":"center center","background-size":"auto","background-attachment":"scroll","background-type":"","background-media":"","overlay-type":"","overlay-color":"","overlay-opacity":"","overlay-gradient":""},"tablet":{"background-color":"","background-image":"","background-repeat":"repeat","background-position":"center center","background-size":"auto","background-attachment":"scroll","background-type":"","background-media":"","overlay-type":"","overlay-color":"","overlay-opacity":"","overlay-gradient":""},"mobile":{"background-color":"","background-image":"","background-repeat":"repeat","background-position":"center center","background-size":"auto","background-attachment":"scroll","background-type":"","background-media":"","overlay-type":"","overlay-color":"","overlay-opacity":"","overlay-gradient":""}},"ast-content-background-meta":{"desktop":{"background-color":"var(--ast-global-color-4)","background-image":"","background-repeat":"repeat","background-position":"center center","background-size":"auto","background-attachment":"scroll","background-type":"","background-media":"","overlay-type":"","overlay-color":"","overlay-opacity":"","overlay-gradient":""},"tablet":{"background-color":"var(--ast-global-color-4)","background-image":"","background-repeat":"repeat","background-position":"center center","background-size":"auto","background-attachment":"scroll","background-type":"","background-media":"","overlay-type":"","overlay-color":"","overlay-opacity":"","overlay-gradient":""},"mobile":{"background-color":"var(--ast-global-color-4)","background-image":"","background-repeat":"repeat","background-position":"center center","background-size":"auto","background-attachment":"scroll","background-type":"","background-media":"","overlay-type":"","overlay-color":"","overlay-opacity":"","overlay-gradient":""}},"footnotes":""},"categories":[82,4],"tags":[],"class_list":["post-23562","post","type-post","status-publish","format-standard","has-post-thumbnail","hentry","category-nascuts-2013","category-portada"],"post_mailing_queue_ids":[],"_links":{"self":[{"href":"https:\/\/agora.xtec.cat\/escolacanfabra\/wp-json\/wp\/v2\/posts\/23562","targetHints":{"allow":["GET"]}}],"collection":[{"href":"https:\/\/agora.xtec.cat\/escolacanfabra\/wp-json\/wp\/v2\/posts"}],"about":[{"href":"https:\/\/agora.xtec.cat\/escolacanfabra\/wp-json\/wp\/v2\/types\/post"}],"author":[{"embeddable":true,"href":"https:\/\/agora.xtec.cat\/escolacanfabra\/wp-json\/wp\/v2\/users\/3"}],"replies":[{"embeddable":true,"href":"https:\/\/agora.xtec.cat\/escolacanfabra\/wp-json\/wp\/v2\/comments?post=23562"}],"version-history":[{"count":1,"href":"https:\/\/agora.xtec.cat\/escolacanfabra\/wp-json\/wp\/v2\/posts\/23562\/revisions"}],"predecessor-version":[{"id":23565,"href":"https:\/\/agora.xtec.cat\/escolacanfabra\/wp-json\/wp\/v2\/posts\/23562\/revisions\/23565"}],"wp:featuredmedia":[{"embeddable":true,"href":"https:\/\/agora.xtec.cat\/escolacanfabra\/wp-json\/wp\/v2\/media\/23564"}],"wp:attachment":[{"href":"https:\/\/agora.xtec.cat\/escolacanfabra\/wp-json\/wp\/v2\/media?parent=23562"}],"wp:term":[{"taxonomy":"category","embeddable":true,"href":"https:\/\/agora.xtec.cat\/escolacanfabra\/wp-json\/wp\/v2\/categories?post=23562"},{"taxonomy":"post_tag","embeddable":true,"href":"https:\/\/agora.xtec.cat\/escolacanfabra\/wp-json\/wp\/v2\/tags?post=23562"}],"curies":[{"name":"wp","href":"https:\/\/api.w.org\/{rel}","templated":true}]}}