{"id":23551,"date":"2021-04-04T10:27:12","date_gmt":"2021-04-04T08:27:12","guid":{"rendered":"https:\/\/agora.xtec.cat\/escolacanfabra\/?p=23551"},"modified":"2021-04-04T10:27:12","modified_gmt":"2021-04-04T08:27:12","slug":"taller_ni-tipics-ni-topics_6ec","status":"publish","type":"post","link":"https:\/\/agora.xtec.cat\/escolacanfabra\/general\/taller_ni-tipics-ni-topics_6ec\/","title":{"rendered":"Taller_Ni t\u00edpics, ni t\u00f2pics_6\u00e8C"},"content":{"rendered":"<p>Com ja \u00e9s tradici\u00f3 a Can Fabra, els alumnes de 6\u00e8 participen d\u00b4un taller vivencial al voltant d\u00b4aspectes tan importants pel seu desenvolupament integral com: <em>els Rumors, els Prejudicis, l\u00b4Exclusi\u00f3 i els Estereotips.<\/em><\/p>\n<p>Aquest taller anomenat <strong>&#8220;Ni t\u00edpics, ni t\u00f2pics&#8221;<\/strong> forma part d\u00b4una <em>activitat col.laborativa<\/em> amb un centre de formaci\u00f3 de la zona, que gestiona i lidera una de les mares del nostre nivell, la <strong>Lourdes Casas<\/strong>, a qui agraim molt\u00edssim la seva col.laboraci\u00f3 i les seves ganes de <em>contribuir a la formaci\u00f3 global i significativa dels alumnes de Can Fabra.<\/em><\/p>\n<p>El passat <strong>divendres 26 de mar\u00e7<\/strong> es va portar a terme <em>la primera de les sessions<\/em>, on els &#8220;At\u00f2mics i les At\u00f2miques&#8221; van descobrir els conceptes claus del taller, mitjan\u00e7ant din\u00e0miques interactives i un debat grupal sobre experi\u00e8ncies relatives a aquests conceptes, <em>afavorint bons models de relaci\u00f3 i consci\u00e8ncia personal<\/em>, <em>deixant enrere patrons socials veritablement t\u00f2xics, i refermant actituds positives i emp\u00e0tiques.\u00a0<\/em><\/p>\n<p>Durant el tercer trimestre donarem continu\u00eftat a d\u00b4altres sessions relatives al taller, per tal d\u00b4arrodonir el treball encetat amb tan d\u00b4entusiasme durant aquesta primera trobada.<\/p>\n<p>Continuar\u00e0&#8230;<\/p>\n<p><a href=\"https:\/\/agora.xtec.cat\/escolacanfabra\/album-fotos-2009c\/\">Aqu\u00ed<\/a> podreu veure algunes de les imatges de la sessi\u00f3 compartida.<\/p>\n","protected":false},"excerpt":{"rendered":"<p>Com ja \u00e9s tradici\u00f3 a Can Fabra, els alumnes de 6\u00e8 participen d\u00b4un taller vivencial al voltant d\u00b4aspectes tan importants pel seu desenvolupament integral com: els Rumors, els Prejudicis, l\u00b4Exclusi\u00f3 i els Estereotips. Aquest taller anomenat &#8220;Ni t\u00edpics, ni t\u00f2pics&#8221; forma part d\u00b4una activitat col.laborativa amb un centre de formaci\u00f3 de la zona, que gestiona [&hellip;]<\/p>\n","protected":false},"author":3,"featured_media":23554,"comment_status":"open","ping_status":"closed","sticky":false,"template":"","format":"standard","meta":{"_bbp_topic_count":0,"_bbp_reply_count":0,"_bbp_total_topic_count":0,"_bbp_total_reply_count":0,"_bbp_voice_count":0,"_bbp_anonymous_reply_count":0,"_bbp_topic_count_hidden":0,"_bbp_reply_count_hidden":0,"_bbp_forum_subforum_count":0,"site-sidebar-layout":"default","site-content-layout":"","ast-site-content-layout":"","site-content-style":"default","site-sidebar-style":"default","ast-global-header-display":"","ast-banner-title-visibility":"","ast-main-header-display":"","ast-hfb-above-header-display":"","ast-hfb-below-header-display":"","ast-hfb-mobile-header-display":"","site-post-title":"","ast-breadcrumbs-content":"","ast-featured-img":"","footer-sml-layout":"","theme-transparent-header-meta":"","adv-header-id-meta":"","stick-header-meta":"","header-above-stick-meta":"","header-main-stick-meta":"","header-below-stick-meta":"","astra-migrate-meta-layouts":"default","ast-page-background-enabled":"default","ast-page-background-meta":{"desktop":{"background-color":"var(--ast-global-color-5)","background-image":"","background-repeat":"repeat","background-position":"center center","background-size":"auto","background-attachment":"scroll","background-type":"","background-media":"","overlay-type":"","overlay-color":"","overlay-opacity":"","overlay-gradient":""},"tablet":{"background-color":"","background-image":"","background-repeat":"repeat","background-position":"center center","background-size":"auto","background-attachment":"scroll","background-type":"","background-media":"","overlay-type":"","overlay-color":"","overlay-opacity":"","overlay-gradient":""},"mobile":{"background-color":"","background-image":"","background-repeat":"repeat","background-position":"center center","background-size":"auto","background-attachment":"scroll","background-type":"","background-media":"","overlay-type":"","overlay-color":"","overlay-opacity":"","overlay-gradient":""}},"ast-content-background-meta":{"desktop":{"background-color":"var(--ast-global-color-4)","background-image":"","background-repeat":"repeat","background-position":"center center","background-size":"auto","background-attachment":"scroll","background-type":"","background-media":"","overlay-type":"","overlay-color":"","overlay-opacity":"","overlay-gradient":""},"tablet":{"background-color":"var(--ast-global-color-4)","background-image":"","background-repeat":"repeat","background-position":"center center","background-size":"auto","background-attachment":"scroll","background-type":"","background-media":"","overlay-type":"","overlay-color":"","overlay-opacity":"","overlay-gradient":""},"mobile":{"background-color":"var(--ast-global-color-4)","background-image":"","background-repeat":"repeat","background-position":"center center","background-size":"auto","background-attachment":"scroll","background-type":"","background-media":"","overlay-type":"","overlay-color":"","overlay-opacity":"","overlay-gradient":""}},"footnotes":""},"categories":[1,71,4],"tags":[],"class_list":["post-23551","post","type-post","status-publish","format-standard","has-post-thumbnail","hentry","category-general","category-noticies","category-portada"],"post_mailing_queue_ids":[],"_links":{"self":[{"href":"https:\/\/agora.xtec.cat\/escolacanfabra\/wp-json\/wp\/v2\/posts\/23551","targetHints":{"allow":["GET"]}}],"collection":[{"href":"https:\/\/agora.xtec.cat\/escolacanfabra\/wp-json\/wp\/v2\/posts"}],"about":[{"href":"https:\/\/agora.xtec.cat\/escolacanfabra\/wp-json\/wp\/v2\/types\/post"}],"author":[{"embeddable":true,"href":"https:\/\/agora.xtec.cat\/escolacanfabra\/wp-json\/wp\/v2\/users\/3"}],"replies":[{"embeddable":true,"href":"https:\/\/agora.xtec.cat\/escolacanfabra\/wp-json\/wp\/v2\/comments?post=23551"}],"version-history":[{"count":2,"href":"https:\/\/agora.xtec.cat\/escolacanfabra\/wp-json\/wp\/v2\/posts\/23551\/revisions"}],"predecessor-version":[{"id":23555,"href":"https:\/\/agora.xtec.cat\/escolacanfabra\/wp-json\/wp\/v2\/posts\/23551\/revisions\/23555"}],"wp:featuredmedia":[{"embeddable":true,"href":"https:\/\/agora.xtec.cat\/escolacanfabra\/wp-json\/wp\/v2\/media\/23554"}],"wp:attachment":[{"href":"https:\/\/agora.xtec.cat\/escolacanfabra\/wp-json\/wp\/v2\/media?parent=23551"}],"wp:term":[{"taxonomy":"category","embeddable":true,"href":"https:\/\/agora.xtec.cat\/escolacanfabra\/wp-json\/wp\/v2\/categories?post=23551"},{"taxonomy":"post_tag","embeddable":true,"href":"https:\/\/agora.xtec.cat\/escolacanfabra\/wp-json\/wp\/v2\/tags?post=23551"}],"curies":[{"name":"wp","href":"https:\/\/api.w.org\/{rel}","templated":true}]}}