{"id":23547,"date":"2021-04-04T10:07:38","date_gmt":"2021-04-04T08:07:38","guid":{"rendered":"https:\/\/agora.xtec.cat\/escolacanfabra\/?p=23547"},"modified":"2021-04-04T10:07:38","modified_gmt":"2021-04-04T08:07:38","slug":"taller_mirant-al-futur_refugis-climatics_6ec","status":"publish","type":"post","link":"https:\/\/agora.xtec.cat\/escolacanfabra\/general\/taller_mirant-al-futur_refugis-climatics_6ec\/","title":{"rendered":"Taller_Mirant al futur_Refugis Clim\u00e0tics_6\u00e8C"},"content":{"rendered":"<p>El mat\u00ed del <strong>dijous 25 de mar\u00e7<\/strong> vam participar del <strong>Taller: &#8220;Mirant al futur&#8221;<\/strong>, una iniciativa creada per les escoles que formen part del projecte pilot d\u00b4<em>escoles &#8220;Refugis Clim\u00e0tics&#8221;<\/em>, on vam posar en joc tots els nostres coneixements i experi\u00e8ncies al voltant de tot all\u00f2 relatiu a l\u00b4<em>emerg\u00e8ncia clim\u00e0tica<\/em>, i sobretot, on vam compartir el nostre rol fonamental per <em>aturar el canvi clim\u00e0tic i aconseguir un futur m\u00e9s sostenible i saludable<\/em>.<\/p>\n<p>Mitjan\u00e7ant diverses din\u00e0miques interactives i participatives vam comprovar els efectes que tenen les nostres accions al medi ambient, i quines haurien de ser les mesures urgents que haurien d\u00b4implementar per tal de posar fre a la destrucci\u00f3 progressiva del nostre planeta i els seus recursos naturals.<\/p>\n<p>Vam gaudir d\u00b4una estona molt enriquidora, on vam tenir l\u00b4oportunitat de connectar tot all\u00f2 apr\u00e8s durant el <em>Projecte de Refugis Clim\u00e0tics<\/em>, i sobretot on vam descobrir que <strong>la data l\u00edmit pel canvi clim\u00e0tic \u00e9s&#8230;AVUI!<\/strong><\/p>\n<p>Aix\u00ed que conscienciem-nos i a lluitar pel planeta! <a href=\"https:\/\/agora.xtec.cat\/escolacanfabra\/album-fotos-2009c\/\">Aqu\u00ed<\/a> podreu veure algunes de les imatges del taller.<\/p>\n","protected":false},"excerpt":{"rendered":"<p>El mat\u00ed del dijous 25 de mar\u00e7 vam participar del Taller: &#8220;Mirant al futur&#8221;, una iniciativa creada per les escoles que formen part del projecte pilot d\u00b4escoles &#8220;Refugis Clim\u00e0tics&#8221;, on vam posar en joc tots els nostres coneixements i experi\u00e8ncies al voltant de tot all\u00f2 relatiu a l\u00b4emerg\u00e8ncia clim\u00e0tica, i sobretot, on vam compartir el [&hellip;]<\/p>\n","protected":false},"author":3,"featured_media":23548,"comment_status":"open","ping_status":"closed","sticky":false,"template":"","format":"standard","meta":{"_bbp_topic_count":0,"_bbp_reply_count":0,"_bbp_total_topic_count":0,"_bbp_total_reply_count":0,"_bbp_voice_count":0,"_bbp_anonymous_reply_count":0,"_bbp_topic_count_hidden":0,"_bbp_reply_count_hidden":0,"_bbp_forum_subforum_count":0,"site-sidebar-layout":"default","site-content-layout":"","ast-site-content-layout":"","site-content-style":"default","site-sidebar-style":"default","ast-global-header-display":"","ast-banner-title-visibility":"","ast-main-header-display":"","ast-hfb-above-header-display":"","ast-hfb-below-header-display":"","ast-hfb-mobile-header-display":"","site-post-title":"","ast-breadcrumbs-content":"","ast-featured-img":"","footer-sml-layout":"","theme-transparent-header-meta":"","adv-header-id-meta":"","stick-header-meta":"","header-above-stick-meta":"","header-main-stick-meta":"","header-below-stick-meta":"","astra-migrate-meta-layouts":"default","ast-page-background-enabled":"default","ast-page-background-meta":{"desktop":{"background-color":"var(--ast-global-color-5)","background-image":"","background-repeat":"repeat","background-position":"center center","background-size":"auto","background-attachment":"scroll","background-type":"","background-media":"","overlay-type":"","overlay-color":"","overlay-opacity":"","overlay-gradient":""},"tablet":{"background-color":"","background-image":"","background-repeat":"repeat","background-position":"center center","background-size":"auto","background-attachment":"scroll","background-type":"","background-media":"","overlay-type":"","overlay-color":"","overlay-opacity":"","overlay-gradient":""},"mobile":{"background-color":"","background-image":"","background-repeat":"repeat","background-position":"center center","background-size":"auto","background-attachment":"scroll","background-type":"","background-media":"","overlay-type":"","overlay-color":"","overlay-opacity":"","overlay-gradient":""}},"ast-content-background-meta":{"desktop":{"background-color":"var(--ast-global-color-4)","background-image":"","background-repeat":"repeat","background-position":"center center","background-size":"auto","background-attachment":"scroll","background-type":"","background-media":"","overlay-type":"","overlay-color":"","overlay-opacity":"","overlay-gradient":""},"tablet":{"background-color":"var(--ast-global-color-4)","background-image":"","background-repeat":"repeat","background-position":"center center","background-size":"auto","background-attachment":"scroll","background-type":"","background-media":"","overlay-type":"","overlay-color":"","overlay-opacity":"","overlay-gradient":""},"mobile":{"background-color":"var(--ast-global-color-4)","background-image":"","background-repeat":"repeat","background-position":"center center","background-size":"auto","background-attachment":"scroll","background-type":"","background-media":"","overlay-type":"","overlay-color":"","overlay-opacity":"","overlay-gradient":""}},"footnotes":""},"categories":[1,71,4,263],"tags":[],"class_list":["post-23547","post","type-post","status-publish","format-standard","has-post-thumbnail","hentry","category-general","category-noticies","category-portada","category-primaria"],"post_mailing_queue_ids":[],"_links":{"self":[{"href":"https:\/\/agora.xtec.cat\/escolacanfabra\/wp-json\/wp\/v2\/posts\/23547","targetHints":{"allow":["GET"]}}],"collection":[{"href":"https:\/\/agora.xtec.cat\/escolacanfabra\/wp-json\/wp\/v2\/posts"}],"about":[{"href":"https:\/\/agora.xtec.cat\/escolacanfabra\/wp-json\/wp\/v2\/types\/post"}],"author":[{"embeddable":true,"href":"https:\/\/agora.xtec.cat\/escolacanfabra\/wp-json\/wp\/v2\/users\/3"}],"replies":[{"embeddable":true,"href":"https:\/\/agora.xtec.cat\/escolacanfabra\/wp-json\/wp\/v2\/comments?post=23547"}],"version-history":[{"count":1,"href":"https:\/\/agora.xtec.cat\/escolacanfabra\/wp-json\/wp\/v2\/posts\/23547\/revisions"}],"predecessor-version":[{"id":23550,"href":"https:\/\/agora.xtec.cat\/escolacanfabra\/wp-json\/wp\/v2\/posts\/23547\/revisions\/23550"}],"wp:featuredmedia":[{"embeddable":true,"href":"https:\/\/agora.xtec.cat\/escolacanfabra\/wp-json\/wp\/v2\/media\/23548"}],"wp:attachment":[{"href":"https:\/\/agora.xtec.cat\/escolacanfabra\/wp-json\/wp\/v2\/media?parent=23547"}],"wp:term":[{"taxonomy":"category","embeddable":true,"href":"https:\/\/agora.xtec.cat\/escolacanfabra\/wp-json\/wp\/v2\/categories?post=23547"},{"taxonomy":"post_tag","embeddable":true,"href":"https:\/\/agora.xtec.cat\/escolacanfabra\/wp-json\/wp\/v2\/tags?post=23547"}],"curies":[{"name":"wp","href":"https:\/\/api.w.org\/{rel}","templated":true}]}}