{"id":23453,"date":"2021-04-27T16:48:33","date_gmt":"2021-04-27T14:48:33","guid":{"rendered":"https:\/\/agora.xtec.cat\/escolacanfabra\/?p=23453"},"modified":"2021-05-13T13:53:04","modified_gmt":"2021-05-13T11:53:04","slug":"4t-b-la-nostra-mestra-de-practiques-i-el-nou-projecte","status":"publish","type":"post","link":"https:\/\/agora.xtec.cat\/escolacanfabra\/general\/4t-b-la-nostra-mestra-de-practiques-i-el-nou-projecte\/","title":{"rendered":"4t B: La nostra mestra de pr\u00e0ctiques i el nou projecte!"},"content":{"rendered":"<p>Hola fam\u00edlies!<\/p>\n<p>A la classe dels Virus estem de comiat.<\/p>\n<p>Durant els darrers mesos ha vingut una noia que es diu Ane que est\u00e0 fent pr\u00e0ctiques per ser mestra. Ens ha ajudat amb tot. Ens ha encantat que estigues amb nosaltres i volem que estigui amb nosaltres sempre, per\u00f2 per mala sort ha de marxar.\ud83d\ude25\ud83d\ude2b<\/p>\n<p>Tamb\u00e9 hem fet classe amb ella. Ens he ensenyat les emocions com para exemple felicitat, tristesa i por. Hem jugat a la oca de les emocions, teatre, ens va arribar una carta de la NASA que estava plena de faltes i nosaltres la corregim.<\/p>\n<p><a href=\"https:\/\/agora.xtec.cat\/escolacanfabra\/album-fotos-2011b\/\">AQU\u00cd<\/a> (\u00e0lbum: Classes amb l&#8217;Ane) ens podeu veure fent algunes de les activitats que hem fet amb ella.<\/p>\n<p>Tamb\u00e9 hem acabat el projecte sobre EL M\u00d3N ON VIVIM i vam fer una votaci\u00f3 de temes pel pr\u00f2xim projecte i al final hem decidit que treballarem els DESASTRES NATURALS. Ja hem comen\u00e7at a treballar!<\/p>\n<p><a href=\"https:\/\/agora.xtec.cat\/escolacanfabra\/album-fotos-2011b\/\">AQU\u00cd<\/a> (\u00e0lbum: Comencem projecte nou (Desastres Naturals)) teniu unes fotos de nosaltres presentant les nostres propostes, les votacions i els logos que hem dissenyat.<\/p>\n<p>Les bloggers de la classe dels Virus.<\/p>\n","protected":false},"excerpt":{"rendered":"<p>Hola fam\u00edlies! A la classe dels Virus estem de comiat. Durant els darrers mesos ha vingut una noia que es diu Ane que est\u00e0 fent pr\u00e0ctiques per ser mestra. Ens ha ajudat amb tot. Ens ha encantat que estigues amb nosaltres i volem que estigui amb nosaltres sempre, per\u00f2 per mala sort ha de marxar.\ud83d\ude25\ud83d\ude2b [&hellip;]<\/p>\n","protected":false},"author":3,"featured_media":23691,"comment_status":"open","ping_status":"closed","sticky":false,"template":"","format":"standard","meta":{"_bbp_topic_count":0,"_bbp_reply_count":0,"_bbp_total_topic_count":0,"_bbp_total_reply_count":0,"_bbp_voice_count":0,"_bbp_anonymous_reply_count":0,"_bbp_topic_count_hidden":0,"_bbp_reply_count_hidden":0,"_bbp_forum_subforum_count":0,"site-sidebar-layout":"default","site-content-layout":"","ast-site-content-layout":"","site-content-style":"default","site-sidebar-style":"default","ast-global-header-display":"","ast-banner-title-visibility":"","ast-main-header-display":"","ast-hfb-above-header-display":"","ast-hfb-below-header-display":"","ast-hfb-mobile-header-display":"","site-post-title":"","ast-breadcrumbs-content":"","ast-featured-img":"","footer-sml-layout":"","theme-transparent-header-meta":"","adv-header-id-meta":"","stick-header-meta":"","header-above-stick-meta":"","header-main-stick-meta":"","header-below-stick-meta":"","astra-migrate-meta-layouts":"default","ast-page-background-enabled":"default","ast-page-background-meta":{"desktop":{"background-color":"var(--ast-global-color-5)","background-image":"","background-repeat":"repeat","background-position":"center center","background-size":"auto","background-attachment":"scroll","background-type":"","background-media":"","overlay-type":"","overlay-color":"","overlay-opacity":"","overlay-gradient":""},"tablet":{"background-color":"","background-image":"","background-repeat":"repeat","background-position":"center center","background-size":"auto","background-attachment":"scroll","background-type":"","background-media":"","overlay-type":"","overlay-color":"","overlay-opacity":"","overlay-gradient":""},"mobile":{"background-color":"","background-image":"","background-repeat":"repeat","background-position":"center center","background-size":"auto","background-attachment":"scroll","background-type":"","background-media":"","overlay-type":"","overlay-color":"","overlay-opacity":"","overlay-gradient":""}},"ast-content-background-meta":{"desktop":{"background-color":"var(--ast-global-color-4)","background-image":"","background-repeat":"repeat","background-position":"center center","background-size":"auto","background-attachment":"scroll","background-type":"","background-media":"","overlay-type":"","overlay-color":"","overlay-opacity":"","overlay-gradient":""},"tablet":{"background-color":"var(--ast-global-color-4)","background-image":"","background-repeat":"repeat","background-position":"center center","background-size":"auto","background-attachment":"scroll","background-type":"","background-media":"","overlay-type":"","overlay-color":"","overlay-opacity":"","overlay-gradient":""},"mobile":{"background-color":"var(--ast-global-color-4)","background-image":"","background-repeat":"repeat","background-position":"center center","background-size":"auto","background-attachment":"scroll","background-type":"","background-media":"","overlay-type":"","overlay-color":"","overlay-opacity":"","overlay-gradient":""}},"footnotes":""},"categories":[1,61,4,263],"tags":[],"class_list":["post-23453","post","type-post","status-publish","format-standard","has-post-thumbnail","hentry","category-general","category-nascuts-2011","category-portada","category-primaria"],"post_mailing_queue_ids":[],"_links":{"self":[{"href":"https:\/\/agora.xtec.cat\/escolacanfabra\/wp-json\/wp\/v2\/posts\/23453","targetHints":{"allow":["GET"]}}],"collection":[{"href":"https:\/\/agora.xtec.cat\/escolacanfabra\/wp-json\/wp\/v2\/posts"}],"about":[{"href":"https:\/\/agora.xtec.cat\/escolacanfabra\/wp-json\/wp\/v2\/types\/post"}],"author":[{"embeddable":true,"href":"https:\/\/agora.xtec.cat\/escolacanfabra\/wp-json\/wp\/v2\/users\/3"}],"replies":[{"embeddable":true,"href":"https:\/\/agora.xtec.cat\/escolacanfabra\/wp-json\/wp\/v2\/comments?post=23453"}],"version-history":[{"count":4,"href":"https:\/\/agora.xtec.cat\/escolacanfabra\/wp-json\/wp\/v2\/posts\/23453\/revisions"}],"predecessor-version":[{"id":23924,"href":"https:\/\/agora.xtec.cat\/escolacanfabra\/wp-json\/wp\/v2\/posts\/23453\/revisions\/23924"}],"wp:featuredmedia":[{"embeddable":true,"href":"https:\/\/agora.xtec.cat\/escolacanfabra\/wp-json\/wp\/v2\/media\/23691"}],"wp:attachment":[{"href":"https:\/\/agora.xtec.cat\/escolacanfabra\/wp-json\/wp\/v2\/media?parent=23453"}],"wp:term":[{"taxonomy":"category","embeddable":true,"href":"https:\/\/agora.xtec.cat\/escolacanfabra\/wp-json\/wp\/v2\/categories?post=23453"},{"taxonomy":"post_tag","embeddable":true,"href":"https:\/\/agora.xtec.cat\/escolacanfabra\/wp-json\/wp\/v2\/tags?post=23453"}],"curies":[{"name":"wp","href":"https:\/\/api.w.org\/{rel}","templated":true}]}}