{"id":23443,"date":"2021-03-29T09:30:05","date_gmt":"2021-03-29T07:30:05","guid":{"rendered":"https:\/\/agora.xtec.cat\/escolacanfabra\/?p=23443"},"modified":"2021-03-29T16:03:25","modified_gmt":"2021-03-29T14:03:25","slug":"1r-ultima-setmana-del-trimestre","status":"publish","type":"post","link":"https:\/\/agora.xtec.cat\/escolacanfabra\/portada\/1r-ultima-setmana-del-trimestre\/","title":{"rendered":"1r: \u00daltima setmana del trimestre"},"content":{"rendered":"<p style=\"text-align: left;\">Aquesta \u00faltima setmana\u00a0 del trimestre, els nens i nenes de primer la vam comen\u00e7ar i acabar d&#8217;una manera diferent:<\/p>\n<ul>\n<li>Dilluns, va venir la Sara\u00a0 a la classe i ens va explicar que el planeta Terra est\u00e0 malalt i a causa d&#8217;aix\u00f2 existeix el canvi clim\u00e0tic. Vam parlar de les coses que podem fer per ajudar a millorar la salut de la Terra i tamb\u00e9 que la nostra escola \u00e9s un refugi clim\u00e0tic.<\/li>\n<li>Divendres vam celebrar el tradicional &#8220;Easter egg hunt&#8221;. Aquesta vegada no ho hem pogut fer per tota l&#8217;escola ni acompanyats dels grans, per\u00f2 ha estat divertit poder superar unes proves per despr\u00e9s poder buscar els ous de xocolata per la classe. Estaven ben amagats, per\u00f2 els hem trobat!!<\/li>\n<\/ul>\n<p>Us deixem aqu\u00ed les fotos:\u00a0 \u00a0 \u00a0 <a href=\"https:\/\/agora.xtec.cat\/escolacanfabra\/album-fotos-2014a\/\" target=\"_blank\" rel=\"noopener noreferrer\">H\u00e0msters\u00a0 \u00a0 \u00a0<\/a> \u00a0 \u00a0 \u00a0 \u00a0<a href=\"https:\/\/agora.xtec.cat\/escolacanfabra\/album-fotos-2014b\/\" target=\"_blank\" rel=\"noopener noreferrer\">Cavalls i Eugues<\/a><\/p>\n<p>&nbsp;<\/p>\n<p>&nbsp;<\/p>\n<p>&nbsp;<\/p>\n","protected":false},"excerpt":{"rendered":"<p>Aquesta \u00faltima setmana\u00a0 del trimestre, els nens i nenes de primer la vam comen\u00e7ar i acabar d&#8217;una manera diferent: Dilluns, va venir la Sara\u00a0 a la classe i ens va explicar que el planeta Terra est\u00e0 malalt i a causa d&#8217;aix\u00f2 existeix el canvi clim\u00e0tic. Vam parlar de les coses que podem fer per ajudar [&hellip;]<\/p>\n","protected":false},"author":3,"featured_media":23499,"comment_status":"open","ping_status":"closed","sticky":false,"template":"","format":"standard","meta":{"_bbp_topic_count":0,"_bbp_reply_count":0,"_bbp_total_topic_count":0,"_bbp_total_reply_count":0,"_bbp_voice_count":0,"_bbp_anonymous_reply_count":0,"_bbp_topic_count_hidden":0,"_bbp_reply_count_hidden":0,"_bbp_forum_subforum_count":0,"site-sidebar-layout":"default","site-content-layout":"","ast-site-content-layout":"","site-content-style":"default","site-sidebar-style":"default","ast-global-header-display":"","ast-banner-title-visibility":"","ast-main-header-display":"","ast-hfb-above-header-display":"","ast-hfb-below-header-display":"","ast-hfb-mobile-header-display":"","site-post-title":"","ast-breadcrumbs-content":"","ast-featured-img":"","footer-sml-layout":"","theme-transparent-header-meta":"","adv-header-id-meta":"","stick-header-meta":"","header-above-stick-meta":"","header-main-stick-meta":"","header-below-stick-meta":"","astra-migrate-meta-layouts":"default","ast-page-background-enabled":"default","ast-page-background-meta":{"desktop":{"background-color":"var(--ast-global-color-5)","background-image":"","background-repeat":"repeat","background-position":"center center","background-size":"auto","background-attachment":"scroll","background-type":"","background-media":"","overlay-type":"","overlay-color":"","overlay-opacity":"","overlay-gradient":""},"tablet":{"background-color":"","background-image":"","background-repeat":"repeat","background-position":"center center","background-size":"auto","background-attachment":"scroll","background-type":"","background-media":"","overlay-type":"","overlay-color":"","overlay-opacity":"","overlay-gradient":""},"mobile":{"background-color":"","background-image":"","background-repeat":"repeat","background-position":"center center","background-size":"auto","background-attachment":"scroll","background-type":"","background-media":"","overlay-type":"","overlay-color":"","overlay-opacity":"","overlay-gradient":""}},"ast-content-background-meta":{"desktop":{"background-color":"var(--ast-global-color-4)","background-image":"","background-repeat":"repeat","background-position":"center center","background-size":"auto","background-attachment":"scroll","background-type":"","background-media":"","overlay-type":"","overlay-color":"","overlay-opacity":"","overlay-gradient":""},"tablet":{"background-color":"var(--ast-global-color-4)","background-image":"","background-repeat":"repeat","background-position":"center center","background-size":"auto","background-attachment":"scroll","background-type":"","background-media":"","overlay-type":"","overlay-color":"","overlay-opacity":"","overlay-gradient":""},"mobile":{"background-color":"var(--ast-global-color-4)","background-image":"","background-repeat":"repeat","background-position":"center center","background-size":"auto","background-attachment":"scroll","background-type":"","background-media":"","overlay-type":"","overlay-color":"","overlay-opacity":"","overlay-gradient":""}},"footnotes":""},"categories":[4],"tags":[],"class_list":["post-23443","post","type-post","status-publish","format-standard","has-post-thumbnail","hentry","category-portada"],"post_mailing_queue_ids":[],"_links":{"self":[{"href":"https:\/\/agora.xtec.cat\/escolacanfabra\/wp-json\/wp\/v2\/posts\/23443","targetHints":{"allow":["GET"]}}],"collection":[{"href":"https:\/\/agora.xtec.cat\/escolacanfabra\/wp-json\/wp\/v2\/posts"}],"about":[{"href":"https:\/\/agora.xtec.cat\/escolacanfabra\/wp-json\/wp\/v2\/types\/post"}],"author":[{"embeddable":true,"href":"https:\/\/agora.xtec.cat\/escolacanfabra\/wp-json\/wp\/v2\/users\/3"}],"replies":[{"embeddable":true,"href":"https:\/\/agora.xtec.cat\/escolacanfabra\/wp-json\/wp\/v2\/comments?post=23443"}],"version-history":[{"count":3,"href":"https:\/\/agora.xtec.cat\/escolacanfabra\/wp-json\/wp\/v2\/posts\/23443\/revisions"}],"predecessor-version":[{"id":23509,"href":"https:\/\/agora.xtec.cat\/escolacanfabra\/wp-json\/wp\/v2\/posts\/23443\/revisions\/23509"}],"wp:featuredmedia":[{"embeddable":true,"href":"https:\/\/agora.xtec.cat\/escolacanfabra\/wp-json\/wp\/v2\/media\/23499"}],"wp:attachment":[{"href":"https:\/\/agora.xtec.cat\/escolacanfabra\/wp-json\/wp\/v2\/media?parent=23443"}],"wp:term":[{"taxonomy":"category","embeddable":true,"href":"https:\/\/agora.xtec.cat\/escolacanfabra\/wp-json\/wp\/v2\/categories?post=23443"},{"taxonomy":"post_tag","embeddable":true,"href":"https:\/\/agora.xtec.cat\/escolacanfabra\/wp-json\/wp\/v2\/tags?post=23443"}],"curies":[{"name":"wp","href":"https:\/\/api.w.org\/{rel}","templated":true}]}}