{"id":23431,"date":"2021-03-23T18:54:26","date_gmt":"2021-03-23T17:54:26","guid":{"rendered":"https:\/\/agora.xtec.cat\/escolacanfabra\/?p=23431"},"modified":"2021-03-24T19:04:58","modified_gmt":"2021-03-24T18:04:58","slug":"5e-presentem-a-la-judit-una-mestra-en-practiques","status":"publish","type":"post","link":"https:\/\/agora.xtec.cat\/escolacanfabra\/general\/5e-presentem-a-la-judit-una-mestra-en-practiques\/","title":{"rendered":"5\u00e8C: Presentem a la Judit, una mestra en pr\u00e0ctiques"},"content":{"rendered":"<p><span style=\"font-weight: 400;\">L\u2019ARRIBADA DE LA JUDIT<\/span><\/p>\n<p><span style=\"font-weight: 400;\">Hola fam\u00edlies, avui us parlarem de l\u2019arribada de la Judit Garcia.<\/span><\/p>\n<p><span style=\"font-weight: 400;\">Ha arribat a l\u2019escola Can Fabra perqu\u00e8 est\u00e0 fent la segona carrera i necessita fer pr\u00e0ctiques. T\u00e9 dos fills que es diuen Mario i David, en Mario t\u00e9 1 any, i en David en t\u00e9 4, la Judit t\u00e9 31 anys .<\/span><\/p>\n<p><span style=\"font-weight: 400;\">En el seu temps lliure\u00a0 li agrada passar temps amb la fam\u00edlia, llegir, anar a la muntanya i anar al c\u00e0mping.<\/span><\/p>\n<p><span style=\"font-weight: 400;\">Per\u00f2 a vegades ha d&#8217;estudiar molt per a la universitat VIU (Valencia international University). La Judit va venir el 9 de febrer i marxa per setmana Santa. \u00c9s molt amable i ajuda a les professores a que tot vagi b\u00e9 i a nosaltres tamb\u00e9<\/span><span style=\"font-weight: 400;\">.<\/span><span style=\"font-weight: 400;\"> \u00c9s molt bona professora.<\/span><\/p>\n<p>Aqu\u00ed teniu unes <a href=\"https:\/\/agora.xtec.cat\/escolacanfabra\/album-fotos-2010c\/\">fotos<\/a> de tot el grup amb ella.<\/p>\n<p>Classe de les i els Corona-Pinyes<\/p>\n<p>&nbsp;<\/p>\n","protected":false},"excerpt":{"rendered":"<p>L\u2019ARRIBADA DE LA JUDIT Hola fam\u00edlies, avui us parlarem de l\u2019arribada de la Judit Garcia. Ha arribat a l\u2019escola Can Fabra perqu\u00e8 est\u00e0 fent la segona carrera i necessita fer pr\u00e0ctiques. T\u00e9 dos fills que es diuen Mario i David, en Mario t\u00e9 1 any, i en David en t\u00e9 4, la Judit t\u00e9 31 [&hellip;]<\/p>\n","protected":false},"author":3,"featured_media":23432,"comment_status":"open","ping_status":"closed","sticky":false,"template":"","format":"standard","meta":{"_bbp_topic_count":0,"_bbp_reply_count":0,"_bbp_total_topic_count":0,"_bbp_total_reply_count":0,"_bbp_voice_count":0,"_bbp_anonymous_reply_count":0,"_bbp_topic_count_hidden":0,"_bbp_reply_count_hidden":0,"_bbp_forum_subforum_count":0,"site-sidebar-layout":"default","site-content-layout":"","ast-site-content-layout":"","site-content-style":"default","site-sidebar-style":"default","ast-global-header-display":"","ast-banner-title-visibility":"","ast-main-header-display":"","ast-hfb-above-header-display":"","ast-hfb-below-header-display":"","ast-hfb-mobile-header-display":"","site-post-title":"","ast-breadcrumbs-content":"","ast-featured-img":"","footer-sml-layout":"","theme-transparent-header-meta":"","adv-header-id-meta":"","stick-header-meta":"","header-above-stick-meta":"","header-main-stick-meta":"","header-below-stick-meta":"","astra-migrate-meta-layouts":"default","ast-page-background-enabled":"default","ast-page-background-meta":{"desktop":{"background-color":"var(--ast-global-color-5)","background-image":"","background-repeat":"repeat","background-position":"center center","background-size":"auto","background-attachment":"scroll","background-type":"","background-media":"","overlay-type":"","overlay-color":"","overlay-opacity":"","overlay-gradient":""},"tablet":{"background-color":"","background-image":"","background-repeat":"repeat","background-position":"center center","background-size":"auto","background-attachment":"scroll","background-type":"","background-media":"","overlay-type":"","overlay-color":"","overlay-opacity":"","overlay-gradient":""},"mobile":{"background-color":"","background-image":"","background-repeat":"repeat","background-position":"center center","background-size":"auto","background-attachment":"scroll","background-type":"","background-media":"","overlay-type":"","overlay-color":"","overlay-opacity":"","overlay-gradient":""}},"ast-content-background-meta":{"desktop":{"background-color":"var(--ast-global-color-4)","background-image":"","background-repeat":"repeat","background-position":"center center","background-size":"auto","background-attachment":"scroll","background-type":"","background-media":"","overlay-type":"","overlay-color":"","overlay-opacity":"","overlay-gradient":""},"tablet":{"background-color":"var(--ast-global-color-4)","background-image":"","background-repeat":"repeat","background-position":"center center","background-size":"auto","background-attachment":"scroll","background-type":"","background-media":"","overlay-type":"","overlay-color":"","overlay-opacity":"","overlay-gradient":""},"mobile":{"background-color":"var(--ast-global-color-4)","background-image":"","background-repeat":"repeat","background-position":"center center","background-size":"auto","background-attachment":"scroll","background-type":"","background-media":"","overlay-type":"","overlay-color":"","overlay-opacity":"","overlay-gradient":""}},"footnotes":""},"categories":[1,62,4],"tags":[],"class_list":["post-23431","post","type-post","status-publish","format-standard","has-post-thumbnail","hentry","category-general","category-nascuts-2010","category-portada"],"post_mailing_queue_ids":[],"_links":{"self":[{"href":"https:\/\/agora.xtec.cat\/escolacanfabra\/wp-json\/wp\/v2\/posts\/23431","targetHints":{"allow":["GET"]}}],"collection":[{"href":"https:\/\/agora.xtec.cat\/escolacanfabra\/wp-json\/wp\/v2\/posts"}],"about":[{"href":"https:\/\/agora.xtec.cat\/escolacanfabra\/wp-json\/wp\/v2\/types\/post"}],"author":[{"embeddable":true,"href":"https:\/\/agora.xtec.cat\/escolacanfabra\/wp-json\/wp\/v2\/users\/3"}],"replies":[{"embeddable":true,"href":"https:\/\/agora.xtec.cat\/escolacanfabra\/wp-json\/wp\/v2\/comments?post=23431"}],"version-history":[{"count":3,"href":"https:\/\/agora.xtec.cat\/escolacanfabra\/wp-json\/wp\/v2\/posts\/23431\/revisions"}],"predecessor-version":[{"id":23446,"href":"https:\/\/agora.xtec.cat\/escolacanfabra\/wp-json\/wp\/v2\/posts\/23431\/revisions\/23446"}],"wp:featuredmedia":[{"embeddable":true,"href":"https:\/\/agora.xtec.cat\/escolacanfabra\/wp-json\/wp\/v2\/media\/23432"}],"wp:attachment":[{"href":"https:\/\/agora.xtec.cat\/escolacanfabra\/wp-json\/wp\/v2\/media?parent=23431"}],"wp:term":[{"taxonomy":"category","embeddable":true,"href":"https:\/\/agora.xtec.cat\/escolacanfabra\/wp-json\/wp\/v2\/categories?post=23431"},{"taxonomy":"post_tag","embeddable":true,"href":"https:\/\/agora.xtec.cat\/escolacanfabra\/wp-json\/wp\/v2\/tags?post=23431"}],"curies":[{"name":"wp","href":"https:\/\/api.w.org\/{rel}","templated":true}]}}