{"id":23203,"date":"2021-03-11T10:58:19","date_gmt":"2021-03-11T09:58:19","guid":{"rendered":"https:\/\/agora.xtec.cat\/escolacanfabra\/?p=23203"},"modified":"2021-03-28T22:23:48","modified_gmt":"2021-03-28T20:23:48","slug":"preinscripcio-i-matricula","status":"publish","type":"post","link":"https:\/\/agora.xtec.cat\/escolacanfabra\/general\/preinscripcio-i-matricula\/","title":{"rendered":"Preinscripci\u00f3 i matr\u00edcula"},"content":{"rendered":"<table>\n<tbody>\n<tr>\n<td style=\"width: 150px;\"><a href=\"https:\/\/drive.google.com\/file\/d\/1m7G81YnieJqVJTHp3m8jnqClF4aMAIPh\/view?usp=sharing\" target=\"_blank\" rel=\"noopener noreferrer\">Publicaci\u00f3 de l&#8217;oferta inicial (CLICA AQU\u00cd)<\/a><\/td>\n<td style=\"width: 150.833px;\"><a href=\"https:\/\/preinscripcio.gencat.cat\/ca\/estudis\/infantil-3-6\/informat\/calendari\/\" target=\"_blank\" rel=\"noopener noreferrer\">Coneix el calendari i els terminis de preinscripci\u00f3 i matr\u00edcula (CLICA AQU\u00cd)<\/a><\/td>\n<\/tr>\n<tr>\n<td style=\"width: 150px;\"><a href=\"https:\/\/preinscripcio.gencat.cat\/ca\/estudis\/infantil-3-6\/informat\/criteris-assignacio\/#bloc1\" target=\"_blank\" rel=\"noopener noreferrer\">Ent\u00e9n els criteris d&#8217;assignaci\u00f3 de pla\u00e7a (CLICA AQU\u00cd)<\/a><\/td>\n<td style=\"width: 150.833px;\"><a href=\"https:\/\/www.edubcn.cat\/ca\/alumnat_i_familia\/informacio_general_matriculacio\/arees_influencia\/consulta_de_centres_educatius#\/cerca\" target=\"_blank\" rel=\"noopener noreferrer\">Consulta de centres educatius de proximitat a un domicili (CLICA AQU\u00cd)<\/a><\/td>\n<\/tr>\n<tr>\n<td style=\"width: 150px;\"><strong><a href=\"https:\/\/preinscripcio.gencat.cat\/ca\/estudis\/infantil-3-6\/preinscriute\/sollicitud\/\" target=\"_blank\" rel=\"noopener noreferrer\">Com emplenar la sol\u00b7licitud de preinscripci\u00f3 d&#8217;Educaci\u00f3 Infantil (CLICA AQU\u00cd)<\/a><\/strong><\/td>\n<td style=\"width: 150.833px;\"><strong><a href=\"https:\/\/preinscripcio.gencat.cat\/ca\/estudis\/primaria\/preinscriute\/sollicitud\/\" target=\"_blank\" rel=\"noopener noreferrer\">Com emplenar la sol\u00b7licitud de preinscripci\u00f3 d&#8217;Educaci\u00f3 Prim\u00e0ria (CLICA AQU\u00cd)<\/a><\/strong><\/td>\n<\/tr>\n<tr>\n<td style=\"width: 150px;\"><a href=\"https:\/\/www.edubcn.cat\/ca\/alumnat_i_familia\/informacio_general_matriculacio\/preinscripcio20_21#\/8\" target=\"_blank\" rel=\"noopener noreferrer\"><strong>On us podeu informar<\/strong><\/a><\/td>\n<td style=\"width: 150.833px;\"><strong>\u00a0<\/strong><\/td>\n<\/tr>\n<\/tbody>\n<\/table>\n<p>A partir d&#8217;avui, 15 de mar\u00e7, s&#8217;inicia el per\u00edode de preinscripci\u00f3 (fins el proper 24, incl\u00f2s). Recordeu que \u00e9s un proc\u00e9s totalment telem\u00e0tic: si teniu cap dubte, truqueu-nos al 93 541 65 60<\/p>\n","protected":false},"excerpt":{"rendered":"<p>Publicaci\u00f3 de l&#8217;oferta inicial (CLICA AQU\u00cd) Coneix el calendari i els terminis de preinscripci\u00f3 i matr\u00edcula (CLICA AQU\u00cd) Ent\u00e9n els criteris d&#8217;assignaci\u00f3 de pla\u00e7a (CLICA AQU\u00cd) Consulta de centres educatius de proximitat a un domicili (CLICA AQU\u00cd) Com emplenar la sol\u00b7licitud de preinscripci\u00f3 d&#8217;Educaci\u00f3 Infantil (CLICA AQU\u00cd) Com emplenar la sol\u00b7licitud de preinscripci\u00f3 d&#8217;Educaci\u00f3 Prim\u00e0ria [&hellip;]<\/p>\n","protected":false},"author":1,"featured_media":0,"comment_status":"open","ping_status":"closed","sticky":false,"template":"","format":"standard","meta":{"_bbp_topic_count":0,"_bbp_reply_count":0,"_bbp_total_topic_count":0,"_bbp_total_reply_count":0,"_bbp_voice_count":0,"_bbp_anonymous_reply_count":0,"_bbp_topic_count_hidden":0,"_bbp_reply_count_hidden":0,"_bbp_forum_subforum_count":0,"site-sidebar-layout":"default","site-content-layout":"","ast-site-content-layout":"","site-content-style":"default","site-sidebar-style":"default","ast-global-header-display":"","ast-banner-title-visibility":"","ast-main-header-display":"","ast-hfb-above-header-display":"","ast-hfb-below-header-display":"","ast-hfb-mobile-header-display":"","site-post-title":"","ast-breadcrumbs-content":"","ast-featured-img":"","footer-sml-layout":"","theme-transparent-header-meta":"","adv-header-id-meta":"","stick-header-meta":"","header-above-stick-meta":"","header-main-stick-meta":"","header-below-stick-meta":"","astra-migrate-meta-layouts":"default","ast-page-background-enabled":"default","ast-page-background-meta":{"desktop":{"background-color":"var(--ast-global-color-5)","background-image":"","background-repeat":"repeat","background-position":"center center","background-size":"auto","background-attachment":"scroll","background-type":"","background-media":"","overlay-type":"","overlay-color":"","overlay-opacity":"","overlay-gradient":""},"tablet":{"background-color":"","background-image":"","background-repeat":"repeat","background-position":"center center","background-size":"auto","background-attachment":"scroll","background-type":"","background-media":"","overlay-type":"","overlay-color":"","overlay-opacity":"","overlay-gradient":""},"mobile":{"background-color":"","background-image":"","background-repeat":"repeat","background-position":"center center","background-size":"auto","background-attachment":"scroll","background-type":"","background-media":"","overlay-type":"","overlay-color":"","overlay-opacity":"","overlay-gradient":""}},"ast-content-background-meta":{"desktop":{"background-color":"var(--ast-global-color-4)","background-image":"","background-repeat":"repeat","background-position":"center center","background-size":"auto","background-attachment":"scroll","background-type":"","background-media":"","overlay-type":"","overlay-color":"","overlay-opacity":"","overlay-gradient":""},"tablet":{"background-color":"var(--ast-global-color-4)","background-image":"","background-repeat":"repeat","background-position":"center center","background-size":"auto","background-attachment":"scroll","background-type":"","background-media":"","overlay-type":"","overlay-color":"","overlay-opacity":"","overlay-gradient":""},"mobile":{"background-color":"var(--ast-global-color-4)","background-image":"","background-repeat":"repeat","background-position":"center center","background-size":"auto","background-attachment":"scroll","background-type":"","background-media":"","overlay-type":"","overlay-color":"","overlay-opacity":"","overlay-gradient":""}},"footnotes":""},"categories":[1,4],"tags":[],"class_list":["post-23203","post","type-post","status-publish","format-standard","hentry","category-general","category-portada"],"post_mailing_queue_ids":[],"_links":{"self":[{"href":"https:\/\/agora.xtec.cat\/escolacanfabra\/wp-json\/wp\/v2\/posts\/23203","targetHints":{"allow":["GET"]}}],"collection":[{"href":"https:\/\/agora.xtec.cat\/escolacanfabra\/wp-json\/wp\/v2\/posts"}],"about":[{"href":"https:\/\/agora.xtec.cat\/escolacanfabra\/wp-json\/wp\/v2\/types\/post"}],"author":[{"embeddable":true,"href":"https:\/\/agora.xtec.cat\/escolacanfabra\/wp-json\/wp\/v2\/users\/1"}],"replies":[{"embeddable":true,"href":"https:\/\/agora.xtec.cat\/escolacanfabra\/wp-json\/wp\/v2\/comments?post=23203"}],"version-history":[{"count":4,"href":"https:\/\/agora.xtec.cat\/escolacanfabra\/wp-json\/wp\/v2\/posts\/23203\/revisions"}],"predecessor-version":[{"id":23291,"href":"https:\/\/agora.xtec.cat\/escolacanfabra\/wp-json\/wp\/v2\/posts\/23203\/revisions\/23291"}],"wp:attachment":[{"href":"https:\/\/agora.xtec.cat\/escolacanfabra\/wp-json\/wp\/v2\/media?parent=23203"}],"wp:term":[{"taxonomy":"category","embeddable":true,"href":"https:\/\/agora.xtec.cat\/escolacanfabra\/wp-json\/wp\/v2\/categories?post=23203"},{"taxonomy":"post_tag","embeddable":true,"href":"https:\/\/agora.xtec.cat\/escolacanfabra\/wp-json\/wp\/v2\/tags?post=23203"}],"curies":[{"name":"wp","href":"https:\/\/api.w.org\/{rel}","templated":true}]}}