{"id":23162,"date":"2021-03-05T07:51:45","date_gmt":"2021-03-05T06:51:45","guid":{"rendered":"https:\/\/agora.xtec.cat\/escolacanfabra\/?p=23162"},"modified":"2021-03-05T07:51:45","modified_gmt":"2021-03-05T06:51:45","slug":"2n-racons-autonoms","status":"publish","type":"post","link":"https:\/\/agora.xtec.cat\/escolacanfabra\/general\/2n-racons-autonoms\/","title":{"rendered":"2n: RACONS AUT\u00d2NOMS"},"content":{"rendered":"<p><img loading=\"lazy\" decoding=\"async\" class=\"attachment-266x266 size-266x266 aligncenter\" src=\"https:\/\/agora.xtec.cat\/escolacanfabra\/wp-content\/uploads\/usu1954\/2021\/03\/IMG_20210222_095004280.jpg\" sizes=\"auto, (max-width: 266px) 100vw, 266px\" srcset=\"https:\/\/agora.xtec.cat\/escolacanfabra\/wp-content\/uploads\/usu1954\/2021\/03\/IMG_20210222_095004280.jpg 2016w, https:\/\/agora.xtec.cat\/escolacanfabra\/wp-content\/uploads\/usu1954\/2021\/03\/IMG_20210222_095004280-300x150.jpg 300w, https:\/\/agora.xtec.cat\/escolacanfabra\/wp-content\/uploads\/usu1954\/2021\/03\/IMG_20210222_095004280-768x384.jpg 768w, https:\/\/agora.xtec.cat\/escolacanfabra\/wp-content\/uploads\/usu1954\/2021\/03\/IMG_20210222_095004280-1024x512.jpg 1024w\" alt=\"\" width=\"266\" height=\"133\" \/><\/p>\n<p>Els lleopards i les lleopardes i les mascaretes, al llarg d&#8217;aquest segon trimestre continuem dedicant una estona del mat\u00ed a la realitzaci\u00f3 dels &#8220;Racons aut\u00f2noms&#8221;. Es tracta d&#8217;una activitat on cada infant tria qu\u00e8 li ve de gust fer entre un ventall de propostes diverses, la majoria dissenyades per refor\u00e7ar aspectes d&#8217;altres aprenentatges importants com la lectura, l&#8217;escriptura o l&#8217;\u00e0mbit matem\u00e0tic: rac\u00f3 de simetria, rac\u00f3 de jocs de lletres, rac\u00f3 de laberints, rac\u00f3 de jocs de n\u00fameros, rac\u00f3 d&#8217;atenci\u00f3 i observaci\u00f3, etc. A una graella personal, cadasc\u00fa porta el registre de les activitats que ja ha realitzat i quines propostes li manquen per fer.<\/p>\n<p>Desitgem que gaudiu de les fotos que mostren el treball entusiasta dels vostres campions i campiones.<\/p>\n<p><a href=\"https:\/\/agora.xtec.cat\/escolacanfabra\/album-fotos-2013a\/\">Imatges Lleopards i LLeopardes<\/a> \/\/ <a href=\"https:\/\/agora.xtec.cat\/escolacanfabra\/album-fotos-2013b\/\">Imatges Mascaretes<\/a><\/p>\n","protected":false},"excerpt":{"rendered":"<p>Els lleopards i les lleopardes i les mascaretes, al llarg d&#8217;aquest segon trimestre continuem dedicant una estona del mat\u00ed a la realitzaci\u00f3 dels &#8220;Racons aut\u00f2noms&#8221;. Es tracta d&#8217;una activitat on cada infant tria qu\u00e8 li ve de gust fer entre un ventall de propostes diverses, la majoria dissenyades per refor\u00e7ar aspectes d&#8217;altres aprenentatges importants com [&hellip;]<\/p>\n","protected":false},"author":3,"featured_media":23165,"comment_status":"open","ping_status":"closed","sticky":false,"template":"","format":"standard","meta":{"_bbp_topic_count":0,"_bbp_reply_count":0,"_bbp_total_topic_count":0,"_bbp_total_reply_count":0,"_bbp_voice_count":0,"_bbp_anonymous_reply_count":0,"_bbp_topic_count_hidden":0,"_bbp_reply_count_hidden":0,"_bbp_forum_subforum_count":0,"site-sidebar-layout":"default","site-content-layout":"","ast-site-content-layout":"","site-content-style":"default","site-sidebar-style":"default","ast-global-header-display":"","ast-banner-title-visibility":"","ast-main-header-display":"","ast-hfb-above-header-display":"","ast-hfb-below-header-display":"","ast-hfb-mobile-header-display":"","site-post-title":"","ast-breadcrumbs-content":"","ast-featured-img":"","footer-sml-layout":"","theme-transparent-header-meta":"","adv-header-id-meta":"","stick-header-meta":"","header-above-stick-meta":"","header-main-stick-meta":"","header-below-stick-meta":"","astra-migrate-meta-layouts":"default","ast-page-background-enabled":"default","ast-page-background-meta":{"desktop":{"background-color":"var(--ast-global-color-5)","background-image":"","background-repeat":"repeat","background-position":"center center","background-size":"auto","background-attachment":"scroll","background-type":"","background-media":"","overlay-type":"","overlay-color":"","overlay-opacity":"","overlay-gradient":""},"tablet":{"background-color":"","background-image":"","background-repeat":"repeat","background-position":"center center","background-size":"auto","background-attachment":"scroll","background-type":"","background-media":"","overlay-type":"","overlay-color":"","overlay-opacity":"","overlay-gradient":""},"mobile":{"background-color":"","background-image":"","background-repeat":"repeat","background-position":"center center","background-size":"auto","background-attachment":"scroll","background-type":"","background-media":"","overlay-type":"","overlay-color":"","overlay-opacity":"","overlay-gradient":""}},"ast-content-background-meta":{"desktop":{"background-color":"var(--ast-global-color-4)","background-image":"","background-repeat":"repeat","background-position":"center center","background-size":"auto","background-attachment":"scroll","background-type":"","background-media":"","overlay-type":"","overlay-color":"","overlay-opacity":"","overlay-gradient":""},"tablet":{"background-color":"var(--ast-global-color-4)","background-image":"","background-repeat":"repeat","background-position":"center center","background-size":"auto","background-attachment":"scroll","background-type":"","background-media":"","overlay-type":"","overlay-color":"","overlay-opacity":"","overlay-gradient":""},"mobile":{"background-color":"var(--ast-global-color-4)","background-image":"","background-repeat":"repeat","background-position":"center center","background-size":"auto","background-attachment":"scroll","background-type":"","background-media":"","overlay-type":"","overlay-color":"","overlay-opacity":"","overlay-gradient":""}},"footnotes":""},"categories":[1,82,4],"tags":[],"class_list":["post-23162","post","type-post","status-publish","format-standard","has-post-thumbnail","hentry","category-general","category-nascuts-2013","category-portada"],"post_mailing_queue_ids":[],"_links":{"self":[{"href":"https:\/\/agora.xtec.cat\/escolacanfabra\/wp-json\/wp\/v2\/posts\/23162","targetHints":{"allow":["GET"]}}],"collection":[{"href":"https:\/\/agora.xtec.cat\/escolacanfabra\/wp-json\/wp\/v2\/posts"}],"about":[{"href":"https:\/\/agora.xtec.cat\/escolacanfabra\/wp-json\/wp\/v2\/types\/post"}],"author":[{"embeddable":true,"href":"https:\/\/agora.xtec.cat\/escolacanfabra\/wp-json\/wp\/v2\/users\/3"}],"replies":[{"embeddable":true,"href":"https:\/\/agora.xtec.cat\/escolacanfabra\/wp-json\/wp\/v2\/comments?post=23162"}],"version-history":[{"count":1,"href":"https:\/\/agora.xtec.cat\/escolacanfabra\/wp-json\/wp\/v2\/posts\/23162\/revisions"}],"predecessor-version":[{"id":23166,"href":"https:\/\/agora.xtec.cat\/escolacanfabra\/wp-json\/wp\/v2\/posts\/23162\/revisions\/23166"}],"wp:featuredmedia":[{"embeddable":true,"href":"https:\/\/agora.xtec.cat\/escolacanfabra\/wp-json\/wp\/v2\/media\/23165"}],"wp:attachment":[{"href":"https:\/\/agora.xtec.cat\/escolacanfabra\/wp-json\/wp\/v2\/media?parent=23162"}],"wp:term":[{"taxonomy":"category","embeddable":true,"href":"https:\/\/agora.xtec.cat\/escolacanfabra\/wp-json\/wp\/v2\/categories?post=23162"},{"taxonomy":"post_tag","embeddable":true,"href":"https:\/\/agora.xtec.cat\/escolacanfabra\/wp-json\/wp\/v2\/tags?post=23162"}],"curies":[{"name":"wp","href":"https:\/\/api.w.org\/{rel}","templated":true}]}}