{"id":23093,"date":"2021-02-27T19:49:40","date_gmt":"2021-02-27T18:49:40","guid":{"rendered":"https:\/\/agora.xtec.cat\/escolacanfabra\/?p=23093"},"modified":"2021-02-27T19:49:40","modified_gmt":"2021-02-27T18:49:40","slug":"3r-racons-de-treball","status":"publish","type":"post","link":"https:\/\/agora.xtec.cat\/escolacanfabra\/general\/3r-racons-de-treball\/","title":{"rendered":"3r: RACONS DE TREBALL"},"content":{"rendered":"<p>Hola, fam\u00edlies!<\/p>\n<p>Com b\u00e9 sabeu, a 3r continuem amb els Racons de Treball, que ens ajuden a refor\u00e7ar aspectes matem\u00e0tics i ling\u00fc\u00edstics a part de treballar altres \u00e0rees.<\/p>\n<p>Son dues sessions a la setmana que ho passem molt b\u00e9 tot aprenent. Quan acabem la sessi\u00f3 sempre fem una rotllana de tancament, on expliquem com ens ha anat.<\/p>\n<p>A aquesta ronda estem treballant:<\/p>\n<p><em><strong>*RAC\u00d3 SORPRESA I D&#8217;ORDINADOR<\/strong><\/em>: fem una sessi\u00f3 d&#8217;Innovamat, refor\u00e7ant conceptes de Laboratori dels Nombres i d&#8217;Aventures que treballem en altres sessions.<\/p>\n<p><em><strong>*RAC\u00d3 DE PL\u00c0STICA<\/strong><\/em>: estem fent papirofl\u00e8xia. Tenim unes l\u00e0mines, que hem de llegir, entendre qu\u00e8 hem de fer i fer-ho. Al principi costa, per\u00f2 una vegada fem la primera creaci\u00f3 ens convertim en experts i expertes!<\/p>\n<p><em><strong>*RAC\u00d3 DE PENSO I AVAN\u00c7O:<\/strong><\/em> a aquest rac\u00f3 estem fent una Aventura que ens ha encarregat els personatges dels Bmath. Hem treballat diferents figures geom\u00e8triques i hem de fer mosaics tot enrajolant. Per\u00f2 no nom\u00e9s ens surten mosaics, estem creant figures ben divertides!<\/p>\n<p><em><strong>*RAC\u00d3 DE JOCS DE TAULA:<\/strong><\/em> a 3A juguem al Carcassone Jr i a 3B estem jugant a Exploting Kittens (jocs que ens van portar els Reis a les aules)<\/p>\n<p><a href=\"https:\/\/agora.xtec.cat\/escolacanfabra\/album-fotos-2012b\/\">IMATGES<\/a><\/p>\n","protected":false},"excerpt":{"rendered":"<p>Hola, fam\u00edlies! Com b\u00e9 sabeu, a 3r continuem amb els Racons de Treball, que ens ajuden a refor\u00e7ar aspectes matem\u00e0tics i ling\u00fc\u00edstics a part de treballar altres \u00e0rees. Son dues sessions a la setmana que ho passem molt b\u00e9 tot aprenent. Quan acabem la sessi\u00f3 sempre fem una rotllana de tancament, on expliquem com ens [&hellip;]<\/p>\n","protected":false},"author":3,"featured_media":23094,"comment_status":"open","ping_status":"closed","sticky":false,"template":"","format":"standard","meta":{"_bbp_topic_count":0,"_bbp_reply_count":0,"_bbp_total_topic_count":0,"_bbp_total_reply_count":0,"_bbp_voice_count":0,"_bbp_anonymous_reply_count":0,"_bbp_topic_count_hidden":0,"_bbp_reply_count_hidden":0,"_bbp_forum_subforum_count":0,"site-sidebar-layout":"default","site-content-layout":"","ast-site-content-layout":"","site-content-style":"default","site-sidebar-style":"default","ast-global-header-display":"","ast-banner-title-visibility":"","ast-main-header-display":"","ast-hfb-above-header-display":"","ast-hfb-below-header-display":"","ast-hfb-mobile-header-display":"","site-post-title":"","ast-breadcrumbs-content":"","ast-featured-img":"","footer-sml-layout":"","theme-transparent-header-meta":"","adv-header-id-meta":"","stick-header-meta":"","header-above-stick-meta":"","header-main-stick-meta":"","header-below-stick-meta":"","astra-migrate-meta-layouts":"default","ast-page-background-enabled":"default","ast-page-background-meta":{"desktop":{"background-color":"var(--ast-global-color-5)","background-image":"","background-repeat":"repeat","background-position":"center center","background-size":"auto","background-attachment":"scroll","background-type":"","background-media":"","overlay-type":"","overlay-color":"","overlay-opacity":"","overlay-gradient":""},"tablet":{"background-color":"","background-image":"","background-repeat":"repeat","background-position":"center center","background-size":"auto","background-attachment":"scroll","background-type":"","background-media":"","overlay-type":"","overlay-color":"","overlay-opacity":"","overlay-gradient":""},"mobile":{"background-color":"","background-image":"","background-repeat":"repeat","background-position":"center center","background-size":"auto","background-attachment":"scroll","background-type":"","background-media":"","overlay-type":"","overlay-color":"","overlay-opacity":"","overlay-gradient":""}},"ast-content-background-meta":{"desktop":{"background-color":"var(--ast-global-color-4)","background-image":"","background-repeat":"repeat","background-position":"center center","background-size":"auto","background-attachment":"scroll","background-type":"","background-media":"","overlay-type":"","overlay-color":"","overlay-opacity":"","overlay-gradient":""},"tablet":{"background-color":"var(--ast-global-color-4)","background-image":"","background-repeat":"repeat","background-position":"center center","background-size":"auto","background-attachment":"scroll","background-type":"","background-media":"","overlay-type":"","overlay-color":"","overlay-opacity":"","overlay-gradient":""},"mobile":{"background-color":"var(--ast-global-color-4)","background-image":"","background-repeat":"repeat","background-position":"center center","background-size":"auto","background-attachment":"scroll","background-type":"","background-media":"","overlay-type":"","overlay-color":"","overlay-opacity":"","overlay-gradient":""}},"footnotes":""},"categories":[1,133,71,4,263],"tags":[],"class_list":["post-23093","post","type-post","status-publish","format-standard","has-post-thumbnail","hentry","category-general","category-nascuts-2012","category-noticies","category-portada","category-primaria"],"post_mailing_queue_ids":[],"_links":{"self":[{"href":"https:\/\/agora.xtec.cat\/escolacanfabra\/wp-json\/wp\/v2\/posts\/23093","targetHints":{"allow":["GET"]}}],"collection":[{"href":"https:\/\/agora.xtec.cat\/escolacanfabra\/wp-json\/wp\/v2\/posts"}],"about":[{"href":"https:\/\/agora.xtec.cat\/escolacanfabra\/wp-json\/wp\/v2\/types\/post"}],"author":[{"embeddable":true,"href":"https:\/\/agora.xtec.cat\/escolacanfabra\/wp-json\/wp\/v2\/users\/3"}],"replies":[{"embeddable":true,"href":"https:\/\/agora.xtec.cat\/escolacanfabra\/wp-json\/wp\/v2\/comments?post=23093"}],"version-history":[{"count":2,"href":"https:\/\/agora.xtec.cat\/escolacanfabra\/wp-json\/wp\/v2\/posts\/23093\/revisions"}],"predecessor-version":[{"id":23097,"href":"https:\/\/agora.xtec.cat\/escolacanfabra\/wp-json\/wp\/v2\/posts\/23093\/revisions\/23097"}],"wp:featuredmedia":[{"embeddable":true,"href":"https:\/\/agora.xtec.cat\/escolacanfabra\/wp-json\/wp\/v2\/media\/23094"}],"wp:attachment":[{"href":"https:\/\/agora.xtec.cat\/escolacanfabra\/wp-json\/wp\/v2\/media?parent=23093"}],"wp:term":[{"taxonomy":"category","embeddable":true,"href":"https:\/\/agora.xtec.cat\/escolacanfabra\/wp-json\/wp\/v2\/categories?post=23093"},{"taxonomy":"post_tag","embeddable":true,"href":"https:\/\/agora.xtec.cat\/escolacanfabra\/wp-json\/wp\/v2\/tags?post=23093"}],"curies":[{"name":"wp","href":"https:\/\/api.w.org\/{rel}","templated":true}]}}