{"id":22627,"date":"2021-02-25T18:19:07","date_gmt":"2021-02-25T17:19:07","guid":{"rendered":"https:\/\/agora.xtec.cat\/escolacanfabra\/?p=22627"},"modified":"2021-02-25T18:19:07","modified_gmt":"2021-02-25T17:19:07","slug":"p5-visita-la-biblioteca-ignasi-iglesias-can-fabra","status":"publish","type":"post","link":"https:\/\/agora.xtec.cat\/escolacanfabra\/general\/p5-visita-la-biblioteca-ignasi-iglesias-can-fabra\/","title":{"rendered":"P5 VISITA LA BIBLIOTECA IGNASI IGL\u00c9SIAS CAN FABRA"},"content":{"rendered":"<p>DURANT EL PASSAT MES DE GENER, TANT ELS CACTUS COM LES PLANTES AROM\u00c0TIQUES, VAM ANAR A VISITAR LA BIBLIOTECA IGNASI IGL\u00c9SIAS CAN FABRA. ALL\u00c0 HI VIU L&#8217;ANDREU BIGOTETS, UN PETIT RATOL\u00cd A QUI LI ENCANTA LLEGIR TOT TIPUS DE LLIBRES, ESCOLTAR M\u00daSICA I MIRAR PEL\u00b7L\u00cdCULES. ACOMPANYATS DE LA MARTA, VAM PASSAR UNA BONA ESTONA DESCOBRINT:<\/p>\n<ul>\n<li>COM FUNCIONA I PER A QU\u00c8 SERVEIX EL CARNET D&#8217;USUARI DE LA BIBLIOTECA.<\/li>\n<li>QUINS TIPUS DE LLIBRES PODEM TROBAR A LA BIBLIOTECA: C\u00d2MICS, LLIBRES DE CONEIXEMENTS, \u00c0LBUMS IL\u00b7LUSTRATS, LLIBRES-JOC&#8230;<\/li>\n<li>QUIN ALTRE MATERIAL TROBEM A LA BIBLIOTECA, A M\u00c9S A M\u00c9S DE LLIBRES.<\/li>\n<li>COM ES FA EL PR\u00c9STEC I LA DEVOLUCI\u00d3 DE TOT AQUEST MATERIAL.<\/li>\n<\/ul>\n<p>A M\u00c9S A M\u00c9S VAM AJUDAR A L&#8217;ANDREU BIGOTETS A TRIAR QUINS LLIBRES DELS QUE VAM TROBAR EXPOSATS PER DIFERENTS ESPAIS DE LA BIBLIOTECA PODIA ESCOLLIR EN PR\u00c9STEC I LA MARTA ENS EN VA LLEGIR UNS QUANTS.<\/p>\n<p>FINALMENT VAM GAUDIR MIRANT I LLEGINT ELS CONTES QUE L&#8217;ANDREU ENS HAVIA DEIXAT A LES TAULES DE LA BIBLIOTECA PER PASSAR UNA BONA ESTONA DESCOBRINT LLIBRES MOLT INTERESSANTS. QU\u00c8 B\u00c9 QUE ENS HO VAM PASSAR! ESPEREM QUE VOSALTRES TAMB\u00c9 GAUDIU MIRANT LES FOTOGRAFIES!<\/p>\n<p><a href=\"https:\/\/agora.xtec.cat\/escolacanfabra\/album-fotos-2015a\/\">P5A A LA BIBLIOTECA<\/a><\/p>\n<p><a href=\"https:\/\/agora.xtec.cat\/escolacanfabra\/album-fotos-2015b\/\">P5B A LA BIBLIOTECA<\/a><\/p>\n","protected":false},"excerpt":{"rendered":"<p>DURANT EL PASSAT MES DE GENER, TANT ELS CACTUS COM LES PLANTES AROM\u00c0TIQUES, VAM ANAR A VISITAR LA BIBLIOTECA IGNASI IGL\u00c9SIAS CAN FABRA. ALL\u00c0 HI VIU L&#8217;ANDREU BIGOTETS, UN PETIT RATOL\u00cd A QUI LI ENCANTA LLEGIR TOT TIPUS DE LLIBRES, ESCOLTAR M\u00daSICA I MIRAR PEL\u00b7L\u00cdCULES. ACOMPANYATS DE LA MARTA, VAM PASSAR UNA BONA ESTONA DESCOBRINT: [&hellip;]<\/p>\n","protected":false},"author":3,"featured_media":22632,"comment_status":"open","ping_status":"closed","sticky":false,"template":"","format":"standard","meta":{"_bbp_topic_count":0,"_bbp_reply_count":0,"_bbp_total_topic_count":0,"_bbp_total_reply_count":0,"_bbp_voice_count":0,"_bbp_anonymous_reply_count":0,"_bbp_topic_count_hidden":0,"_bbp_reply_count_hidden":0,"_bbp_forum_subforum_count":0,"site-sidebar-layout":"default","site-content-layout":"","ast-site-content-layout":"","site-content-style":"default","site-sidebar-style":"default","ast-global-header-display":"","ast-banner-title-visibility":"","ast-main-header-display":"","ast-hfb-above-header-display":"","ast-hfb-below-header-display":"","ast-hfb-mobile-header-display":"","site-post-title":"","ast-breadcrumbs-content":"","ast-featured-img":"","footer-sml-layout":"","theme-transparent-header-meta":"","adv-header-id-meta":"","stick-header-meta":"","header-above-stick-meta":"","header-main-stick-meta":"","header-below-stick-meta":"","astra-migrate-meta-layouts":"default","ast-page-background-enabled":"default","ast-page-background-meta":{"desktop":{"background-color":"var(--ast-global-color-5)","background-image":"","background-repeat":"repeat","background-position":"center center","background-size":"auto","background-attachment":"scroll","background-type":"","background-media":"","overlay-type":"","overlay-color":"","overlay-opacity":"","overlay-gradient":""},"tablet":{"background-color":"","background-image":"","background-repeat":"repeat","background-position":"center center","background-size":"auto","background-attachment":"scroll","background-type":"","background-media":"","overlay-type":"","overlay-color":"","overlay-opacity":"","overlay-gradient":""},"mobile":{"background-color":"","background-image":"","background-repeat":"repeat","background-position":"center center","background-size":"auto","background-attachment":"scroll","background-type":"","background-media":"","overlay-type":"","overlay-color":"","overlay-opacity":"","overlay-gradient":""}},"ast-content-background-meta":{"desktop":{"background-color":"var(--ast-global-color-4)","background-image":"","background-repeat":"repeat","background-position":"center center","background-size":"auto","background-attachment":"scroll","background-type":"","background-media":"","overlay-type":"","overlay-color":"","overlay-opacity":"","overlay-gradient":""},"tablet":{"background-color":"var(--ast-global-color-4)","background-image":"","background-repeat":"repeat","background-position":"center center","background-size":"auto","background-attachment":"scroll","background-type":"","background-media":"","overlay-type":"","overlay-color":"","overlay-opacity":"","overlay-gradient":""},"mobile":{"background-color":"var(--ast-global-color-4)","background-image":"","background-repeat":"repeat","background-position":"center center","background-size":"auto","background-attachment":"scroll","background-type":"","background-media":"","overlay-type":"","overlay-color":"","overlay-opacity":"","overlay-gradient":""}},"footnotes":""},"categories":[1,241,4],"tags":[],"class_list":["post-22627","post","type-post","status-publish","format-standard","has-post-thumbnail","hentry","category-general","category-nascuts-2015","category-portada"],"post_mailing_queue_ids":[],"_links":{"self":[{"href":"https:\/\/agora.xtec.cat\/escolacanfabra\/wp-json\/wp\/v2\/posts\/22627","targetHints":{"allow":["GET"]}}],"collection":[{"href":"https:\/\/agora.xtec.cat\/escolacanfabra\/wp-json\/wp\/v2\/posts"}],"about":[{"href":"https:\/\/agora.xtec.cat\/escolacanfabra\/wp-json\/wp\/v2\/types\/post"}],"author":[{"embeddable":true,"href":"https:\/\/agora.xtec.cat\/escolacanfabra\/wp-json\/wp\/v2\/users\/3"}],"replies":[{"embeddable":true,"href":"https:\/\/agora.xtec.cat\/escolacanfabra\/wp-json\/wp\/v2\/comments?post=22627"}],"version-history":[{"count":3,"href":"https:\/\/agora.xtec.cat\/escolacanfabra\/wp-json\/wp\/v2\/posts\/22627\/revisions"}],"predecessor-version":[{"id":23076,"href":"https:\/\/agora.xtec.cat\/escolacanfabra\/wp-json\/wp\/v2\/posts\/22627\/revisions\/23076"}],"wp:featuredmedia":[{"embeddable":true,"href":"https:\/\/agora.xtec.cat\/escolacanfabra\/wp-json\/wp\/v2\/media\/22632"}],"wp:attachment":[{"href":"https:\/\/agora.xtec.cat\/escolacanfabra\/wp-json\/wp\/v2\/media?parent=22627"}],"wp:term":[{"taxonomy":"category","embeddable":true,"href":"https:\/\/agora.xtec.cat\/escolacanfabra\/wp-json\/wp\/v2\/categories?post=22627"},{"taxonomy":"post_tag","embeddable":true,"href":"https:\/\/agora.xtec.cat\/escolacanfabra\/wp-json\/wp\/v2\/tags?post=22627"}],"curies":[{"name":"wp","href":"https:\/\/api.w.org\/{rel}","templated":true}]}}