{"id":22621,"date":"2021-01-30T19:56:17","date_gmt":"2021-01-30T18:56:17","guid":{"rendered":"https:\/\/agora.xtec.cat\/escolacanfabra\/?p=22621"},"modified":"2021-01-30T20:25:48","modified_gmt":"2021-01-30T19:25:48","slug":"p5-dia-de-la-pau-i-de-la-no-violencia","status":"publish","type":"post","link":"https:\/\/agora.xtec.cat\/escolacanfabra\/general\/p5-dia-de-la-pau-i-de-la-no-violencia\/","title":{"rendered":"P5: DIA DE LA PAU I DE LA NO-VIOL\u00c8NCIA"},"content":{"rendered":"<p>HOLA FAM\u00cdLIES!<\/p>\n<p>AVUI ES CELEBRA EL DIA ESCOLAR DE LA PAU I LA NO VIOL\u00c8NCIA I, DES DE L&#8217;ESCOLA, HEM PENSAT DIFERENTS PROPOSTES PER ANAR REALITZANT ENTORN D&#8217;AQUEST TEMA:<\/p>\n<ul>\n<li>UNA CONVERSA GRUPAL PER VEURE QU\u00c8 CREIEM QUE VOL DIR <strong>PAU<\/strong> I QU\u00c8 IMPLICA.<\/li>\n<li>LA <strong>CAN\u00c7\u00d3 DELS VALORS<\/strong> DE L&#8217;ESCOLA ON ELS FOLLETS DE LA IL\u00b7LUSI\u00d3, L&#8217;ESFOR\u00c7, LA RESPONSABILITAT, LA SOLIDARITAT I EL RESPECTE ENS RECORDEN LA IMPORT\u00c0NCIA D&#8217;ESTAR B\u00c9 AMB ELS ALTRES I AMB UN MATEIX.<\/li>\n<li>L&#8217;EXPLICACI\u00d3 DEL CONTE<strong> &#8220;LA WANGARI I ELS ARBRES DE LA PAU&#8221;<\/strong> BASAT EN UNA HIST\u00d2RIA REAL FENT UNA CONVERSA\/AN\u00c0LISI SOBRE ALL\u00d2 QUE ENS EXPLICA EL CONTE.<\/li>\n<li>A PSICOMOTRICITAT, PARLEM DELS MANDALES, DEL SEU SIGNIFICAT I DE COM ELS PODEM REPRESENTAR. D&#8217;AQUESTA CONVERSA SORGEIX LA IDEA DE REPRESENTAR-LA AMB EL COS I AIX\u00cd VAM FER EL NOSTRE <strong>MANDALA CORPORAL COOPERATIU.\u00a0<\/strong>(<a href=\"https:\/\/agora.xtec.cat\/escolacanfabra\/album-fotos-2015a\/\">MANDALA DE P5A<\/a>)\u00a0 (<a href=\"https:\/\/agora.xtec.cat\/escolacanfabra\/album-fotos-2015b\/\">MANDALA DE P5B<\/a>)<\/li>\n<\/ul>\n<p>ESPEREM QUE US AGRADI I QUE ACABEU DE GAUDIR DEL DIA!<\/p>\n<p>&nbsp;<\/p>\n<p>&nbsp;<\/p>\n","protected":false},"excerpt":{"rendered":"<p>HOLA FAM\u00cdLIES! AVUI ES CELEBRA EL DIA ESCOLAR DE LA PAU I LA NO VIOL\u00c8NCIA I, DES DE L&#8217;ESCOLA, HEM PENSAT DIFERENTS PROPOSTES PER ANAR REALITZANT ENTORN D&#8217;AQUEST TEMA: UNA CONVERSA GRUPAL PER VEURE QU\u00c8 CREIEM QUE VOL DIR PAU I QU\u00c8 IMPLICA. LA CAN\u00c7\u00d3 DELS VALORS DE L&#8217;ESCOLA ON ELS FOLLETS DE LA IL\u00b7LUSI\u00d3, [&hellip;]<\/p>\n","protected":false},"author":3,"featured_media":22609,"comment_status":"open","ping_status":"closed","sticky":false,"template":"","format":"standard","meta":{"_bbp_topic_count":0,"_bbp_reply_count":0,"_bbp_total_topic_count":0,"_bbp_total_reply_count":0,"_bbp_voice_count":0,"_bbp_anonymous_reply_count":0,"_bbp_topic_count_hidden":0,"_bbp_reply_count_hidden":0,"_bbp_forum_subforum_count":0,"site-sidebar-layout":"default","site-content-layout":"","ast-site-content-layout":"","site-content-style":"default","site-sidebar-style":"default","ast-global-header-display":"","ast-banner-title-visibility":"","ast-main-header-display":"","ast-hfb-above-header-display":"","ast-hfb-below-header-display":"","ast-hfb-mobile-header-display":"","site-post-title":"","ast-breadcrumbs-content":"","ast-featured-img":"","footer-sml-layout":"","theme-transparent-header-meta":"","adv-header-id-meta":"","stick-header-meta":"","header-above-stick-meta":"","header-main-stick-meta":"","header-below-stick-meta":"","astra-migrate-meta-layouts":"default","ast-page-background-enabled":"default","ast-page-background-meta":{"desktop":{"background-color":"var(--ast-global-color-5)","background-image":"","background-repeat":"repeat","background-position":"center center","background-size":"auto","background-attachment":"scroll","background-type":"","background-media":"","overlay-type":"","overlay-color":"","overlay-opacity":"","overlay-gradient":""},"tablet":{"background-color":"","background-image":"","background-repeat":"repeat","background-position":"center center","background-size":"auto","background-attachment":"scroll","background-type":"","background-media":"","overlay-type":"","overlay-color":"","overlay-opacity":"","overlay-gradient":""},"mobile":{"background-color":"","background-image":"","background-repeat":"repeat","background-position":"center center","background-size":"auto","background-attachment":"scroll","background-type":"","background-media":"","overlay-type":"","overlay-color":"","overlay-opacity":"","overlay-gradient":""}},"ast-content-background-meta":{"desktop":{"background-color":"var(--ast-global-color-4)","background-image":"","background-repeat":"repeat","background-position":"center center","background-size":"auto","background-attachment":"scroll","background-type":"","background-media":"","overlay-type":"","overlay-color":"","overlay-opacity":"","overlay-gradient":""},"tablet":{"background-color":"var(--ast-global-color-4)","background-image":"","background-repeat":"repeat","background-position":"center center","background-size":"auto","background-attachment":"scroll","background-type":"","background-media":"","overlay-type":"","overlay-color":"","overlay-opacity":"","overlay-gradient":""},"mobile":{"background-color":"var(--ast-global-color-4)","background-image":"","background-repeat":"repeat","background-position":"center center","background-size":"auto","background-attachment":"scroll","background-type":"","background-media":"","overlay-type":"","overlay-color":"","overlay-opacity":"","overlay-gradient":""}},"footnotes":""},"categories":[1,241,4],"tags":[],"class_list":["post-22621","post","type-post","status-publish","format-standard","has-post-thumbnail","hentry","category-general","category-nascuts-2015","category-portada"],"post_mailing_queue_ids":[],"_links":{"self":[{"href":"https:\/\/agora.xtec.cat\/escolacanfabra\/wp-json\/wp\/v2\/posts\/22621","targetHints":{"allow":["GET"]}}],"collection":[{"href":"https:\/\/agora.xtec.cat\/escolacanfabra\/wp-json\/wp\/v2\/posts"}],"about":[{"href":"https:\/\/agora.xtec.cat\/escolacanfabra\/wp-json\/wp\/v2\/types\/post"}],"author":[{"embeddable":true,"href":"https:\/\/agora.xtec.cat\/escolacanfabra\/wp-json\/wp\/v2\/users\/3"}],"replies":[{"embeddable":true,"href":"https:\/\/agora.xtec.cat\/escolacanfabra\/wp-json\/wp\/v2\/comments?post=22621"}],"version-history":[{"count":3,"href":"https:\/\/agora.xtec.cat\/escolacanfabra\/wp-json\/wp\/v2\/posts\/22621\/revisions"}],"predecessor-version":[{"id":22626,"href":"https:\/\/agora.xtec.cat\/escolacanfabra\/wp-json\/wp\/v2\/posts\/22621\/revisions\/22626"}],"wp:featuredmedia":[{"embeddable":true,"href":"https:\/\/agora.xtec.cat\/escolacanfabra\/wp-json\/wp\/v2\/media\/22609"}],"wp:attachment":[{"href":"https:\/\/agora.xtec.cat\/escolacanfabra\/wp-json\/wp\/v2\/media?parent=22621"}],"wp:term":[{"taxonomy":"category","embeddable":true,"href":"https:\/\/agora.xtec.cat\/escolacanfabra\/wp-json\/wp\/v2\/categories?post=22621"},{"taxonomy":"post_tag","embeddable":true,"href":"https:\/\/agora.xtec.cat\/escolacanfabra\/wp-json\/wp\/v2\/tags?post=22621"}],"curies":[{"name":"wp","href":"https:\/\/api.w.org\/{rel}","templated":true}]}}