{"id":22538,"date":"2021-01-23T12:20:05","date_gmt":"2021-01-23T11:20:05","guid":{"rendered":"https:\/\/agora.xtec.cat\/escolacanfabra\/?p=22538"},"modified":"2021-01-23T12:20:05","modified_gmt":"2021-01-23T11:20:05","slug":"taller-dexperimentacio_6ec_electricitat","status":"publish","type":"post","link":"https:\/\/agora.xtec.cat\/escolacanfabra\/general\/taller-dexperimentacio_6ec_electricitat\/","title":{"rendered":"Taller d\u00b4Experimentaci\u00f3_6\u00e8C_Electricitat"},"content":{"rendered":"<p>El passat divendres 22 de gener vam encetar el <strong>Taller d\u00b4Experimentaci\u00f3 a 6\u00e8C<\/strong>! Tots i totes est\u00e0vem molt emocionats i motivats envers totes les experi\u00e8ncies, recerques i activitats vivencials envers la ci\u00e8ncia que tot just han comen\u00e7at.<\/p>\n<p>Durant aquest 2n trimestre, entre d\u00b4altres molts aspectes, treballarem al voltant de la <strong>mat\u00e8ria i l\u00b4electricitat<\/strong>.<\/p>\n<p>A la primera sessi\u00f3 vam compartir els nostres <em>coneixements previs envers l\u00b4electricitat<\/em> i vam gaudir de <em>dos v\u00eddeos explicatius<\/em> molt divertits i did\u00e0ctics: us deixem els enlla\u00e7os, per si voleu fer un cop d\u00b4ull!<\/p>\n<p><a href=\"https:\/\/www.ccma.cat\/tv3\/super3\/dr-w\/la-historia-de-les-coses-lelectricitat-cap-23\/video\/3956551\/\">https:\/\/www.ccma.cat\/tv3\/super3\/dr-w\/la-historia-de-les-coses-lelectricitat-cap-23\/video\/3956551\/<\/a><\/p>\n<p><a href=\"https:\/\/www.ccma.cat\/tv3\/super3\/dr-w\/lhome-invisible-atom-i-materia-cap-15\/video\/3933371\/\">https:\/\/www.ccma.cat\/tv3\/super3\/dr-w\/lhome-invisible-atom-i-materia-cap-15\/video\/3933371\/<\/a><\/p>\n<p>I vam gaudir molt fent <strong>petits experiments<\/strong> relatius a l\u00b4<strong>electricitat est\u00e0tica<\/strong> i representant el <strong>funcionament d\u00b4un \u00e0tom<\/strong> amb els <em>nostres cossos<\/em>.<\/p>\n<p><a href=\"https:\/\/agora.xtec.cat\/escolacanfabra\/album-fotos-2009c\/\">AQU\u00cd<\/a> teniu algunes instant\u00e0nies dels millors moments de la 1a sessi\u00f3.<\/p>\n<p>Seguirem a la recerca de nous reptes com a petits investigadors de l\u00b4<strong>AIE<\/strong> (<em>Ag\u00e8ncia d\u00b4Investigaci\u00f3 de l\u00b4Electricitat<\/em>).<\/p>\n<p>Continuar\u00e0&#8230;<\/p>\n","protected":false},"excerpt":{"rendered":"<p>El passat divendres 22 de gener vam encetar el Taller d\u00b4Experimentaci\u00f3 a 6\u00e8C! Tots i totes est\u00e0vem molt emocionats i motivats envers totes les experi\u00e8ncies, recerques i activitats vivencials envers la ci\u00e8ncia que tot just han comen\u00e7at. Durant aquest 2n trimestre, entre d\u00b4altres molts aspectes, treballarem al voltant de la mat\u00e8ria i l\u00b4electricitat. A la [&hellip;]<\/p>\n","protected":false},"author":3,"featured_media":22541,"comment_status":"open","ping_status":"closed","sticky":false,"template":"","format":"standard","meta":{"_bbp_topic_count":0,"_bbp_reply_count":0,"_bbp_total_topic_count":0,"_bbp_total_reply_count":0,"_bbp_voice_count":0,"_bbp_anonymous_reply_count":0,"_bbp_topic_count_hidden":0,"_bbp_reply_count_hidden":0,"_bbp_forum_subforum_count":0,"site-sidebar-layout":"default","site-content-layout":"","ast-site-content-layout":"","site-content-style":"default","site-sidebar-style":"default","ast-global-header-display":"","ast-banner-title-visibility":"","ast-main-header-display":"","ast-hfb-above-header-display":"","ast-hfb-below-header-display":"","ast-hfb-mobile-header-display":"","site-post-title":"","ast-breadcrumbs-content":"","ast-featured-img":"","footer-sml-layout":"","theme-transparent-header-meta":"","adv-header-id-meta":"","stick-header-meta":"","header-above-stick-meta":"","header-main-stick-meta":"","header-below-stick-meta":"","astra-migrate-meta-layouts":"default","ast-page-background-enabled":"default","ast-page-background-meta":{"desktop":{"background-color":"var(--ast-global-color-5)","background-image":"","background-repeat":"repeat","background-position":"center center","background-size":"auto","background-attachment":"scroll","background-type":"","background-media":"","overlay-type":"","overlay-color":"","overlay-opacity":"","overlay-gradient":""},"tablet":{"background-color":"","background-image":"","background-repeat":"repeat","background-position":"center center","background-size":"auto","background-attachment":"scroll","background-type":"","background-media":"","overlay-type":"","overlay-color":"","overlay-opacity":"","overlay-gradient":""},"mobile":{"background-color":"","background-image":"","background-repeat":"repeat","background-position":"center center","background-size":"auto","background-attachment":"scroll","background-type":"","background-media":"","overlay-type":"","overlay-color":"","overlay-opacity":"","overlay-gradient":""}},"ast-content-background-meta":{"desktop":{"background-color":"var(--ast-global-color-4)","background-image":"","background-repeat":"repeat","background-position":"center center","background-size":"auto","background-attachment":"scroll","background-type":"","background-media":"","overlay-type":"","overlay-color":"","overlay-opacity":"","overlay-gradient":""},"tablet":{"background-color":"var(--ast-global-color-4)","background-image":"","background-repeat":"repeat","background-position":"center center","background-size":"auto","background-attachment":"scroll","background-type":"","background-media":"","overlay-type":"","overlay-color":"","overlay-opacity":"","overlay-gradient":""},"mobile":{"background-color":"var(--ast-global-color-4)","background-image":"","background-repeat":"repeat","background-position":"center center","background-size":"auto","background-attachment":"scroll","background-type":"","background-media":"","overlay-type":"","overlay-color":"","overlay-opacity":"","overlay-gradient":""}},"footnotes":""},"categories":[1,71,4,263],"tags":[],"class_list":["post-22538","post","type-post","status-publish","format-standard","has-post-thumbnail","hentry","category-general","category-noticies","category-portada","category-primaria"],"post_mailing_queue_ids":[],"_links":{"self":[{"href":"https:\/\/agora.xtec.cat\/escolacanfabra\/wp-json\/wp\/v2\/posts\/22538","targetHints":{"allow":["GET"]}}],"collection":[{"href":"https:\/\/agora.xtec.cat\/escolacanfabra\/wp-json\/wp\/v2\/posts"}],"about":[{"href":"https:\/\/agora.xtec.cat\/escolacanfabra\/wp-json\/wp\/v2\/types\/post"}],"author":[{"embeddable":true,"href":"https:\/\/agora.xtec.cat\/escolacanfabra\/wp-json\/wp\/v2\/users\/3"}],"replies":[{"embeddable":true,"href":"https:\/\/agora.xtec.cat\/escolacanfabra\/wp-json\/wp\/v2\/comments?post=22538"}],"version-history":[{"count":1,"href":"https:\/\/agora.xtec.cat\/escolacanfabra\/wp-json\/wp\/v2\/posts\/22538\/revisions"}],"predecessor-version":[{"id":22540,"href":"https:\/\/agora.xtec.cat\/escolacanfabra\/wp-json\/wp\/v2\/posts\/22538\/revisions\/22540"}],"wp:featuredmedia":[{"embeddable":true,"href":"https:\/\/agora.xtec.cat\/escolacanfabra\/wp-json\/wp\/v2\/media\/22541"}],"wp:attachment":[{"href":"https:\/\/agora.xtec.cat\/escolacanfabra\/wp-json\/wp\/v2\/media?parent=22538"}],"wp:term":[{"taxonomy":"category","embeddable":true,"href":"https:\/\/agora.xtec.cat\/escolacanfabra\/wp-json\/wp\/v2\/categories?post=22538"},{"taxonomy":"post_tag","embeddable":true,"href":"https:\/\/agora.xtec.cat\/escolacanfabra\/wp-json\/wp\/v2\/tags?post=22538"}],"curies":[{"name":"wp","href":"https:\/\/api.w.org\/{rel}","templated":true}]}}