{"id":22430,"date":"2021-01-12T22:20:39","date_gmt":"2021-01-12T21:20:39","guid":{"rendered":"https:\/\/agora.xtec.cat\/escolacanfabra\/?p=22430"},"modified":"2021-01-12T22:20:39","modified_gmt":"2021-01-12T21:20:39","slug":"a-4t-a-treballem-les-comarques-i-fem-racons-divertits","status":"publish","type":"post","link":"https:\/\/agora.xtec.cat\/escolacanfabra\/general\/a-4t-a-treballem-les-comarques-i-fem-racons-divertits\/","title":{"rendered":"A 4t A TREBALLEM LES COMARQUES I FEM RACONS DIVERTITS!"},"content":{"rendered":"<p>Hola fam\u00edlies!!!<\/p>\n<p>La classe dels videojocs us volem explicar que hem fet a l&#8217;estona de projecte de dilluns i dijous.<\/p>\n<p>Estem aprenent\u00a0 i treballant sobre els continents, els pa\u00efsos, comunitats aut\u00f2nomes, comarques, el Barcelon\u00e8s&#8230;<\/p>\n<p>Tenim uns mapes molt bonics penjats a la classe que per un costat hi ha el mapa <strong>pol\u00edtic<\/strong> (el que posa els noms dels pa\u00efsos), i per l&#8217;altra banda el <strong>f\u00edsic<\/strong> (que surten les muntanyes, i no hi ha\u00a0 noms).<\/p>\n<p>Tamb\u00e9 tenim uns llibres de consulta que es diuen <strong>ATLES,<\/strong> que s\u00f3n els que ens informen de part de la majoria de coses que hi ha en el m\u00f3n. Nosaltres tenim molts atles, i ens ajuda a buscar informaci\u00f3 pel projecte. Tambe tenim altres tipus de llibres de consulta.<\/p>\n<p>Us ensenyem un grapat de fotos que hem fet per aquesta entrada al blog.<\/p>\n<p>Esperem que us agradi!!!<\/p>\n<p>&nbsp;<\/p>\n<p><a href=\"https:\/\/agora.xtec.cat\/escolacanfabra\/wp-content\/uploads\/usu1954\/2021\/01\/Archivo_003-_1_-min.jpg\"><img loading=\"lazy\" decoding=\"async\" class=\"alignnone size-medium wp-image-22436\" src=\"https:\/\/agora.xtec.cat\/escolacanfabra\/wp-content\/uploads\/usu1954\/2021\/01\/Archivo_003-_1_-min-300x225.jpg\" alt=\"\" width=\"300\" height=\"225\" srcset=\"https:\/\/agora.xtec.cat\/escolacanfabra\/wp-content\/uploads\/usu1954\/2021\/01\/Archivo_003-_1_-min-300x225.jpg 300w, https:\/\/agora.xtec.cat\/escolacanfabra\/wp-content\/uploads\/usu1954\/2021\/01\/Archivo_003-_1_-min-768x576.jpg 768w, https:\/\/agora.xtec.cat\/escolacanfabra\/wp-content\/uploads\/usu1954\/2021\/01\/Archivo_003-_1_-min-1024x768.jpg 1024w, https:\/\/agora.xtec.cat\/escolacanfabra\/wp-content\/uploads\/usu1954\/2021\/01\/Archivo_003-_1_-min-200x150.jpg 200w\" sizes=\"auto, (max-width: 300px) 100vw, 300px\" \/><\/a> <a href=\"https:\/\/agora.xtec.cat\/escolacanfabra\/wp-content\/uploads\/usu1954\/2021\/01\/Archivo_004-_1_-min-1.jpg\"><img loading=\"lazy\" decoding=\"async\" class=\"size-medium wp-image-22438 alignright\" src=\"https:\/\/agora.xtec.cat\/escolacanfabra\/wp-content\/uploads\/usu1954\/2021\/01\/Archivo_004-_1_-min-1-300x225.jpg\" alt=\"\" width=\"300\" height=\"225\" srcset=\"https:\/\/agora.xtec.cat\/escolacanfabra\/wp-content\/uploads\/usu1954\/2021\/01\/Archivo_004-_1_-min-1-300x225.jpg 300w, https:\/\/agora.xtec.cat\/escolacanfabra\/wp-content\/uploads\/usu1954\/2021\/01\/Archivo_004-_1_-min-1-768x576.jpg 768w, https:\/\/agora.xtec.cat\/escolacanfabra\/wp-content\/uploads\/usu1954\/2021\/01\/Archivo_004-_1_-min-1-1024x768.jpg 1024w, https:\/\/agora.xtec.cat\/escolacanfabra\/wp-content\/uploads\/usu1954\/2021\/01\/Archivo_004-_1_-min-1-200x150.jpg 200w\" sizes=\"auto, (max-width: 300px) 100vw, 300px\" \/><\/a><\/p>\n<p><a href=\"https:\/\/agora.xtec.cat\/escolacanfabra\/wp-content\/uploads\/usu1954\/2021\/01\/Archivo_000.jpeg\"><img loading=\"lazy\" decoding=\"async\" class=\"alignnone wp-image-22431\" src=\"https:\/\/agora.xtec.cat\/escolacanfabra\/wp-content\/uploads\/usu1954\/2021\/01\/Archivo_000-300x225.jpeg\" alt=\"\" width=\"296\" height=\"222\" srcset=\"https:\/\/agora.xtec.cat\/escolacanfabra\/wp-content\/uploads\/usu1954\/2021\/01\/Archivo_000-300x225.jpeg 300w, https:\/\/agora.xtec.cat\/escolacanfabra\/wp-content\/uploads\/usu1954\/2021\/01\/Archivo_000-768x576.jpeg 768w, https:\/\/agora.xtec.cat\/escolacanfabra\/wp-content\/uploads\/usu1954\/2021\/01\/Archivo_000-1024x768.jpeg 1024w, https:\/\/agora.xtec.cat\/escolacanfabra\/wp-content\/uploads\/usu1954\/2021\/01\/Archivo_000-200x150.jpeg 200w\" sizes=\"auto, (max-width: 296px) 100vw, 296px\" \/><\/a><a href=\"https:\/\/agora.xtec.cat\/escolacanfabra\/wp-content\/uploads\/usu1954\/2021\/01\/Archivo_005.jpeg\"><img loading=\"lazy\" decoding=\"async\" class=\"wp-image-22432 alignright\" src=\"https:\/\/agora.xtec.cat\/escolacanfabra\/wp-content\/uploads\/usu1954\/2021\/01\/Archivo_005-300x225.jpeg\" alt=\"\" width=\"294\" height=\"220\" srcset=\"https:\/\/agora.xtec.cat\/escolacanfabra\/wp-content\/uploads\/usu1954\/2021\/01\/Archivo_005-300x225.jpeg 300w, https:\/\/agora.xtec.cat\/escolacanfabra\/wp-content\/uploads\/usu1954\/2021\/01\/Archivo_005-768x576.jpeg 768w, https:\/\/agora.xtec.cat\/escolacanfabra\/wp-content\/uploads\/usu1954\/2021\/01\/Archivo_005-1024x768.jpeg 1024w, https:\/\/agora.xtec.cat\/escolacanfabra\/wp-content\/uploads\/usu1954\/2021\/01\/Archivo_005-200x150.jpeg 200w\" sizes=\"auto, (max-width: 294px) 100vw, 294px\" \/><\/a><\/p>\n<p>&nbsp;<\/p>\n<p>Per altra banda, tamb\u00e9 aquests dies a racons hem constru\u00eft coses tant boniques com aquesta,<\/p>\n<p>&nbsp;<\/p>\n<p><a href=\"https:\/\/agora.xtec.cat\/escolacanfabra\/wp-content\/uploads\/usu1954\/2021\/01\/blog-min.jpg\"><img loading=\"lazy\" decoding=\"async\" class=\"size-medium wp-image-22439 aligncenter\" src=\"https:\/\/agora.xtec.cat\/escolacanfabra\/wp-content\/uploads\/usu1954\/2021\/01\/blog-min-300x225.jpg\" alt=\"\" width=\"300\" height=\"225\" srcset=\"https:\/\/agora.xtec.cat\/escolacanfabra\/wp-content\/uploads\/usu1954\/2021\/01\/blog-min-300x225.jpg 300w, https:\/\/agora.xtec.cat\/escolacanfabra\/wp-content\/uploads\/usu1954\/2021\/01\/blog-min-768x576.jpg 768w, https:\/\/agora.xtec.cat\/escolacanfabra\/wp-content\/uploads\/usu1954\/2021\/01\/blog-min-1024x768.jpg 1024w, https:\/\/agora.xtec.cat\/escolacanfabra\/wp-content\/uploads\/usu1954\/2021\/01\/blog-min-200x150.jpg 200w\" sizes=\"auto, (max-width: 300px) 100vw, 300px\" \/><\/a><\/p>\n<p>&nbsp;<\/p>\n<p>Els encarregats del Blog.<\/p>\n<p>&nbsp;<\/p>\n<p>&nbsp;<\/p>\n","protected":false},"excerpt":{"rendered":"<p>Hola fam\u00edlies!!! La classe dels videojocs us volem explicar que hem fet a l&#8217;estona de projecte de dilluns i dijous. Estem aprenent\u00a0 i treballant sobre els continents, els pa\u00efsos, comunitats aut\u00f2nomes, comarques, el Barcelon\u00e8s&#8230; Tenim uns mapes molt bonics penjats a la classe que per un costat hi ha el mapa pol\u00edtic (el que posa [&hellip;]<\/p>\n","protected":false},"author":3,"featured_media":22431,"comment_status":"open","ping_status":"closed","sticky":false,"template":"","format":"standard","meta":{"_bbp_topic_count":0,"_bbp_reply_count":0,"_bbp_total_topic_count":0,"_bbp_total_reply_count":0,"_bbp_voice_count":0,"_bbp_anonymous_reply_count":0,"_bbp_topic_count_hidden":0,"_bbp_reply_count_hidden":0,"_bbp_forum_subforum_count":0,"site-sidebar-layout":"default","site-content-layout":"","ast-site-content-layout":"","site-content-style":"default","site-sidebar-style":"default","ast-global-header-display":"","ast-banner-title-visibility":"","ast-main-header-display":"","ast-hfb-above-header-display":"","ast-hfb-below-header-display":"","ast-hfb-mobile-header-display":"","site-post-title":"","ast-breadcrumbs-content":"","ast-featured-img":"","footer-sml-layout":"","theme-transparent-header-meta":"","adv-header-id-meta":"","stick-header-meta":"","header-above-stick-meta":"","header-main-stick-meta":"","header-below-stick-meta":"","astra-migrate-meta-layouts":"default","ast-page-background-enabled":"default","ast-page-background-meta":{"desktop":{"background-color":"var(--ast-global-color-5)","background-image":"","background-repeat":"repeat","background-position":"center center","background-size":"auto","background-attachment":"scroll","background-type":"","background-media":"","overlay-type":"","overlay-color":"","overlay-opacity":"","overlay-gradient":""},"tablet":{"background-color":"","background-image":"","background-repeat":"repeat","background-position":"center center","background-size":"auto","background-attachment":"scroll","background-type":"","background-media":"","overlay-type":"","overlay-color":"","overlay-opacity":"","overlay-gradient":""},"mobile":{"background-color":"","background-image":"","background-repeat":"repeat","background-position":"center center","background-size":"auto","background-attachment":"scroll","background-type":"","background-media":"","overlay-type":"","overlay-color":"","overlay-opacity":"","overlay-gradient":""}},"ast-content-background-meta":{"desktop":{"background-color":"var(--ast-global-color-4)","background-image":"","background-repeat":"repeat","background-position":"center center","background-size":"auto","background-attachment":"scroll","background-type":"","background-media":"","overlay-type":"","overlay-color":"","overlay-opacity":"","overlay-gradient":""},"tablet":{"background-color":"var(--ast-global-color-4)","background-image":"","background-repeat":"repeat","background-position":"center center","background-size":"auto","background-attachment":"scroll","background-type":"","background-media":"","overlay-type":"","overlay-color":"","overlay-opacity":"","overlay-gradient":""},"mobile":{"background-color":"var(--ast-global-color-4)","background-image":"","background-repeat":"repeat","background-position":"center center","background-size":"auto","background-attachment":"scroll","background-type":"","background-media":"","overlay-type":"","overlay-color":"","overlay-opacity":"","overlay-gradient":""}},"footnotes":""},"categories":[1,61,4,263],"tags":[],"class_list":["post-22430","post","type-post","status-publish","format-standard","has-post-thumbnail","hentry","category-general","category-nascuts-2011","category-portada","category-primaria"],"post_mailing_queue_ids":[],"_links":{"self":[{"href":"https:\/\/agora.xtec.cat\/escolacanfabra\/wp-json\/wp\/v2\/posts\/22430","targetHints":{"allow":["GET"]}}],"collection":[{"href":"https:\/\/agora.xtec.cat\/escolacanfabra\/wp-json\/wp\/v2\/posts"}],"about":[{"href":"https:\/\/agora.xtec.cat\/escolacanfabra\/wp-json\/wp\/v2\/types\/post"}],"author":[{"embeddable":true,"href":"https:\/\/agora.xtec.cat\/escolacanfabra\/wp-json\/wp\/v2\/users\/3"}],"replies":[{"embeddable":true,"href":"https:\/\/agora.xtec.cat\/escolacanfabra\/wp-json\/wp\/v2\/comments?post=22430"}],"version-history":[{"count":3,"href":"https:\/\/agora.xtec.cat\/escolacanfabra\/wp-json\/wp\/v2\/posts\/22430\/revisions"}],"predecessor-version":[{"id":22442,"href":"https:\/\/agora.xtec.cat\/escolacanfabra\/wp-json\/wp\/v2\/posts\/22430\/revisions\/22442"}],"wp:featuredmedia":[{"embeddable":true,"href":"https:\/\/agora.xtec.cat\/escolacanfabra\/wp-json\/wp\/v2\/media\/22431"}],"wp:attachment":[{"href":"https:\/\/agora.xtec.cat\/escolacanfabra\/wp-json\/wp\/v2\/media?parent=22430"}],"wp:term":[{"taxonomy":"category","embeddable":true,"href":"https:\/\/agora.xtec.cat\/escolacanfabra\/wp-json\/wp\/v2\/categories?post=22430"},{"taxonomy":"post_tag","embeddable":true,"href":"https:\/\/agora.xtec.cat\/escolacanfabra\/wp-json\/wp\/v2\/tags?post=22430"}],"curies":[{"name":"wp","href":"https:\/\/api.w.org\/{rel}","templated":true}]}}