{"id":22388,"date":"2021-01-11T12:27:49","date_gmt":"2021-01-11T11:27:49","guid":{"rendered":"https:\/\/agora.xtec.cat\/escolacanfabra\/?p=22388"},"modified":"2021-01-11T12:27:49","modified_gmt":"2021-01-11T11:27:49","slug":"el-raco-de-la-tardor-de-p5a","status":"publish","type":"post","link":"https:\/\/agora.xtec.cat\/escolacanfabra\/general\/el-raco-de-la-tardor-de-p5a\/","title":{"rendered":"EL RAC\u00d3 DE LA TARDOR DE P5A"},"content":{"rendered":"<p>DURANT EL PRIMER TRIMESTRE HEM TREBALLAT A LA CLASSE L&#8217;ESTACI\u00d3 DE L&#8217;ANY EN QU\u00c8 EST\u00c0VEM: LA TARDOR. HEM CONEGUT DIFERENTS ELEMENTS QUE EN FORMEN PART COM ARA ELS BOLETS, LES CASTANYES, ELS MONIATOS, LES PINYES&#8230; HEM RECORDAT QUINS S\u00d3N ELS COLORS QUE PREDOMINEN EN AQUESTA \u00c8POCA DE L&#8217;ANY, I, FINS I TOT, HEM COMPARTIT VIV\u00c8NCIES ENTORN A CELEBRACIONS I ACTIVITATS PR\u00d2PIES DE L&#8217;\u00c8POCA COM PER EXEMPLE LA CASTANYADA O LA CAIGUDA DE LES FULLES DELS ARBRES.<\/p>\n<p>AQUESTS APRENENTATGES VAN ANAR ACOMPANYATS D&#8217;IMATGES, CONTES, POEMES, CAN\u00c7ONS, HIST\u00d2RIES I VIV\u00c8NCIES PERSONALS&#8230; ALHORA, VAM MUNTAR <a href=\"https:\/\/agora.xtec.cat\/escolacanfabra\/album-fotos-2015a\/\">EL RAC\u00d3 DE LA TARDOR<\/a> A LA CLASSE ON CADASC\u00da VA ANAR APORTANT ELEMENTS QUE CONSIDERAVA INTERESSANTS PER OBSERVAR I QUE TENIEN RELACI\u00d3 AMB LA TARDOR. EN AQUEST RAC\u00d3 HEM DESCOBERT, ENTRE D&#8217;ALTRES COSES:<\/p>\n<ul>\n<li>FULLES DE DIFERENTS MIDES, FORMES I COLORS.<\/li>\n<li>FRUITS I FRUITES DE LA TARDOR. HEM VIST ALGUNS FOR\u00c7A COMUNS COM ARA LA POMA, LA MAGRANA O EL RA\u00cfM I HEM DESCOBERT D&#8217;ALTRES NO TAN CONEGUTS COM EL CODONY O LA XIRIMOIA. D&#8217;AQUESTS DARRERS FINS I TOT VAM FER UN PETIT TASTET PER DESCOBRIR QUIN ERA EL SEU SABOR I LA SEVA TEXTURA.<\/li>\n<li>EL PROC\u00c9S DE VIDA DELS CUCS DE LES CASTANYES.<\/li>\n<li>EL PROC\u00c9S DE DESCOMPOSICI\u00d3 D&#8217;UN BOLET VERIN\u00d3S.<\/li>\n<li>ETC.<\/li>\n<\/ul>\n<p>COM VEIEU, ENS HO HEM PASSAT D&#8217;ALL\u00d2 M\u00c9S B\u00c9 DESCOBRINT LA TARDOR. ARA JA EL DESMUNTEM I DEIXEM PAS A UNA NOVA ESTACI\u00d3 QUE, DE BEN SEGUR, VE CARREGADA DE NOUS APRENENTATGES I NOVES VIV\u00c8NCIES INTERESSANTS PER A COMPARTIR.<\/p>\n<p>&nbsp;<\/p>\n","protected":false},"excerpt":{"rendered":"<p>DURANT EL PRIMER TRIMESTRE HEM TREBALLAT A LA CLASSE L&#8217;ESTACI\u00d3 DE L&#8217;ANY EN QU\u00c8 EST\u00c0VEM: LA TARDOR. HEM CONEGUT DIFERENTS ELEMENTS QUE EN FORMEN PART COM ARA ELS BOLETS, LES CASTANYES, ELS MONIATOS, LES PINYES&#8230; HEM RECORDAT QUINS S\u00d3N ELS COLORS QUE PREDOMINEN EN AQUESTA \u00c8POCA DE L&#8217;ANY, I, FINS I TOT, HEM COMPARTIT VIV\u00c8NCIES [&hellip;]<\/p>\n","protected":false},"author":3,"featured_media":22391,"comment_status":"open","ping_status":"closed","sticky":false,"template":"","format":"standard","meta":{"_bbp_topic_count":0,"_bbp_reply_count":0,"_bbp_total_topic_count":0,"_bbp_total_reply_count":0,"_bbp_voice_count":0,"_bbp_anonymous_reply_count":0,"_bbp_topic_count_hidden":0,"_bbp_reply_count_hidden":0,"_bbp_forum_subforum_count":0,"site-sidebar-layout":"default","site-content-layout":"","ast-site-content-layout":"","site-content-style":"default","site-sidebar-style":"default","ast-global-header-display":"","ast-banner-title-visibility":"","ast-main-header-display":"","ast-hfb-above-header-display":"","ast-hfb-below-header-display":"","ast-hfb-mobile-header-display":"","site-post-title":"","ast-breadcrumbs-content":"","ast-featured-img":"","footer-sml-layout":"","theme-transparent-header-meta":"","adv-header-id-meta":"","stick-header-meta":"","header-above-stick-meta":"","header-main-stick-meta":"","header-below-stick-meta":"","astra-migrate-meta-layouts":"default","ast-page-background-enabled":"default","ast-page-background-meta":{"desktop":{"background-color":"var(--ast-global-color-5)","background-image":"","background-repeat":"repeat","background-position":"center center","background-size":"auto","background-attachment":"scroll","background-type":"","background-media":"","overlay-type":"","overlay-color":"","overlay-opacity":"","overlay-gradient":""},"tablet":{"background-color":"","background-image":"","background-repeat":"repeat","background-position":"center center","background-size":"auto","background-attachment":"scroll","background-type":"","background-media":"","overlay-type":"","overlay-color":"","overlay-opacity":"","overlay-gradient":""},"mobile":{"background-color":"","background-image":"","background-repeat":"repeat","background-position":"center center","background-size":"auto","background-attachment":"scroll","background-type":"","background-media":"","overlay-type":"","overlay-color":"","overlay-opacity":"","overlay-gradient":""}},"ast-content-background-meta":{"desktop":{"background-color":"var(--ast-global-color-4)","background-image":"","background-repeat":"repeat","background-position":"center center","background-size":"auto","background-attachment":"scroll","background-type":"","background-media":"","overlay-type":"","overlay-color":"","overlay-opacity":"","overlay-gradient":""},"tablet":{"background-color":"var(--ast-global-color-4)","background-image":"","background-repeat":"repeat","background-position":"center center","background-size":"auto","background-attachment":"scroll","background-type":"","background-media":"","overlay-type":"","overlay-color":"","overlay-opacity":"","overlay-gradient":""},"mobile":{"background-color":"var(--ast-global-color-4)","background-image":"","background-repeat":"repeat","background-position":"center center","background-size":"auto","background-attachment":"scroll","background-type":"","background-media":"","overlay-type":"","overlay-color":"","overlay-opacity":"","overlay-gradient":""}},"footnotes":""},"categories":[1,241,4],"tags":[],"class_list":["post-22388","post","type-post","status-publish","format-standard","has-post-thumbnail","hentry","category-general","category-nascuts-2015","category-portada"],"post_mailing_queue_ids":[],"_links":{"self":[{"href":"https:\/\/agora.xtec.cat\/escolacanfabra\/wp-json\/wp\/v2\/posts\/22388","targetHints":{"allow":["GET"]}}],"collection":[{"href":"https:\/\/agora.xtec.cat\/escolacanfabra\/wp-json\/wp\/v2\/posts"}],"about":[{"href":"https:\/\/agora.xtec.cat\/escolacanfabra\/wp-json\/wp\/v2\/types\/post"}],"author":[{"embeddable":true,"href":"https:\/\/agora.xtec.cat\/escolacanfabra\/wp-json\/wp\/v2\/users\/3"}],"replies":[{"embeddable":true,"href":"https:\/\/agora.xtec.cat\/escolacanfabra\/wp-json\/wp\/v2\/comments?post=22388"}],"version-history":[{"count":2,"href":"https:\/\/agora.xtec.cat\/escolacanfabra\/wp-json\/wp\/v2\/posts\/22388\/revisions"}],"predecessor-version":[{"id":22392,"href":"https:\/\/agora.xtec.cat\/escolacanfabra\/wp-json\/wp\/v2\/posts\/22388\/revisions\/22392"}],"wp:featuredmedia":[{"embeddable":true,"href":"https:\/\/agora.xtec.cat\/escolacanfabra\/wp-json\/wp\/v2\/media\/22391"}],"wp:attachment":[{"href":"https:\/\/agora.xtec.cat\/escolacanfabra\/wp-json\/wp\/v2\/media?parent=22388"}],"wp:term":[{"taxonomy":"category","embeddable":true,"href":"https:\/\/agora.xtec.cat\/escolacanfabra\/wp-json\/wp\/v2\/categories?post=22388"},{"taxonomy":"post_tag","embeddable":true,"href":"https:\/\/agora.xtec.cat\/escolacanfabra\/wp-json\/wp\/v2\/tags?post=22388"}],"curies":[{"name":"wp","href":"https:\/\/api.w.org\/{rel}","templated":true}]}}