{"id":22353,"date":"2021-01-05T23:47:34","date_gmt":"2021-01-05T22:47:34","guid":{"rendered":"https:\/\/agora.xtec.cat\/escolacanfabra\/?p=22353"},"modified":"2021-01-05T23:57:49","modified_gmt":"2021-01-05T22:57:49","slug":"realitzacio-de-la-felicitacio-de-nadal_2nb","status":"publish","type":"post","link":"https:\/\/agora.xtec.cat\/escolacanfabra\/general\/realitzacio-de-la-felicitacio-de-nadal_2nb\/","title":{"rendered":"REALITZACI\u00d3 DE LA FELICITACI\u00d3 DE NADAL_2nB"},"content":{"rendered":"<p><img loading=\"lazy\" decoding=\"async\" class=\"attachment-266x266 size-266x266 aligncenter\" src=\"https:\/\/agora.xtec.cat\/escolacanfabra\/wp-content\/uploads\/usu1954\/2021\/01\/Felicitaci%C3%B3-Nadalenca.jpg\" sizes=\"auto, (max-width: 266px) 100vw, 266px\" srcset=\"https:\/\/agora.xtec.cat\/escolacanfabra\/wp-content\/uploads\/usu1954\/2021\/01\/Felicitaci\u00f3-Nadalenca.jpg 1273w, https:\/\/agora.xtec.cat\/escolacanfabra\/wp-content\/uploads\/usu1954\/2021\/01\/Felicitaci\u00f3-Nadalenca-300x194.jpg 300w, https:\/\/agora.xtec.cat\/escolacanfabra\/wp-content\/uploads\/usu1954\/2021\/01\/Felicitaci\u00f3-Nadalenca-768x498.jpg 768w, https:\/\/agora.xtec.cat\/escolacanfabra\/wp-content\/uploads\/usu1954\/2021\/01\/Felicitaci\u00f3-Nadalenca-1024x664.jpg 1024w\" alt=\"\" width=\"266\" height=\"172\" \/><\/p>\n<p style=\"text-align: left;\">DE BEN SEGUR QUE VAU REBRE LA POSTAL DE NADAL DE PART DELS NENS I LES NENES DE LA CLASSE DE &#8220;<strong>LES MASCARETES&#8221;.\u00a0<\/strong>ARA, DESTIGEM COMPARTIR AMB TOTES I TOTS VOSALTRES L&#8217;ENTUSIASME I AFECTE QUE VAN MOSTRAR DURANT TOT EL PROC\u00c9S DE LA REALITZACI\u00d3 DE LA FELICITACI\u00d3 NADALENCA.<\/p>\n<p style=\"text-align: left;\">ESPEREM QUE GAUDIU DE LES FOTOS QUE <a href=\"https:\/\/agora.xtec.cat\/escolacanfabra\/album-fotos-2013b\/\">AQU\u00cd<\/a> US MOSTREM.<\/p>\n","protected":false},"excerpt":{"rendered":"<p>DE BEN SEGUR QUE VAU REBRE LA POSTAL DE NADAL DE PART DELS NENS I LES NENES DE LA CLASSE DE &#8220;LES MASCARETES&#8221;.\u00a0ARA, DESTIGEM COMPARTIR AMB TOTES I TOTS VOSALTRES L&#8217;ENTUSIASME I AFECTE QUE VAN MOSTRAR DURANT TOT EL PROC\u00c9S DE LA REALITZACI\u00d3 DE LA FELICITACI\u00d3 NADALENCA. ESPEREM QUE GAUDIU DE LES FOTOS QUE AQU\u00cd [&hellip;]<\/p>\n","protected":false},"author":3,"featured_media":22357,"comment_status":"open","ping_status":"closed","sticky":false,"template":"","format":"standard","meta":{"_bbp_topic_count":0,"_bbp_reply_count":0,"_bbp_total_topic_count":0,"_bbp_total_reply_count":0,"_bbp_voice_count":0,"_bbp_anonymous_reply_count":0,"_bbp_topic_count_hidden":0,"_bbp_reply_count_hidden":0,"_bbp_forum_subforum_count":0,"site-sidebar-layout":"default","site-content-layout":"","ast-site-content-layout":"","site-content-style":"default","site-sidebar-style":"default","ast-global-header-display":"","ast-banner-title-visibility":"","ast-main-header-display":"","ast-hfb-above-header-display":"","ast-hfb-below-header-display":"","ast-hfb-mobile-header-display":"","site-post-title":"","ast-breadcrumbs-content":"","ast-featured-img":"","footer-sml-layout":"","theme-transparent-header-meta":"","adv-header-id-meta":"","stick-header-meta":"","header-above-stick-meta":"","header-main-stick-meta":"","header-below-stick-meta":"","astra-migrate-meta-layouts":"default","ast-page-background-enabled":"default","ast-page-background-meta":{"desktop":{"background-color":"var(--ast-global-color-5)","background-image":"","background-repeat":"repeat","background-position":"center center","background-size":"auto","background-attachment":"scroll","background-type":"","background-media":"","overlay-type":"","overlay-color":"","overlay-opacity":"","overlay-gradient":""},"tablet":{"background-color":"","background-image":"","background-repeat":"repeat","background-position":"center center","background-size":"auto","background-attachment":"scroll","background-type":"","background-media":"","overlay-type":"","overlay-color":"","overlay-opacity":"","overlay-gradient":""},"mobile":{"background-color":"","background-image":"","background-repeat":"repeat","background-position":"center center","background-size":"auto","background-attachment":"scroll","background-type":"","background-media":"","overlay-type":"","overlay-color":"","overlay-opacity":"","overlay-gradient":""}},"ast-content-background-meta":{"desktop":{"background-color":"var(--ast-global-color-4)","background-image":"","background-repeat":"repeat","background-position":"center center","background-size":"auto","background-attachment":"scroll","background-type":"","background-media":"","overlay-type":"","overlay-color":"","overlay-opacity":"","overlay-gradient":""},"tablet":{"background-color":"var(--ast-global-color-4)","background-image":"","background-repeat":"repeat","background-position":"center center","background-size":"auto","background-attachment":"scroll","background-type":"","background-media":"","overlay-type":"","overlay-color":"","overlay-opacity":"","overlay-gradient":""},"mobile":{"background-color":"var(--ast-global-color-4)","background-image":"","background-repeat":"repeat","background-position":"center center","background-size":"auto","background-attachment":"scroll","background-type":"","background-media":"","overlay-type":"","overlay-color":"","overlay-opacity":"","overlay-gradient":""}},"footnotes":""},"categories":[1,82,4,263],"tags":[],"class_list":["post-22353","post","type-post","status-publish","format-standard","has-post-thumbnail","hentry","category-general","category-nascuts-2013","category-portada","category-primaria"],"post_mailing_queue_ids":[],"_links":{"self":[{"href":"https:\/\/agora.xtec.cat\/escolacanfabra\/wp-json\/wp\/v2\/posts\/22353","targetHints":{"allow":["GET"]}}],"collection":[{"href":"https:\/\/agora.xtec.cat\/escolacanfabra\/wp-json\/wp\/v2\/posts"}],"about":[{"href":"https:\/\/agora.xtec.cat\/escolacanfabra\/wp-json\/wp\/v2\/types\/post"}],"author":[{"embeddable":true,"href":"https:\/\/agora.xtec.cat\/escolacanfabra\/wp-json\/wp\/v2\/users\/3"}],"replies":[{"embeddable":true,"href":"https:\/\/agora.xtec.cat\/escolacanfabra\/wp-json\/wp\/v2\/comments?post=22353"}],"version-history":[{"count":3,"href":"https:\/\/agora.xtec.cat\/escolacanfabra\/wp-json\/wp\/v2\/posts\/22353\/revisions"}],"predecessor-version":[{"id":22362,"href":"https:\/\/agora.xtec.cat\/escolacanfabra\/wp-json\/wp\/v2\/posts\/22353\/revisions\/22362"}],"wp:featuredmedia":[{"embeddable":true,"href":"https:\/\/agora.xtec.cat\/escolacanfabra\/wp-json\/wp\/v2\/media\/22357"}],"wp:attachment":[{"href":"https:\/\/agora.xtec.cat\/escolacanfabra\/wp-json\/wp\/v2\/media?parent=22353"}],"wp:term":[{"taxonomy":"category","embeddable":true,"href":"https:\/\/agora.xtec.cat\/escolacanfabra\/wp-json\/wp\/v2\/categories?post=22353"},{"taxonomy":"post_tag","embeddable":true,"href":"https:\/\/agora.xtec.cat\/escolacanfabra\/wp-json\/wp\/v2\/tags?post=22353"}],"curies":[{"name":"wp","href":"https:\/\/api.w.org\/{rel}","templated":true}]}}