{"id":22237,"date":"2020-12-27T13:22:18","date_gmt":"2020-12-27T12:22:18","guid":{"rendered":"https:\/\/agora.xtec.cat\/escolacanfabra\/?p=22237"},"modified":"2020-12-27T13:22:18","modified_gmt":"2020-12-27T12:22:18","slug":"amic-invisible_6ec","status":"publish","type":"post","link":"https:\/\/agora.xtec.cat\/escolacanfabra\/general\/amic-invisible_6ec\/","title":{"rendered":"Amic Invisible_6\u00e8C"},"content":{"rendered":"<p>Com cada final de trimestre els alumnes de 6\u00e8 participen en la din\u00e0mica nadalenca: &#8220;<strong>L\u00b4Amic Invisible<\/strong>&#8220;.<\/p>\n<p>Cadasc\u00fa havia de confegir un <strong>detall ben especial<\/strong> per un dels companys o companyes de la classe. Per fer-ho m\u00e9s f\u00e0cil, din\u00e0mic i divertit, cada alumne va fer un <strong>recull<\/strong> de les seves aficions, prefer\u00e8ncies i aspectes a tenir presents pel seu amic o amiga invisible (<em>i aix\u00ed col.laborar a qu\u00e8 tothom dispos\u00e9s de tota la informaci\u00f3 necess\u00e0ria<\/em>), i alhora vam portar un <strong>mitj\u00f3 nadalenc<\/strong> per poder posar-hi pistes a dintre, durant la setmana pr\u00e8via a Nadal.<\/p>\n<p>Finalment, i despr\u00e9s de molts nervis, il.lusi\u00f3 i ganes de compartir els uns amb els altres, el passat 21 de desembre vam portar a terme la celebraci\u00f3 de l\u00b4Amic Invisible!<\/p>\n<p>Va ser tot un \u00e8xit, els detalls van ser d\u00b4una qualitat i emotivitat molt remarcable, destacant per sobre de qualsevol altre aspecte <em>la fraternitat i les ganes de fer feli\u00e7os als altres.<\/em><\/p>\n<p><strong>Sou fant\u00e0stics i fant\u00e0stiques: &#8220;At\u00f2mics i At\u00f2miques&#8221;!!<\/strong><\/p>\n<p>Ara podreu gaudir de l\u00b4ampli <a href=\"https:\/\/agora.xtec.cat\/escolacanfabra\/album-fotos-2009c\/\">reportatge fotogr\u00e0fic<\/a> de la diada: BON NADAL A TOTHOM!!<\/p>\n","protected":false},"excerpt":{"rendered":"<p>Com cada final de trimestre els alumnes de 6\u00e8 participen en la din\u00e0mica nadalenca: &#8220;L\u00b4Amic Invisible&#8220;. Cadasc\u00fa havia de confegir un detall ben especial per un dels companys o companyes de la classe. Per fer-ho m\u00e9s f\u00e0cil, din\u00e0mic i divertit, cada alumne va fer un recull de les seves aficions, prefer\u00e8ncies i aspectes a tenir [&hellip;]<\/p>\n","protected":false},"author":3,"featured_media":22238,"comment_status":"open","ping_status":"closed","sticky":false,"template":"","format":"standard","meta":{"_bbp_topic_count":0,"_bbp_reply_count":0,"_bbp_total_topic_count":0,"_bbp_total_reply_count":0,"_bbp_voice_count":0,"_bbp_anonymous_reply_count":0,"_bbp_topic_count_hidden":0,"_bbp_reply_count_hidden":0,"_bbp_forum_subforum_count":0,"site-sidebar-layout":"default","site-content-layout":"","ast-site-content-layout":"","site-content-style":"default","site-sidebar-style":"default","ast-global-header-display":"","ast-banner-title-visibility":"","ast-main-header-display":"","ast-hfb-above-header-display":"","ast-hfb-below-header-display":"","ast-hfb-mobile-header-display":"","site-post-title":"","ast-breadcrumbs-content":"","ast-featured-img":"","footer-sml-layout":"","theme-transparent-header-meta":"","adv-header-id-meta":"","stick-header-meta":"","header-above-stick-meta":"","header-main-stick-meta":"","header-below-stick-meta":"","astra-migrate-meta-layouts":"default","ast-page-background-enabled":"default","ast-page-background-meta":{"desktop":{"background-color":"var(--ast-global-color-5)","background-image":"","background-repeat":"repeat","background-position":"center center","background-size":"auto","background-attachment":"scroll","background-type":"","background-media":"","overlay-type":"","overlay-color":"","overlay-opacity":"","overlay-gradient":""},"tablet":{"background-color":"","background-image":"","background-repeat":"repeat","background-position":"center center","background-size":"auto","background-attachment":"scroll","background-type":"","background-media":"","overlay-type":"","overlay-color":"","overlay-opacity":"","overlay-gradient":""},"mobile":{"background-color":"","background-image":"","background-repeat":"repeat","background-position":"center center","background-size":"auto","background-attachment":"scroll","background-type":"","background-media":"","overlay-type":"","overlay-color":"","overlay-opacity":"","overlay-gradient":""}},"ast-content-background-meta":{"desktop":{"background-color":"var(--ast-global-color-4)","background-image":"","background-repeat":"repeat","background-position":"center center","background-size":"auto","background-attachment":"scroll","background-type":"","background-media":"","overlay-type":"","overlay-color":"","overlay-opacity":"","overlay-gradient":""},"tablet":{"background-color":"var(--ast-global-color-4)","background-image":"","background-repeat":"repeat","background-position":"center center","background-size":"auto","background-attachment":"scroll","background-type":"","background-media":"","overlay-type":"","overlay-color":"","overlay-opacity":"","overlay-gradient":""},"mobile":{"background-color":"var(--ast-global-color-4)","background-image":"","background-repeat":"repeat","background-position":"center center","background-size":"auto","background-attachment":"scroll","background-type":"","background-media":"","overlay-type":"","overlay-color":"","overlay-opacity":"","overlay-gradient":""}},"footnotes":""},"categories":[1,71,4,263],"tags":[],"class_list":["post-22237","post","type-post","status-publish","format-standard","has-post-thumbnail","hentry","category-general","category-noticies","category-portada","category-primaria"],"post_mailing_queue_ids":[],"_links":{"self":[{"href":"https:\/\/agora.xtec.cat\/escolacanfabra\/wp-json\/wp\/v2\/posts\/22237","targetHints":{"allow":["GET"]}}],"collection":[{"href":"https:\/\/agora.xtec.cat\/escolacanfabra\/wp-json\/wp\/v2\/posts"}],"about":[{"href":"https:\/\/agora.xtec.cat\/escolacanfabra\/wp-json\/wp\/v2\/types\/post"}],"author":[{"embeddable":true,"href":"https:\/\/agora.xtec.cat\/escolacanfabra\/wp-json\/wp\/v2\/users\/3"}],"replies":[{"embeddable":true,"href":"https:\/\/agora.xtec.cat\/escolacanfabra\/wp-json\/wp\/v2\/comments?post=22237"}],"version-history":[{"count":1,"href":"https:\/\/agora.xtec.cat\/escolacanfabra\/wp-json\/wp\/v2\/posts\/22237\/revisions"}],"predecessor-version":[{"id":22239,"href":"https:\/\/agora.xtec.cat\/escolacanfabra\/wp-json\/wp\/v2\/posts\/22237\/revisions\/22239"}],"wp:featuredmedia":[{"embeddable":true,"href":"https:\/\/agora.xtec.cat\/escolacanfabra\/wp-json\/wp\/v2\/media\/22238"}],"wp:attachment":[{"href":"https:\/\/agora.xtec.cat\/escolacanfabra\/wp-json\/wp\/v2\/media?parent=22237"}],"wp:term":[{"taxonomy":"category","embeddable":true,"href":"https:\/\/agora.xtec.cat\/escolacanfabra\/wp-json\/wp\/v2\/categories?post=22237"},{"taxonomy":"post_tag","embeddable":true,"href":"https:\/\/agora.xtec.cat\/escolacanfabra\/wp-json\/wp\/v2\/tags?post=22237"}],"curies":[{"name":"wp","href":"https:\/\/api.w.org\/{rel}","templated":true}]}}