{"id":22231,"date":"2020-12-27T13:02:22","date_gmt":"2020-12-27T12:02:22","guid":{"rendered":"https:\/\/agora.xtec.cat\/escolacanfabra\/?p=22231"},"modified":"2020-12-27T13:02:22","modified_gmt":"2020-12-27T12:02:22","slug":"som-emprenedors-i-emprenedores_propostes-per-les-colonies_6ec","status":"publish","type":"post","link":"https:\/\/agora.xtec.cat\/escolacanfabra\/general\/som-emprenedors-i-emprenedores_propostes-per-les-colonies_6ec\/","title":{"rendered":"Som emprenedors i emprenedores_Propostes per les col\u00f2nies_6\u00e8C"},"content":{"rendered":"<p>Durant els darrers dies del 1r trimestre ens hem convertit en <strong>petits i petites emprenedores<\/strong>, tot cercant vies diverses i plenes d\u00b4enginy per tal que les nostres <strong>col\u00f2nies<\/strong> siguin el m\u00e9s econ\u00f2miques possibles.<\/p>\n<p>Primer va fer una <strong>an\u00e0lisi de les dades<\/strong> respecte a la nostra sortida de final d\u00b4etapa, seguidament vam <em>compartir les accions que les fam\u00edlies estan portant a terme al respecte<\/em>, i finalment i en petits grups de treball vam fer petites <em>pluges d\u00b4idees<\/em> per establir <strong>possibles propostes<\/strong>.<\/p>\n<p>Seguidament vam compartir les nostres propostes en gran grup, les vam detallar i analitzar, tot determinant aquelles que resultaven <em>viables<\/em> i aquelles que no ho eren (<em>per diverses raons i circumst\u00e0ncies<\/em>).<\/p>\n<p>Per concloure amb el nostre <strong>petit estudi d\u00b4emprenedoria<\/strong>, vam establir les <em>propostes viables<\/em> i les vam incloure en un document per compartir amb les fam\u00edlies.<\/p>\n<p>Esperem que les nostres idees i suggeriments arribin a bon port!<\/p>\n<p><a href=\"https:\/\/agora.xtec.cat\/escolacanfabra\/album-fotos-2009c\/\">Aqu\u00ed<\/a> teniu algunes imatges del proc\u00e9s emprenedor i l\u00b4enlla\u00e7 al <a href=\"https:\/\/drive.google.com\/file\/d\/1wrKCXV3kM8TKblJ0-T9VtWbigjrVrW4u\/view?usp=sharing\">document final<\/a>!<\/p>\n<p>Continuar\u00e0&#8230;<\/p>\n","protected":false},"excerpt":{"rendered":"<p>Durant els darrers dies del 1r trimestre ens hem convertit en petits i petites emprenedores, tot cercant vies diverses i plenes d\u00b4enginy per tal que les nostres col\u00f2nies siguin el m\u00e9s econ\u00f2miques possibles. Primer va fer una an\u00e0lisi de les dades respecte a la nostra sortida de final d\u00b4etapa, seguidament vam compartir les accions que [&hellip;]<\/p>\n","protected":false},"author":3,"featured_media":22232,"comment_status":"open","ping_status":"closed","sticky":false,"template":"","format":"standard","meta":{"_bbp_topic_count":0,"_bbp_reply_count":0,"_bbp_total_topic_count":0,"_bbp_total_reply_count":0,"_bbp_voice_count":0,"_bbp_anonymous_reply_count":0,"_bbp_topic_count_hidden":0,"_bbp_reply_count_hidden":0,"_bbp_forum_subforum_count":0,"site-sidebar-layout":"default","site-content-layout":"","ast-site-content-layout":"","site-content-style":"default","site-sidebar-style":"default","ast-global-header-display":"","ast-banner-title-visibility":"","ast-main-header-display":"","ast-hfb-above-header-display":"","ast-hfb-below-header-display":"","ast-hfb-mobile-header-display":"","site-post-title":"","ast-breadcrumbs-content":"","ast-featured-img":"","footer-sml-layout":"","theme-transparent-header-meta":"","adv-header-id-meta":"","stick-header-meta":"","header-above-stick-meta":"","header-main-stick-meta":"","header-below-stick-meta":"","astra-migrate-meta-layouts":"default","ast-page-background-enabled":"default","ast-page-background-meta":{"desktop":{"background-color":"var(--ast-global-color-5)","background-image":"","background-repeat":"repeat","background-position":"center center","background-size":"auto","background-attachment":"scroll","background-type":"","background-media":"","overlay-type":"","overlay-color":"","overlay-opacity":"","overlay-gradient":""},"tablet":{"background-color":"","background-image":"","background-repeat":"repeat","background-position":"center center","background-size":"auto","background-attachment":"scroll","background-type":"","background-media":"","overlay-type":"","overlay-color":"","overlay-opacity":"","overlay-gradient":""},"mobile":{"background-color":"","background-image":"","background-repeat":"repeat","background-position":"center center","background-size":"auto","background-attachment":"scroll","background-type":"","background-media":"","overlay-type":"","overlay-color":"","overlay-opacity":"","overlay-gradient":""}},"ast-content-background-meta":{"desktop":{"background-color":"var(--ast-global-color-4)","background-image":"","background-repeat":"repeat","background-position":"center center","background-size":"auto","background-attachment":"scroll","background-type":"","background-media":"","overlay-type":"","overlay-color":"","overlay-opacity":"","overlay-gradient":""},"tablet":{"background-color":"var(--ast-global-color-4)","background-image":"","background-repeat":"repeat","background-position":"center center","background-size":"auto","background-attachment":"scroll","background-type":"","background-media":"","overlay-type":"","overlay-color":"","overlay-opacity":"","overlay-gradient":""},"mobile":{"background-color":"var(--ast-global-color-4)","background-image":"","background-repeat":"repeat","background-position":"center center","background-size":"auto","background-attachment":"scroll","background-type":"","background-media":"","overlay-type":"","overlay-color":"","overlay-opacity":"","overlay-gradient":""}},"footnotes":""},"categories":[1,71,4,263],"tags":[],"class_list":["post-22231","post","type-post","status-publish","format-standard","has-post-thumbnail","hentry","category-general","category-noticies","category-portada","category-primaria"],"post_mailing_queue_ids":[],"_links":{"self":[{"href":"https:\/\/agora.xtec.cat\/escolacanfabra\/wp-json\/wp\/v2\/posts\/22231","targetHints":{"allow":["GET"]}}],"collection":[{"href":"https:\/\/agora.xtec.cat\/escolacanfabra\/wp-json\/wp\/v2\/posts"}],"about":[{"href":"https:\/\/agora.xtec.cat\/escolacanfabra\/wp-json\/wp\/v2\/types\/post"}],"author":[{"embeddable":true,"href":"https:\/\/agora.xtec.cat\/escolacanfabra\/wp-json\/wp\/v2\/users\/3"}],"replies":[{"embeddable":true,"href":"https:\/\/agora.xtec.cat\/escolacanfabra\/wp-json\/wp\/v2\/comments?post=22231"}],"version-history":[{"count":1,"href":"https:\/\/agora.xtec.cat\/escolacanfabra\/wp-json\/wp\/v2\/posts\/22231\/revisions"}],"predecessor-version":[{"id":22233,"href":"https:\/\/agora.xtec.cat\/escolacanfabra\/wp-json\/wp\/v2\/posts\/22231\/revisions\/22233"}],"wp:featuredmedia":[{"embeddable":true,"href":"https:\/\/agora.xtec.cat\/escolacanfabra\/wp-json\/wp\/v2\/media\/22232"}],"wp:attachment":[{"href":"https:\/\/agora.xtec.cat\/escolacanfabra\/wp-json\/wp\/v2\/media?parent=22231"}],"wp:term":[{"taxonomy":"category","embeddable":true,"href":"https:\/\/agora.xtec.cat\/escolacanfabra\/wp-json\/wp\/v2\/categories?post=22231"},{"taxonomy":"post_tag","embeddable":true,"href":"https:\/\/agora.xtec.cat\/escolacanfabra\/wp-json\/wp\/v2\/tags?post=22231"}],"curies":[{"name":"wp","href":"https:\/\/api.w.org\/{rel}","templated":true}]}}