{"id":22228,"date":"2020-12-27T12:42:17","date_gmt":"2020-12-27T11:42:17","guid":{"rendered":"https:\/\/agora.xtec.cat\/escolacanfabra\/?p=22228"},"modified":"2020-12-27T12:42:17","modified_gmt":"2020-12-27T11:42:17","slug":"taller-sobre-malbaratament-alimentari_6ec","status":"publish","type":"post","link":"https:\/\/agora.xtec.cat\/escolacanfabra\/general\/taller-sobre-malbaratament-alimentari_6ec\/","title":{"rendered":"Taller sobre Malbaratament Alimentari_6\u00e8C"},"content":{"rendered":"<p>El passat 17 de desembre vam rebre la visita d\u00b4una persona que forma part de la <strong>Fundaci\u00f3 Espigoladors<\/strong>, amb qui vam realitzar un taller al voltant del <strong>Malbaratament Alimentari.<\/strong><\/p>\n<p>Vam realitzar diversos jocs i din\u00e0miques on ens vam <em>conscienciar sobre l\u00b4\u00fas i sobretot el mal \u00fas, que fem i es fa als diversos pa\u00efsos i regions del nostre planeta al voltant del menjar<\/em>; descobrint amb sorpresa i certa indignaci\u00f3 com entre tots i totes estem malbaratant tones i tones de menjar, que podrien abastir a tothom que ho necessita i alhora, que produeixen uns efectes mediambientals devastadors.<\/p>\n<p>Aix\u00ed doncs, entre tots i totes <strong>ens vam comprometre a realitzar petites accions di\u00e0ries per ajudar a la sostenibilitat i a un consum responsable i saludable.<\/strong><\/p>\n<p><a href=\"https:\/\/agora.xtec.cat\/escolacanfabra\/album-fotos-2009c\/\">Aqu\u00ed<\/a> teniu algunes imatges del taller!<\/p>\n<p>Per si voleu saber-ne m\u00e9s, us deixem un parell d\u00b4enlla\u00e7os molt interessants:<\/p>\n<p><a href=\"https:\/\/elmenjarnoesllenca.cat\/\">elmenjarnoesllenca.cat<\/a><\/p>\n<p><a href=\"https:\/\/espigoladors.cat\/\">espigoladors.cat<\/a><\/p>\n","protected":false},"excerpt":{"rendered":"<p>El passat 17 de desembre vam rebre la visita d\u00b4una persona que forma part de la Fundaci\u00f3 Espigoladors, amb qui vam realitzar un taller al voltant del Malbaratament Alimentari. Vam realitzar diversos jocs i din\u00e0miques on ens vam conscienciar sobre l\u00b4\u00fas i sobretot el mal \u00fas, que fem i es fa als diversos pa\u00efsos i [&hellip;]<\/p>\n","protected":false},"author":3,"featured_media":22229,"comment_status":"open","ping_status":"closed","sticky":false,"template":"","format":"standard","meta":{"_bbp_topic_count":0,"_bbp_reply_count":0,"_bbp_total_topic_count":0,"_bbp_total_reply_count":0,"_bbp_voice_count":0,"_bbp_anonymous_reply_count":0,"_bbp_topic_count_hidden":0,"_bbp_reply_count_hidden":0,"_bbp_forum_subforum_count":0,"site-sidebar-layout":"default","site-content-layout":"","ast-site-content-layout":"","site-content-style":"default","site-sidebar-style":"default","ast-global-header-display":"","ast-banner-title-visibility":"","ast-main-header-display":"","ast-hfb-above-header-display":"","ast-hfb-below-header-display":"","ast-hfb-mobile-header-display":"","site-post-title":"","ast-breadcrumbs-content":"","ast-featured-img":"","footer-sml-layout":"","theme-transparent-header-meta":"","adv-header-id-meta":"","stick-header-meta":"","header-above-stick-meta":"","header-main-stick-meta":"","header-below-stick-meta":"","astra-migrate-meta-layouts":"default","ast-page-background-enabled":"default","ast-page-background-meta":{"desktop":{"background-color":"var(--ast-global-color-5)","background-image":"","background-repeat":"repeat","background-position":"center center","background-size":"auto","background-attachment":"scroll","background-type":"","background-media":"","overlay-type":"","overlay-color":"","overlay-opacity":"","overlay-gradient":""},"tablet":{"background-color":"","background-image":"","background-repeat":"repeat","background-position":"center center","background-size":"auto","background-attachment":"scroll","background-type":"","background-media":"","overlay-type":"","overlay-color":"","overlay-opacity":"","overlay-gradient":""},"mobile":{"background-color":"","background-image":"","background-repeat":"repeat","background-position":"center center","background-size":"auto","background-attachment":"scroll","background-type":"","background-media":"","overlay-type":"","overlay-color":"","overlay-opacity":"","overlay-gradient":""}},"ast-content-background-meta":{"desktop":{"background-color":"var(--ast-global-color-4)","background-image":"","background-repeat":"repeat","background-position":"center center","background-size":"auto","background-attachment":"scroll","background-type":"","background-media":"","overlay-type":"","overlay-color":"","overlay-opacity":"","overlay-gradient":""},"tablet":{"background-color":"var(--ast-global-color-4)","background-image":"","background-repeat":"repeat","background-position":"center center","background-size":"auto","background-attachment":"scroll","background-type":"","background-media":"","overlay-type":"","overlay-color":"","overlay-opacity":"","overlay-gradient":""},"mobile":{"background-color":"var(--ast-global-color-4)","background-image":"","background-repeat":"repeat","background-position":"center center","background-size":"auto","background-attachment":"scroll","background-type":"","background-media":"","overlay-type":"","overlay-color":"","overlay-opacity":"","overlay-gradient":""}},"footnotes":""},"categories":[1,71,4,263],"tags":[],"class_list":["post-22228","post","type-post","status-publish","format-standard","has-post-thumbnail","hentry","category-general","category-noticies","category-portada","category-primaria"],"post_mailing_queue_ids":[],"_links":{"self":[{"href":"https:\/\/agora.xtec.cat\/escolacanfabra\/wp-json\/wp\/v2\/posts\/22228","targetHints":{"allow":["GET"]}}],"collection":[{"href":"https:\/\/agora.xtec.cat\/escolacanfabra\/wp-json\/wp\/v2\/posts"}],"about":[{"href":"https:\/\/agora.xtec.cat\/escolacanfabra\/wp-json\/wp\/v2\/types\/post"}],"author":[{"embeddable":true,"href":"https:\/\/agora.xtec.cat\/escolacanfabra\/wp-json\/wp\/v2\/users\/3"}],"replies":[{"embeddable":true,"href":"https:\/\/agora.xtec.cat\/escolacanfabra\/wp-json\/wp\/v2\/comments?post=22228"}],"version-history":[{"count":1,"href":"https:\/\/agora.xtec.cat\/escolacanfabra\/wp-json\/wp\/v2\/posts\/22228\/revisions"}],"predecessor-version":[{"id":22230,"href":"https:\/\/agora.xtec.cat\/escolacanfabra\/wp-json\/wp\/v2\/posts\/22228\/revisions\/22230"}],"wp:featuredmedia":[{"embeddable":true,"href":"https:\/\/agora.xtec.cat\/escolacanfabra\/wp-json\/wp\/v2\/media\/22229"}],"wp:attachment":[{"href":"https:\/\/agora.xtec.cat\/escolacanfabra\/wp-json\/wp\/v2\/media?parent=22228"}],"wp:term":[{"taxonomy":"category","embeddable":true,"href":"https:\/\/agora.xtec.cat\/escolacanfabra\/wp-json\/wp\/v2\/categories?post=22228"},{"taxonomy":"post_tag","embeddable":true,"href":"https:\/\/agora.xtec.cat\/escolacanfabra\/wp-json\/wp\/v2\/tags?post=22228"}],"curies":[{"name":"wp","href":"https:\/\/api.w.org\/{rel}","templated":true}]}}