{"id":22225,"date":"2020-12-27T12:22:44","date_gmt":"2020-12-27T11:22:44","guid":{"rendered":"https:\/\/agora.xtec.cat\/escolacanfabra\/?p=22225"},"modified":"2020-12-27T12:22:44","modified_gmt":"2020-12-27T11:22:44","slug":"corrandescola-a-6ec_una-nadala-col-laborativa","status":"publish","type":"post","link":"https:\/\/agora.xtec.cat\/escolacanfabra\/general\/corrandescola-a-6ec_una-nadala-col-laborativa\/","title":{"rendered":"Corrandescola a 6\u00e8C_Una nadala col.laborativa"},"content":{"rendered":"<p>Al llarg del primer trimestre hem estat treballant les <strong>&#8220;Corrandes&#8221;<\/strong>, tant a l\u00b4<em>espai de Llengua<\/em> com a les sessions d\u00b4<em>Ed.Musical<\/em>, i ens estem convertint en petits i petites expertes en &#8220;glosar&#8221; i fer nyacres.<\/p>\n<p>A inicis del mes de desembre vam participar en una <strong>sessi\u00f3 col.laborativa virtual<\/strong> amb les escoles que participen d\u00b4aquesta activitat arreu de Barcelona, on els formadors i alhora glosadors, ens vam mostrar les seves capacitats d\u00b4improvisaci\u00f3, enginy i domini del llenguatge.<\/p>\n<p>Seguidament, vam decidir que ens convertir\u00edem en <em>&#8220;glosadors&#8221;, amb la inestimable ajuda i col.laboraci\u00f3 de la <strong>Merc\u00e8<\/strong> (la mestra de M\u00fasica),<\/em>\u00a0i vam iniciar diverses sessions de treball col.laboratiu per<strong> confegir la nostra pr\u00f2pia nadala<\/strong>.<\/p>\n<p>I aix\u00ed va ser, en un parell de sessions vam aconseguir una nadala feta per nosaltres mateixos amb corrandes, compartint i reflexionant sobre l\u00b4\u00fas de la llengua alhora que pos\u00e0vem en marxa les nostres connexions musicals i nadalenques.<\/p>\n<p>Esperem que us agradi, <a href=\"https:\/\/agora.xtec.cat\/escolacanfabra\/album-fotos-2009c\/\">aqu\u00ed<\/a> trobareu el recull del proc\u00e9s..<\/p>\n","protected":false},"excerpt":{"rendered":"<p>Al llarg del primer trimestre hem estat treballant les &#8220;Corrandes&#8221;, tant a l\u00b4espai de Llengua com a les sessions d\u00b4Ed.Musical, i ens estem convertint en petits i petites expertes en &#8220;glosar&#8221; i fer nyacres. A inicis del mes de desembre vam participar en una sessi\u00f3 col.laborativa virtual amb les escoles que participen d\u00b4aquesta activitat arreu [&hellip;]<\/p>\n","protected":false},"author":3,"featured_media":22226,"comment_status":"open","ping_status":"closed","sticky":false,"template":"","format":"standard","meta":{"_bbp_topic_count":0,"_bbp_reply_count":0,"_bbp_total_topic_count":0,"_bbp_total_reply_count":0,"_bbp_voice_count":0,"_bbp_anonymous_reply_count":0,"_bbp_topic_count_hidden":0,"_bbp_reply_count_hidden":0,"_bbp_forum_subforum_count":0,"site-sidebar-layout":"default","site-content-layout":"","ast-site-content-layout":"","site-content-style":"default","site-sidebar-style":"default","ast-global-header-display":"","ast-banner-title-visibility":"","ast-main-header-display":"","ast-hfb-above-header-display":"","ast-hfb-below-header-display":"","ast-hfb-mobile-header-display":"","site-post-title":"","ast-breadcrumbs-content":"","ast-featured-img":"","footer-sml-layout":"","theme-transparent-header-meta":"","adv-header-id-meta":"","stick-header-meta":"","header-above-stick-meta":"","header-main-stick-meta":"","header-below-stick-meta":"","astra-migrate-meta-layouts":"default","ast-page-background-enabled":"default","ast-page-background-meta":{"desktop":{"background-color":"var(--ast-global-color-5)","background-image":"","background-repeat":"repeat","background-position":"center center","background-size":"auto","background-attachment":"scroll","background-type":"","background-media":"","overlay-type":"","overlay-color":"","overlay-opacity":"","overlay-gradient":""},"tablet":{"background-color":"","background-image":"","background-repeat":"repeat","background-position":"center center","background-size":"auto","background-attachment":"scroll","background-type":"","background-media":"","overlay-type":"","overlay-color":"","overlay-opacity":"","overlay-gradient":""},"mobile":{"background-color":"","background-image":"","background-repeat":"repeat","background-position":"center center","background-size":"auto","background-attachment":"scroll","background-type":"","background-media":"","overlay-type":"","overlay-color":"","overlay-opacity":"","overlay-gradient":""}},"ast-content-background-meta":{"desktop":{"background-color":"var(--ast-global-color-4)","background-image":"","background-repeat":"repeat","background-position":"center center","background-size":"auto","background-attachment":"scroll","background-type":"","background-media":"","overlay-type":"","overlay-color":"","overlay-opacity":"","overlay-gradient":""},"tablet":{"background-color":"var(--ast-global-color-4)","background-image":"","background-repeat":"repeat","background-position":"center center","background-size":"auto","background-attachment":"scroll","background-type":"","background-media":"","overlay-type":"","overlay-color":"","overlay-opacity":"","overlay-gradient":""},"mobile":{"background-color":"var(--ast-global-color-4)","background-image":"","background-repeat":"repeat","background-position":"center center","background-size":"auto","background-attachment":"scroll","background-type":"","background-media":"","overlay-type":"","overlay-color":"","overlay-opacity":"","overlay-gradient":""}},"footnotes":""},"categories":[1,71,4,263],"tags":[],"class_list":["post-22225","post","type-post","status-publish","format-standard","has-post-thumbnail","hentry","category-general","category-noticies","category-portada","category-primaria"],"post_mailing_queue_ids":[],"_links":{"self":[{"href":"https:\/\/agora.xtec.cat\/escolacanfabra\/wp-json\/wp\/v2\/posts\/22225","targetHints":{"allow":["GET"]}}],"collection":[{"href":"https:\/\/agora.xtec.cat\/escolacanfabra\/wp-json\/wp\/v2\/posts"}],"about":[{"href":"https:\/\/agora.xtec.cat\/escolacanfabra\/wp-json\/wp\/v2\/types\/post"}],"author":[{"embeddable":true,"href":"https:\/\/agora.xtec.cat\/escolacanfabra\/wp-json\/wp\/v2\/users\/3"}],"replies":[{"embeddable":true,"href":"https:\/\/agora.xtec.cat\/escolacanfabra\/wp-json\/wp\/v2\/comments?post=22225"}],"version-history":[{"count":1,"href":"https:\/\/agora.xtec.cat\/escolacanfabra\/wp-json\/wp\/v2\/posts\/22225\/revisions"}],"predecessor-version":[{"id":22227,"href":"https:\/\/agora.xtec.cat\/escolacanfabra\/wp-json\/wp\/v2\/posts\/22225\/revisions\/22227"}],"wp:featuredmedia":[{"embeddable":true,"href":"https:\/\/agora.xtec.cat\/escolacanfabra\/wp-json\/wp\/v2\/media\/22226"}],"wp:attachment":[{"href":"https:\/\/agora.xtec.cat\/escolacanfabra\/wp-json\/wp\/v2\/media?parent=22225"}],"wp:term":[{"taxonomy":"category","embeddable":true,"href":"https:\/\/agora.xtec.cat\/escolacanfabra\/wp-json\/wp\/v2\/categories?post=22225"},{"taxonomy":"post_tag","embeddable":true,"href":"https:\/\/agora.xtec.cat\/escolacanfabra\/wp-json\/wp\/v2\/tags?post=22225"}],"curies":[{"name":"wp","href":"https:\/\/api.w.org\/{rel}","templated":true}]}}