{"id":22222,"date":"2020-12-27T12:11:54","date_gmt":"2020-12-27T11:11:54","guid":{"rendered":"https:\/\/agora.xtec.cat\/escolacanfabra\/?p=22222"},"modified":"2020-12-30T09:24:07","modified_gmt":"2020-12-30T08:24:07","slug":"projecte-refugis-climatics_aprenem-a-fer-servir-les-bruixoles","status":"publish","type":"post","link":"https:\/\/agora.xtec.cat\/escolacanfabra\/general\/projecte-refugis-climatics_aprenem-a-fer-servir-les-bruixoles\/","title":{"rendered":"Projecte Refugis Clim\u00e0tics_Aprenem a fer servir les br\u00faixoles_6\u00e8C"},"content":{"rendered":"<p>Per tal d\u00b4esbrinar l\u00b4<em>orientaci\u00f3 del nostre edifici<\/em>, ja que estem investigant i analitzant la incid\u00e8ncia solar a la nostra escola durant les sessions del Projecte sobre Refugis Clim\u00e0tics, hem decidit fer <strong>treball de camp<\/strong> i aprendre a orientar-nos fent servir les <strong>br\u00faixoles<\/strong>.<\/p>\n<p>Abans de passar a l\u00b4acci\u00f3, vam recordar i revisar quins s\u00f3n els <strong>punts cardinals<\/strong> i all\u00f2 que signifiquen, seguidament vam fer <em>petites proves a l\u00b4aula<\/em>, per fer un \u00fas cur\u00f3s i adequat del material; i finalment, fent petits grups de treball vam baixar al pati per tractar d\u00b4esbrinar l\u00b4orientaci\u00f3 del nostre edifici.<\/p>\n<p>En principi pens\u00e0vem que seria una tasca f\u00e0cil i r\u00e0pida, per\u00f2 no va ser aix\u00ed, ens va caldre paci\u00e8ncia, delicadesa i capacitat d\u00b4observaci\u00f3 i raonament.<\/p>\n<p>Un cop tots els grups van acabar de fer les seves indagacions vam retornar a l\u00b4aula i vam establir les <em>conclusions comunes al respecte:<\/em><\/p>\n<ul>\n<li>La fa\u00e7ana de la nostra escola est\u00e0 orientada al <strong>sud-est<\/strong>: fet pel qual la <em>incid\u00e8ncia del sol \u00e9s elevada o molt elevada durant la jornada escolar.<\/em><\/li>\n<li>Aquest fet ajuda a fer que la <strong>despesa energ\u00e8tica<\/strong> del nostre edifici sigui <strong>menor<\/strong> i per tant, les emissions (que controlen els sensors instal.lats) estiguin dintre d\u00b4uns par\u00e0metres m\u00e9s sostenibles.<\/li>\n<li>Tot i que hem de seguir treballant i col.laborant per la <strong>major efici\u00e8ncia energ\u00e8tica i la sostenibilitat<\/strong> de la nostra escola.<\/li>\n<\/ul>\n<p>Podeu les imatges <a href=\"https:\/\/agora.xtec.cat\/escolacanfabra\/album-fotos-2009c\/\">a continuaci\u00f3<\/a>&#8230;<\/p>\n","protected":false},"excerpt":{"rendered":"<p>Per tal d\u00b4esbrinar l\u00b4orientaci\u00f3 del nostre edifici, ja que estem investigant i analitzant la incid\u00e8ncia solar a la nostra escola durant les sessions del Projecte sobre Refugis Clim\u00e0tics, hem decidit fer treball de camp i aprendre a orientar-nos fent servir les br\u00faixoles. Abans de passar a l\u00b4acci\u00f3, vam recordar i revisar quins s\u00f3n els punts [&hellip;]<\/p>\n","protected":false},"author":3,"featured_media":22223,"comment_status":"open","ping_status":"closed","sticky":false,"template":"","format":"standard","meta":{"_bbp_topic_count":0,"_bbp_reply_count":0,"_bbp_total_topic_count":0,"_bbp_total_reply_count":0,"_bbp_voice_count":0,"_bbp_anonymous_reply_count":0,"_bbp_topic_count_hidden":0,"_bbp_reply_count_hidden":0,"_bbp_forum_subforum_count":0,"site-sidebar-layout":"default","site-content-layout":"","ast-site-content-layout":"","site-content-style":"default","site-sidebar-style":"default","ast-global-header-display":"","ast-banner-title-visibility":"","ast-main-header-display":"","ast-hfb-above-header-display":"","ast-hfb-below-header-display":"","ast-hfb-mobile-header-display":"","site-post-title":"","ast-breadcrumbs-content":"","ast-featured-img":"","footer-sml-layout":"","theme-transparent-header-meta":"","adv-header-id-meta":"","stick-header-meta":"","header-above-stick-meta":"","header-main-stick-meta":"","header-below-stick-meta":"","astra-migrate-meta-layouts":"default","ast-page-background-enabled":"default","ast-page-background-meta":{"desktop":{"background-color":"var(--ast-global-color-5)","background-image":"","background-repeat":"repeat","background-position":"center center","background-size":"auto","background-attachment":"scroll","background-type":"","background-media":"","overlay-type":"","overlay-color":"","overlay-opacity":"","overlay-gradient":""},"tablet":{"background-color":"","background-image":"","background-repeat":"repeat","background-position":"center center","background-size":"auto","background-attachment":"scroll","background-type":"","background-media":"","overlay-type":"","overlay-color":"","overlay-opacity":"","overlay-gradient":""},"mobile":{"background-color":"","background-image":"","background-repeat":"repeat","background-position":"center center","background-size":"auto","background-attachment":"scroll","background-type":"","background-media":"","overlay-type":"","overlay-color":"","overlay-opacity":"","overlay-gradient":""}},"ast-content-background-meta":{"desktop":{"background-color":"var(--ast-global-color-4)","background-image":"","background-repeat":"repeat","background-position":"center center","background-size":"auto","background-attachment":"scroll","background-type":"","background-media":"","overlay-type":"","overlay-color":"","overlay-opacity":"","overlay-gradient":""},"tablet":{"background-color":"var(--ast-global-color-4)","background-image":"","background-repeat":"repeat","background-position":"center center","background-size":"auto","background-attachment":"scroll","background-type":"","background-media":"","overlay-type":"","overlay-color":"","overlay-opacity":"","overlay-gradient":""},"mobile":{"background-color":"var(--ast-global-color-4)","background-image":"","background-repeat":"repeat","background-position":"center center","background-size":"auto","background-attachment":"scroll","background-type":"","background-media":"","overlay-type":"","overlay-color":"","overlay-opacity":"","overlay-gradient":""}},"footnotes":""},"categories":[1,71,4,263],"tags":[],"class_list":["post-22222","post","type-post","status-publish","format-standard","has-post-thumbnail","hentry","category-general","category-noticies","category-portada","category-primaria"],"post_mailing_queue_ids":[],"_links":{"self":[{"href":"https:\/\/agora.xtec.cat\/escolacanfabra\/wp-json\/wp\/v2\/posts\/22222","targetHints":{"allow":["GET"]}}],"collection":[{"href":"https:\/\/agora.xtec.cat\/escolacanfabra\/wp-json\/wp\/v2\/posts"}],"about":[{"href":"https:\/\/agora.xtec.cat\/escolacanfabra\/wp-json\/wp\/v2\/types\/post"}],"author":[{"embeddable":true,"href":"https:\/\/agora.xtec.cat\/escolacanfabra\/wp-json\/wp\/v2\/users\/3"}],"replies":[{"embeddable":true,"href":"https:\/\/agora.xtec.cat\/escolacanfabra\/wp-json\/wp\/v2\/comments?post=22222"}],"version-history":[{"count":2,"href":"https:\/\/agora.xtec.cat\/escolacanfabra\/wp-json\/wp\/v2\/posts\/22222\/revisions"}],"predecessor-version":[{"id":22247,"href":"https:\/\/agora.xtec.cat\/escolacanfabra\/wp-json\/wp\/v2\/posts\/22222\/revisions\/22247"}],"wp:featuredmedia":[{"embeddable":true,"href":"https:\/\/agora.xtec.cat\/escolacanfabra\/wp-json\/wp\/v2\/media\/22223"}],"wp:attachment":[{"href":"https:\/\/agora.xtec.cat\/escolacanfabra\/wp-json\/wp\/v2\/media?parent=22222"}],"wp:term":[{"taxonomy":"category","embeddable":true,"href":"https:\/\/agora.xtec.cat\/escolacanfabra\/wp-json\/wp\/v2\/categories?post=22222"},{"taxonomy":"post_tag","embeddable":true,"href":"https:\/\/agora.xtec.cat\/escolacanfabra\/wp-json\/wp\/v2\/tags?post=22222"}],"curies":[{"name":"wp","href":"https:\/\/api.w.org\/{rel}","templated":true}]}}